{"id":127726,"date":"2025-09-20T16:16:09","date_gmt":"2025-09-20T16:16:09","guid":{"rendered":"https:\/\/www.europesays.com\/es\/127726\/"},"modified":"2025-09-20T16:16:09","modified_gmt":"2025-09-20T16:16:09","slug":"el-sol-esta-mucho-mas-activo-de-lo-normal-y-ni-siquiera-la-nasa-sabe-por-que","status":"publish","type":"post","link":"https:\/\/www.europesays.com\/es\/127726\/","title":{"rendered":"El Sol est\u00e1 \u00abmucho m\u00e1s activo de lo normal\u00bb y ni siquiera la NASA sabe por qu\u00e9"},"content":{"rendered":"<p>El pico m\u00e1ximo de actividad del Sol en este ciclo se est\u00e1 prolongando por encima de lo esperado<\/p>\n<p><img decoding=\"async\" fetchpriority=\"high\" width=\"768\" height=\"432\" alt=\"El Sol est\u00e1 &quot;mucho m\u00e1s activo de lo normal&quot; y ni siquiera la NASA sabe por qu\u00e9\" src=\"https:\/\/www.europesays.com\/es\/wp-content\/uploads\/2025\/09\/el-sol.webp\"\/> Las manchas solares sirven a la comunidad cient\u00edfica para cuantificar la actividad solar en cada momento del a\u00f1o<\/p>\n<p>\u00danete a la conversaci\u00f3n<\/p>\n<p><strong>El Sol<\/strong>, adem\u00e1s de ser el astro m\u00e1s importante en el cielo <strong>para nuestra existencia<\/strong> (si desapareciera, la vida de la Tierra se esfumar\u00eda en cuesti\u00f3n de minutos) sigue siendo un cuerpo celeste lleno de misterios. De hecho, incluso par\u00e1metros que llevamos siglos monitorizando, como su actividad en base a las manchas solares, <a href=\"https:\/\/andro4all.com\/ciencia\/una-llamarada-solar-extrema-podria-azotar-la-tierra-es-un-fenomeno-mas-normal-de-lo-que-se-pensaba\" rel=\"nofollow noopener\" target=\"_blank\">llamaradas y otros sucesos<\/a>, hacen a la NASA dudar de <strong>qu\u00e9 puede estar influyendo al comportamiento del Sol<\/strong>. Y es que, si su pico de m\u00e1xima actividad ya se hab\u00eda alcanzado, la predecible ca\u00edda de actividad <strong>no se ha producido<\/strong>.<\/p>\n<p>El sol, ante un ciclo de actividad at\u00edpico<\/p>\n<p>Lo primero de todo, para <strong>evitar relatos catastrofistas<\/strong>, es importante remarcar que no existe ning\u00fan indicio de que el Sol vaya a \u00abapagarse\u00bb; de hecho, se espera que eso ocurra <strong>dentro de miles de millones de a\u00f1os<\/strong>. Sin embargo, este mismo a\u00f1o, el Sol est\u00e1 mostrando un comportamiento an\u00f3malo, alej\u00e1ndose del <strong>patr\u00f3n marcado desde hace siglos<\/strong> por los cient\u00edficos, en el que, con unos ciclos de unos 11 a\u00f1os, el Sol acostumbra a aumentar y reducir su actividad de manera c\u00edclica. Pero esta vez, <strong>su ciclo de alta actividad<\/strong> no se ha detenido.<\/p>\n<p>Esta investigaci\u00f3n, publicada el pasado 8 de septiembre por la revista cient\u00edfica <a href=\"https:\/\/iopscience.iop.org\/article\/10.3847\/2041-8213\/adf3a6\" rel=\"noopener nofollow\" target=\"_blank\">The Astrophysical Journal Letters<\/a>, refleja que, si a lo largo de este 2025, <strong>el Sol deb\u00eda registrar una ca\u00edda de actividad<\/strong> que se prolongar\u00eda durante el pr\u00f3ximo lustro, dicha tendencia todav\u00eda no ha tenido lugar. De hecho, ha sido al contrario, ya que <strong>su actividad sigue aumentando<\/strong>, y nadie sabe por qu\u00e9. A lo largo de los registros de casi 300 a\u00f1os, el sol hab\u00eda registrado etapas de actividad inusualmente baja, pero no es tan frecuente que suceda al contrario.<\/p>\n<p>El criterio utilizado para estipular el nivel de actividad del Sol est\u00e1 marcado principalmente por <strong>el n\u00famero de manchas solares<\/strong> observables en el astro central <a href=\"https:\/\/andro4all.com\/ciencia\/un-objeto-interestelar-acaba-de-entrar-en-el-sistema-solar-y-tiene-a-toda-la-comunidad-cientifica-pendiente-de-el\" rel=\"nofollow noopener\" target=\"_blank\">del Sistema Solar<\/a>. A m\u00e1s manchas solares, m\u00e1s actividad est\u00e1 teniendo, y en sus ciclos de menor actividad, el n\u00famero de manchas observables <strong>suele ser cercano a cero<\/strong>.<\/p>\n<p><img decoding=\"async\" aria-describedby=\"caption-attachment-973754\" loading=\"lazy\" src=\"https:\/\/www.europesays.com\/es\/wp-content\/uploads\/2025\/09\/ciclos-manchas-solares.jpg\" alt=\"Ciclos manchas solares\" width=\"1367\" height=\"673\" class=\"size-large wp-image-973754\"  style=\"aspect-ratio:1367\/673\"\/><\/p>\n<p id=\"caption-attachment-973754\" class=\"wp-caption-text\">Los ciclos de manchas solares de los \u00faltimos siglos muestran la c\u00edclica tendencia de actividad solar cada 11 a\u00f1os<\/p>\n<p>Los secretos del Sol para la humanidad<\/p>\n<p>Esto es, por tanto, una prueba de que, en pleno 2025, todav\u00eda <strong>nos falta mucho por saber sobre el Sol<\/strong>. Asimismo, aunque su etapa de alta actividad se ha prolongado por encima de sus plazos habituales, la realidad es que dicha actividad todav\u00eda <strong>se sigue manteniendo en cifras promedio<\/strong> respecto a dichos registros, pese a que, en sus \u00faltimos ciclos, dichos picos de mayor actividad tambi\u00e9n hab\u00edan estado por debajo de la media.<\/p>\n<p>Por el momento, solo cabe esperar mientras se sigue <strong>observando la actividad del Sol<\/strong>. La duraci\u00f3n del ciclo de aumento de actividad puede haber superado los umbrales habituales, pero es cuesti\u00f3n de tiempo que <strong>el Sol comience a reducir su actividad<\/strong> siguiendo, con mayor o menor precisi\u00f3n, su ciclo visible desde que se comenzaron a llevar registros hace siglos.<\/p>\n<p>\u00danete a la conversaci\u00f3n<\/p>\n","protected":false},"excerpt":{"rendered":"El pico m\u00e1ximo de actividad del Sol en este ciclo se est\u00e1 prolongando por encima de lo esperado&hellip;\n","protected":false},"author":2,"featured_media":127727,"comment_status":"","ping_status":"","sticky":false,"template":"","format":"standard","meta":{"footnotes":""},"categories":[81],"tags":[119,123,124,25,24,117,121,122,23,118,120],"class_list":{"0":"post-127726","1":"post","2":"type-post","3":"status-publish","4":"format-standard","5":"has-post-thumbnail","7":"category-ciencia-y-tecnologia","8":"tag-ciencia","9":"tag-ciencia-y-tecnologia","10":"tag-cienciaytecnologia","11":"tag-es","12":"tag-espana","13":"tag-science","14":"tag-science-and-technology","15":"tag-scienceandtechnology","16":"tag-spain","17":"tag-technology","18":"tag-tecnologia"},"share_on_mastodon":{"url":"","error":""},"_links":{"self":[{"href":"https:\/\/www.europesays.com\/es\/wp-json\/wp\/v2\/posts\/127726","targetHints":{"allow":["GET"]}}],"collection":[{"href":"https:\/\/www.europesays.com\/es\/wp-json\/wp\/v2\/posts"}],"about":[{"href":"https:\/\/www.europesays.com\/es\/wp-json\/wp\/v2\/types\/post"}],"author":[{"embeddable":true,"href":"https:\/\/www.europesays.com\/es\/wp-json\/wp\/v2\/users\/2"}],"replies":[{"embeddable":true,"href":"https:\/\/www.europesays.com\/es\/wp-json\/wp\/v2\/comments?post=127726"}],"version-history":[{"count":0,"href":"https:\/\/www.europesays.com\/es\/wp-json\/wp\/v2\/posts\/127726\/revisions"}],"wp:featuredmedia":[{"embeddable":true,"href":"https:\/\/www.europesays.com\/es\/wp-json\/wp\/v2\/media\/127727"}],"wp:attachment":[{"href":"https:\/\/www.europesays.com\/es\/wp-json\/wp\/v2\/media?parent=127726"}],"wp:term":[{"taxonomy":"category","embeddable":true,"href":"https:\/\/www.europesays.com\/es\/wp-json\/wp\/v2\/categories?post=127726"},{"taxonomy":"post_tag","embeddable":true,"href":"https:\/\/www.europesays.com\/es\/wp-json\/wp\/v2\/tags?post=127726"}],"curies":[{"name":"wp","href":"https:\/\/api.w.org\/{rel}","templated":true}]}}