{"id":127740,"date":"2025-09-20T16:26:12","date_gmt":"2025-09-20T16:26:12","guid":{"rendered":"https:\/\/www.europesays.com\/es\/127740\/"},"modified":"2025-09-20T16:26:12","modified_gmt":"2025-09-20T16:26:12","slug":"la-martxa-btt-de-mercedes-retoma-su-ruta-por-los-montes-de-vitoria","status":"publish","type":"post","link":"https:\/\/www.europesays.com\/es\/127740\/","title":{"rendered":"La Martxa BTT de Mercedes retoma su ruta por los Montes de Vitoria"},"content":{"rendered":"<p>La <strong>Martxa BTT Mercedes-Benz<\/strong> vuelve a los Montes de Vitoria este <strong>domingo 21 de septiembre<\/strong>. Y lo hace con \u00e9xito en las inscripciones. Esta marcha no competitiva ha c<strong>ompletado el cupo de inscripciones<\/strong> con 650 para la carrera adulta y 215 para la de los peques.<\/p>\n<p>En la categor\u00eda adulta llegar\u00e1n ciclistas de diferentes territorios como Bizkaia, Gipuzkoa, Navarra, La Rioja, Castilla Le\u00f3n o Cantabria. Organizado por la secci\u00f3n BTT de la Agrupaci\u00f3n Deportiva y Cultural Mercedes-Benz, el evento <strong>tendr\u00e1 su punto de salida y llegada en las campas de Olarizu.<\/strong><\/p>\n<p>\t\t\t\t\t\t\tPUBLICIDAD &#8211; SIGUE LEYENDO ABAJO<br \/>\n\t\t\t\t\t\t\t<a rel=\"noreferrer nofollow noopener\" href=\"https:\/\/www.aek.eus\/es-es\/\/euskara-eroso\" target=\"_blank\"><br \/>\n\t\t\t\t\t\t\t\t<img decoding=\"async\" width=\"400px\" height=\"400px\" layout=\"responsive\" data-category=\"banner-AEK-segparr\" id=\"segundoparr\" class=\"banclick\" src=\"https:\/\/www.europesays.com\/es\/wp-content\/uploads\/2025\/09\/publicidad-segundo-parrafo-60.gif\"\/><br \/>\n\t\t\t\t\t\t\t<\/a><\/p>\n<p><img fetchpriority=\"high\" decoding=\"async\" class=\"aligncenter wp-image-259960 size-full\" src=\"https:\/\/www.europesays.com\/es\/wp-content\/uploads\/2025\/09\/BTT_Mercedes_Benz_2024_08855-scaled-1.jpg\" alt=\"\" width=\"1200\" height=\"800\"  \/><\/p>\n<p>La carrera adulta tendr\u00e1 dos modalidades de marcha para disfrutar de unos bonitos recorridos por los montes de Vitoria:<\/p>\n<ul>\n<li>La corta, de 34 kil\u00f3metros con 700 metros de desnivel.<\/li>\n<li>La larga, con 54 kil\u00f3metros y 1.300 metros de desnivel.<\/li>\n<\/ul>\n<p>Adem\u00e1s, se celebrar\u00e1 <strong>la IV Martxa Txiki<\/strong> con salida a las 9:15 en Olarizu y tres categor\u00edas seg\u00fan la edad:<\/p>\n<p>\t\t\t\t\t\tPUBLICIDAD &#8211; SIGUE LEYENDO ABAJO<br \/>\n\t\t\t\t\t\t<a rel=\"noreferrer nofollow noopener\" href=\"https:\/\/www.hyundai.es\/concesionarios\/autolasa\" target=\"_blank\"><br \/>\n\t\t\t\t\t\t\t<img decoding=\"async\" width=\"400px\" height=\"400px\" layout=\"responsive\" data-category=\"banner-Hyundai-autolasa\" id=\"quintoparr\" class=\"banclick\" src=\"https:\/\/www.europesays.com\/es\/wp-content\/uploads\/2025\/09\/publicidad-quinto-parrafo-32.gif\"\/><br \/>\n\t\t\t\t\t\t<\/a><\/p>\n<ul>\n<li>Hasta los 7 a\u00f1os, 2,5 km (una vuelta), que transcurre por el parque de Olarizu.<\/li>\n<li>De 7 a 12 a\u00f1os, 7,5 km (3 vueltas), que transitan por el parque de Olarizu y alrededores.<\/li>\n<li>De 12 a 16 a\u00f1os, 15km (6 vueltas a un recorrido trazado por las campas de Olarizu).<\/li>\n<\/ul>\n<p>Dentro de esta franja de edad para los participantes de cierta experiencia y habilidades se les ofrecer\u00e1 un recorrido por las inmediaciones de las campas de Olarizu por monte.<\/p>\n","protected":false},"excerpt":{"rendered":"La Martxa BTT Mercedes-Benz vuelve a los Montes de Vitoria este domingo 21 de septiembre. Y lo hace&hellip;\n","protected":false},"author":2,"featured_media":127741,"comment_status":"","ping_status":"","sticky":false,"template":"","format":"standard","meta":{"footnotes":""},"categories":[273],"tags":[313,312,168,25,24,23,167],"class_list":{"0":"post-127740","1":"post","2":"type-post","3":"status-publish","4":"format-standard","5":"has-post-thumbnail","7":"category-ciclismo","8":"tag-ciclismo","9":"tag-cycling","10":"tag-deportes","11":"tag-es","12":"tag-espana","13":"tag-spain","14":"tag-sports"},"share_on_mastodon":{"url":"","error":""},"_links":{"self":[{"href":"https:\/\/www.europesays.com\/es\/wp-json\/wp\/v2\/posts\/127740","targetHints":{"allow":["GET"]}}],"collection":[{"href":"https:\/\/www.europesays.com\/es\/wp-json\/wp\/v2\/posts"}],"about":[{"href":"https:\/\/www.europesays.com\/es\/wp-json\/wp\/v2\/types\/post"}],"author":[{"embeddable":true,"href":"https:\/\/www.europesays.com\/es\/wp-json\/wp\/v2\/users\/2"}],"replies":[{"embeddable":true,"href":"https:\/\/www.europesays.com\/es\/wp-json\/wp\/v2\/comments?post=127740"}],"version-history":[{"count":0,"href":"https:\/\/www.europesays.com\/es\/wp-json\/wp\/v2\/posts\/127740\/revisions"}],"wp:featuredmedia":[{"embeddable":true,"href":"https:\/\/www.europesays.com\/es\/wp-json\/wp\/v2\/media\/127741"}],"wp:attachment":[{"href":"https:\/\/www.europesays.com\/es\/wp-json\/wp\/v2\/media?parent=127740"}],"wp:term":[{"taxonomy":"category","embeddable":true,"href":"https:\/\/www.europesays.com\/es\/wp-json\/wp\/v2\/categories?post=127740"},{"taxonomy":"post_tag","embeddable":true,"href":"https:\/\/www.europesays.com\/es\/wp-json\/wp\/v2\/tags?post=127740"}],"curies":[{"name":"wp","href":"https:\/\/api.w.org\/{rel}","templated":true}]}}