{"id":127742,"date":"2025-09-20T16:27:07","date_gmt":"2025-09-20T16:27:07","guid":{"rendered":"https:\/\/www.europesays.com\/es\/127742\/"},"modified":"2025-09-20T16:27:07","modified_gmt":"2025-09-20T16:27:07","slug":"alonso-salva-los-muebles-as-com","status":"publish","type":"post","link":"https:\/\/www.europesays.com\/es\/127742\/","title":{"rendered":"Alonso salva los muebles &#8211; AS.com"},"content":{"rendered":"<p class=\"\"><b>Alonso se qued\u00f3 a unas mil\u00e9simas de pasar el corte hacia la Q3 <\/b>y saldr\u00e1 und\u00e9cimo en el GP de Azerbaiy\u00e1n. No fue un mal resultado, el Aston Martin amenazaba con una eliminaci\u00f3n temprana en Q1 vistos los entrenamientos libres. El espa\u00f1ol hab\u00eda sido pen\u00faltimo el viernes. Pero la sucesi\u00f3n de accidentes y las vueltas buenas de Fernando le permitieron progresar hasta ver los puntos de cerca.<\/p>\n<p>Noticias relacionadas<\/p>\n<p class=\"\">\u201cEl und\u00e9cimo est\u00e1 bien viendo c\u00f3mo hab\u00edan ido los entrenamientos libres. Al l\u00edmite de la Q3 y de los puntos. Nunca se sabe, en este circuito siempre pasan cosas inesperadas\u201d, dijo tras bajarse del coche. La gesti\u00f3n de neum\u00e1ticos medios y blandos durante la clasificaci\u00f3n fue correcta, a juzgar por el resultado: \u201cHab\u00eda que tomar una decisi\u00f3n ya desde los primeros entrenamientos libres. No estamos seguros al cien por cien de que fuera la correcta. <b>Pero al salir und\u00e9cimo, no estuvo mal\u201d. <\/b><\/p>\n<p class=\"\">Sobre las condiciones de la pista, explic\u00f3: \u201cFue complicado, el viento era muy fuerte y cambiaba de direcci\u00f3n todo el tiempo. No sab\u00edas qu\u00e9 esperar en cada curva a la que llegabas\u201d. Para la carrera de este domingo augura tanta incertidumbre como la que hubo el s\u00e1bado: \u201cNo lo s\u00e9, habr\u00e1 mucha acci\u00f3n en la carrera y coches de seguridad as\u00ed que <b>tenemos que estar listos, tener algo de suerte<\/b> e intentar estar en los puntos\u201d. <\/p>\n","protected":false},"excerpt":{"rendered":"Alonso se qued\u00f3 a unas mil\u00e9simas de pasar el corte hacia la Q3 y saldr\u00e1 und\u00e9cimo en el&hellip;\n","protected":false},"author":2,"featured_media":127743,"comment_status":"","ping_status":"","sticky":false,"template":"","format":"standard","meta":{"footnotes":""},"categories":[270],"tags":[168,25,24,306,271,272,23,167],"class_list":{"0":"post-127742","1":"post","2":"type-post","3":"status-publish","4":"format-standard","5":"has-post-thumbnail","7":"category-formula-1","8":"tag-deportes","9":"tag-es","10":"tag-espana","11":"tag-f1","12":"tag-formula-1","13":"tag-formula1","14":"tag-spain","15":"tag-sports"},"share_on_mastodon":{"url":"","error":""},"_links":{"self":[{"href":"https:\/\/www.europesays.com\/es\/wp-json\/wp\/v2\/posts\/127742","targetHints":{"allow":["GET"]}}],"collection":[{"href":"https:\/\/www.europesays.com\/es\/wp-json\/wp\/v2\/posts"}],"about":[{"href":"https:\/\/www.europesays.com\/es\/wp-json\/wp\/v2\/types\/post"}],"author":[{"embeddable":true,"href":"https:\/\/www.europesays.com\/es\/wp-json\/wp\/v2\/users\/2"}],"replies":[{"embeddable":true,"href":"https:\/\/www.europesays.com\/es\/wp-json\/wp\/v2\/comments?post=127742"}],"version-history":[{"count":0,"href":"https:\/\/www.europesays.com\/es\/wp-json\/wp\/v2\/posts\/127742\/revisions"}],"wp:featuredmedia":[{"embeddable":true,"href":"https:\/\/www.europesays.com\/es\/wp-json\/wp\/v2\/media\/127743"}],"wp:attachment":[{"href":"https:\/\/www.europesays.com\/es\/wp-json\/wp\/v2\/media?parent=127742"}],"wp:term":[{"taxonomy":"category","embeddable":true,"href":"https:\/\/www.europesays.com\/es\/wp-json\/wp\/v2\/categories?post=127742"},{"taxonomy":"post_tag","embeddable":true,"href":"https:\/\/www.europesays.com\/es\/wp-json\/wp\/v2\/tags?post=127742"}],"curies":[{"name":"wp","href":"https:\/\/api.w.org\/{rel}","templated":true}]}}