{"id":127744,"date":"2025-09-20T16:28:07","date_gmt":"2025-09-20T16:28:07","guid":{"rendered":"https:\/\/www.europesays.com\/es\/127744\/"},"modified":"2025-09-20T16:28:07","modified_gmt":"2025-09-20T16:28:07","slug":"fichaje-nba-para-el-campeon-de-la-euroliga","status":"publish","type":"post","link":"https:\/\/www.europesays.com\/es\/127744\/","title":{"rendered":"Fichaje NBA para el campe\u00f3n de la Euroliga"},"content":{"rendered":"<p data-mrf-recirculation=\"Links P\u00e1rrafos\" class=\"ue-c-article__paragraph paragraph ue-c-article--first-letter-highlighted\">El Fenerbahce Beko, <strong>vigente campe\u00f3n de la Euroliga<\/strong>, ha hecho oficial la incorporaci\u00f3n de<strong> Talen Horton-Tucker<\/strong>, base-escolta estadounidense de 24 a\u00f1os que firma por<strong> dos temporadas con el conjunto turco.<\/strong><\/p>\n<p data-mrf-recirculation=\"Links P\u00e1rrafos\" class=\"ue-c-article__paragraph paragraph\"><strong>Formado en la universidad de Iowa State,<\/strong> Horton-Tucker dio el salto a la NBA en 2019 y desde entonces ha disputado <strong>m\u00e1s de 300 partidos en la liga estadounidense<\/strong> con Los Angeles<strong> Lakers<\/strong>, Utah <strong>Jazz<\/strong> y Chicago<strong> Bulls,<\/strong> adem\u00e1s de conquistar un anillo con los Lakers en 2020. En su \u00faltima temporada con los Bulls <strong>promedi\u00f3 6,5 puntos, 1,4 asistencias y 1,7 rebotes<\/strong> por partido. Su capacidad f\u00edsica junto con su talento ofensivo le convierten en un <strong>refuerzo de primer nivel para el campe\u00f3n europeo.<\/strong><\/p>\n<p data-mrf-recirculation=\"Links P\u00e1rrafos\" class=\"ue-c-article__paragraph paragraph\">El j<strong>ugador de Chicago ha decidido emprender su primera aventura en Europa<\/strong> despu\u00e9s de evaluar distintas ofertas, inclin\u00e1ndose finalmente por el ambicioso proyecto del Fenerbah\u00e7e. Con su llegada, <strong>el club otomano refuerza un per\u00edmetro que ya apunta a volver a luchar por los t\u00edtulos<\/strong> tanto en la Euroliga como en la liga turca.<\/p>\n<p data-mrf-recirculation=\"Links P\u00e1rrafos\" class=\"ue-c-article__paragraph paragraph\"><strong>Horton-Tucker aterriza en Estambul con el reto de adaptarse al baloncesto europeo <\/strong>y de aportar experiencia internacional a un equipo que quiere seguir marcando el paso en la \u00e9lite continental.<\/p>\n","protected":false},"excerpt":{"rendered":"El Fenerbahce Beko, vigente campe\u00f3n de la Euroliga, ha hecho oficial la incorporaci\u00f3n de Talen Horton-Tucker, base-escolta estadounidense&hellip;\n","protected":false},"author":2,"featured_media":127745,"comment_status":"","ping_status":"","sticky":false,"template":"","format":"standard","meta":{"footnotes":""},"categories":[269],"tags":[299,298,168,25,24,23,167],"class_list":{"0":"post-127744","1":"post","2":"type-post","3":"status-publish","4":"format-standard","5":"has-post-thumbnail","7":"category-baloncesto","8":"tag-baloncesto","9":"tag-basketball","10":"tag-deportes","11":"tag-es","12":"tag-espana","13":"tag-spain","14":"tag-sports"},"share_on_mastodon":{"url":"","error":""},"_links":{"self":[{"href":"https:\/\/www.europesays.com\/es\/wp-json\/wp\/v2\/posts\/127744","targetHints":{"allow":["GET"]}}],"collection":[{"href":"https:\/\/www.europesays.com\/es\/wp-json\/wp\/v2\/posts"}],"about":[{"href":"https:\/\/www.europesays.com\/es\/wp-json\/wp\/v2\/types\/post"}],"author":[{"embeddable":true,"href":"https:\/\/www.europesays.com\/es\/wp-json\/wp\/v2\/users\/2"}],"replies":[{"embeddable":true,"href":"https:\/\/www.europesays.com\/es\/wp-json\/wp\/v2\/comments?post=127744"}],"version-history":[{"count":0,"href":"https:\/\/www.europesays.com\/es\/wp-json\/wp\/v2\/posts\/127744\/revisions"}],"wp:featuredmedia":[{"embeddable":true,"href":"https:\/\/www.europesays.com\/es\/wp-json\/wp\/v2\/media\/127745"}],"wp:attachment":[{"href":"https:\/\/www.europesays.com\/es\/wp-json\/wp\/v2\/media?parent=127744"}],"wp:term":[{"taxonomy":"category","embeddable":true,"href":"https:\/\/www.europesays.com\/es\/wp-json\/wp\/v2\/categories?post=127744"},{"taxonomy":"post_tag","embeddable":true,"href":"https:\/\/www.europesays.com\/es\/wp-json\/wp\/v2\/tags?post=127744"}],"curies":[{"name":"wp","href":"https:\/\/api.w.org\/{rel}","templated":true}]}}