{"id":127765,"date":"2025-09-20T16:42:14","date_gmt":"2025-09-20T16:42:14","guid":{"rendered":"https:\/\/www.europesays.com\/es\/127765\/"},"modified":"2025-09-20T16:42:14","modified_gmt":"2025-09-20T16:42:14","slug":"principales-medidas-del-plan-estatal-de-vivienda-2026-2030","status":"publish","type":"post","link":"https:\/\/www.europesays.com\/es\/127765\/","title":{"rendered":"Principales medidas del Plan Estatal de Vivienda 2026-2030"},"content":{"rendered":"<p>Madrid (EFE).- El nuevo Plan Estatal de Vivienda 2026-2030, el primero dictado al amparo de la ley de vivienda, incluye entre sus principales l\u00edneas de financiaci\u00f3n ayudas a j\u00f3venes, al aumento de la oferta, la rehabilitaci\u00f3n, el alquiler, la compra, la accesibilidad o la regeneraci\u00f3n urbana y rural.<\/p>\n<p>Este plan, que acaba de salir a audiencia p\u00fablica, fue avanzado por el Ejecutivo en la pasada Conferencia de Presidentes de junio en base a tres pilares: blindar el parque protegido, lograr corresponsabilidad con las comunidades aut\u00f3nomas en su financiaci\u00f3n para llegar a 7.000 millones e implantar un sistema \u00fanico de informaci\u00f3n y gesti\u00f3n de datos.<\/p>\n<p><img loading=\"lazy\" data-recalc-dims=\"1\" decoding=\"async\" width=\"900\" height=\"599\" src=\"https:\/\/www.europesays.com\/es\/wp-content\/uploads\/2025\/09\/medidas-plan-estatal-vivienda-1.webp\" alt=\"Viviendas en construcci\u00f3n.\" class=\"wp-image-2160009\"  \/>Viviendas en construcci\u00f3n. EFE \/ L. Rico<\/p>\n<p>El Ejecutivo, que insiste en el reconocimiento de la vivienda como el quinto pilar del estado del bienestar, se ha marcado un horizonte temporal de cinco a\u00f1os, en lugar de los cuatro habituales, en un contexto marcado por el d\u00e9ficit de vivienda, el encarecimiento de precios, una edad de emancipaci\u00f3n de 30 a\u00f1os y un parque de vivienda envejecido. Explicamos algunas de estas medidas principales.<\/p>\n<p>M\u00e1s vivienda social y asequible<\/p>\n<p>El plan recoge ayudas a la compra de viviendas para elevar el parque p\u00fablico asequible y que se vayan a destinar al alquiler.<\/p>\n<p>Hay ayudas para la adquisici\u00f3n de vivienda por organizaciones sin \u00e1nimo de lucro; para promover sobre suelo p\u00fablico o privado; mediante f\u00f3rmulas de colaboraci\u00f3n p\u00fablico-privada; para la gesti\u00f3n p\u00fablica de viviendas de alquiler asequible mediante cesi\u00f3n de uso o para fomentar la vivienda cooperativa y otras soluciones como el \u2018cohousing\u2019 o \u2018coliving\u2019.<\/p>\n<p>Rehabilitaci\u00f3n, accesibilidad y renovaci\u00f3n<\/p>\n<p>En este cap\u00edtulo se recogen ayudas a la regeneraci\u00f3n y renovaci\u00f3n urbana y rural, ayudas a la rehabilitaci\u00f3n integral de edificios de viviendas o de viviendas vac\u00edas que se vayan a destinar al alquiler social o asequible.<\/p>\n<p>En este \u00faltimo caso podr\u00e1n recibir una ayuda adicional de hasta 20.000 euros por vivienda, siempre que hubieran estado vac\u00edas como m\u00ednimo durante 2 a\u00f1os y que una vez rehabilitadas se destinen al alquiler social durante un plazo m\u00ednimo de cinco a\u00f1os con rentas en base al sistema de referencia de precios.<\/p>\n<p>Impulsar la emancipaci\u00f3n de j\u00f3venes de hasta 35 a\u00f1os<\/p>\n<p>Para la emancipaci\u00f3n de las personas j\u00f3venes -hasta 35 a\u00f1os- hay ayudas al alquiler: una cuant\u00eda m\u00e1xima de 300 euros en el caso de una vivienda habitual y de 200 euros para una habitaci\u00f3n, ambas con el l\u00edmite de hasta el 60 % de la renta o precio mensual a pagar.<\/p>\n<p>Tambi\u00e9n contempla ayudas a la compra de vivienda habitual en municipios de 10.000 habitantes o menos para los j\u00f3venes que tengan unas rentas anuales iguales o inferiores a 5 veces el IPREM. Tendr\u00e1n que vivir en ella al menos 5 a\u00f1os y la cuant\u00eda es de hasta 15.000 euros por vivienda, con el l\u00edmite del 20 % del coste de su adquisici\u00f3n.<\/p>\n<p>Para los j\u00f3venes entre las novedades hay ayudas para el alquiler con opci\u00f3n a compra de viviendas protegidas con protecci\u00f3n permanente con un l\u00edmite de 28.800 euros por vivienda.<\/p>\n<p>Asimismo, se recoge una l\u00ednea de avales para la cobertura en caso de impagos del alquiler de viviendas para personas j\u00f3venes y colectivos vulnerables.<\/p>\n<p>Reducir la tasa de esfuerzo<\/p>\n<p>El plan recoge ayudas al alquiler de vivienda habitual por un m\u00e1ximo de 250 euros, pudiendo incrementarse hasta el l\u00edmite del 40 % de la renta en funci\u00f3n del n\u00famero de personas a cargo o circunstancias de discapacidad. En el caso de alquiler de una habitaci\u00f3n habitual la ayuda m\u00e1xima ser\u00e1 de 150 euros, pudiendo igualmente elevarse. Se concede por el plazo de dos a\u00f1os.<\/p>\n<p>Tambi\u00e9n abarca ayudas a v\u00edctimas de violencia de g\u00e9nero, desahuciados, personas sin hogar y otros vulnerables. Podr\u00e1n concederse hasta 900 euros al mes y otra ayuda de hasta 300 euros para atender gastos de mantenimiento y suministros. La ayuda ser\u00e1 por un plazo de hasta cinco a\u00f1os. <\/p>\n","protected":false},"excerpt":{"rendered":"Madrid (EFE).- El nuevo Plan Estatal de Vivienda 2026-2030, el primero dictado al amparo de la ley de&hellip;\n","protected":false},"author":2,"featured_media":127766,"comment_status":"","ping_status":"","sticky":false,"template":"","format":"standard","meta":{"footnotes":""},"categories":[8],"tags":[17,18,25,24,13,14,11,7186,6850,19,20,9,10,15,16,23,12,21,22,3633],"class_list":{"0":"post-127765","1":"post","2":"type-post","3":"status-publish","4":"format-standard","5":"has-post-thumbnail","7":"category-espana","8":"tag-breaking-news","9":"tag-breakingnews","10":"tag-es","11":"tag-espana","12":"tag-featured-news","13":"tag-featurednews","14":"tag-headlines","15":"tag-hipotecas","16":"tag-juventud","17":"tag-latest-news","18":"tag-latestnews","19":"tag-news","20":"tag-noticias","21":"tag-noticias-destacadas","22":"tag-noticiasdestacadas","23":"tag-spain","24":"tag-titulares","25":"tag-ultimas-noticias","26":"tag-ultimasnoticias","27":"tag-vivienda"},"share_on_mastodon":{"url":"","error":""},"_links":{"self":[{"href":"https:\/\/www.europesays.com\/es\/wp-json\/wp\/v2\/posts\/127765","targetHints":{"allow":["GET"]}}],"collection":[{"href":"https:\/\/www.europesays.com\/es\/wp-json\/wp\/v2\/posts"}],"about":[{"href":"https:\/\/www.europesays.com\/es\/wp-json\/wp\/v2\/types\/post"}],"author":[{"embeddable":true,"href":"https:\/\/www.europesays.com\/es\/wp-json\/wp\/v2\/users\/2"}],"replies":[{"embeddable":true,"href":"https:\/\/www.europesays.com\/es\/wp-json\/wp\/v2\/comments?post=127765"}],"version-history":[{"count":0,"href":"https:\/\/www.europesays.com\/es\/wp-json\/wp\/v2\/posts\/127765\/revisions"}],"wp:featuredmedia":[{"embeddable":true,"href":"https:\/\/www.europesays.com\/es\/wp-json\/wp\/v2\/media\/127766"}],"wp:attachment":[{"href":"https:\/\/www.europesays.com\/es\/wp-json\/wp\/v2\/media?parent=127765"}],"wp:term":[{"taxonomy":"category","embeddable":true,"href":"https:\/\/www.europesays.com\/es\/wp-json\/wp\/v2\/categories?post=127765"},{"taxonomy":"post_tag","embeddable":true,"href":"https:\/\/www.europesays.com\/es\/wp-json\/wp\/v2\/tags?post=127765"}],"curies":[{"name":"wp","href":"https:\/\/api.w.org\/{rel}","templated":true}]}}