{"id":127781,"date":"2025-09-20T16:54:08","date_gmt":"2025-09-20T16:54:08","guid":{"rendered":"https:\/\/www.europesays.com\/es\/127781\/"},"modified":"2025-09-20T16:54:08","modified_gmt":"2025-09-20T16:54:08","slug":"las-primeras-imagenes-a-color-de-sevilla-se-exponen-en-paris-hasta-octubre","status":"publish","type":"post","link":"https:\/\/www.europesays.com\/es\/127781\/","title":{"rendered":"Las primeras im\u00e1genes a color de Sevilla se exponen en Par\u00eds hasta octubre"},"content":{"rendered":"<p>20\/09\/2025<br \/>\n<br \/><strong><br \/>\nActualizado a las 13:22h.<br \/>\n<\/strong><\/p>\n<p class=\"voc-p\" style=\"\">El diputado de Cultura y Ciudadan\u00eda, Casimiro Fern\u00e1ndez, ha reivindicado en Par\u00eds la <strong>universalidad del patrimonio de Sevilla<\/strong> y de todos sus municipios, durante el acto oficial de inauguraci\u00f3n de la exposici\u00f3n &#8216;Tras la senda de los Lumi\u00e8re. Sevilla en color&#8217; (&#8216;Sur les pas des Lumi\u00e8re. Seville en couleurs&#8217;). \u00abSevilla se hizo universal en torno a un patrimonio vivo. Un patrimonio, el sevillano, que es de la humanidad y que est\u00e1 siempre con los brazos abiertos para recibir a toda aquella persona que quiera dejarse impresionar por la belleza y generosidad de nuestra provincia y de su gente\u00bb, seg\u00fan ha indicado Fern\u00e1ndez durante el acto, celebrado este viernes pasado.<\/p>\n<p class=\"voc-p\" style=\"\">Esta producci\u00f3n de la Diputaci\u00f3n de Sevilla junto al Colegio de Espa\u00f1a en Par\u00eds, la Universidad de Sevilla y el Museo Albert Kahn y la colaboraci\u00f3n de las universidades francesas Sorbonne Universit\u00e9 y Sorbonne Paris Nord, <strong>protagoniza las Jornadas Europeas del Patrimonio, que se est\u00e1n celebrando en la capital francesa<\/strong> coincidiendo con el tercer fin de semana de septiembre.<\/p>\n<p class=\"voc-p\" style=\"\">Tras pasar por la Casa de la Provincia en 2024 y por varios municipios, <strong>podr\u00e1 visitarse hasta el 5 de octubre en el Colegio Espa\u00f1a de Par\u00eds, una de las instituciones m\u00e1s prestigiosas de la capital<\/strong> francesa, situada en la Cit\u00e9 Internationale Universitaire de Par\u00eds, enclave de referencia en el encuentro de estudiantes internacionales.<\/p>\n<p><img decoding=\"async\" loading=\"lazy\" src=\"https:\/\/www.europesays.com\/es\/wp-content\/uploads\/2025\/09\/fotonoticia_20250920110207_1920-U701324820911uQD--760x427@diario_abc.jpg\" class=\"voc-img\" width=\"760\" height=\"427\" alt=\"Inauguraci\u00f3n de la exposici\u00f3n 'Tras la senda de los Lumi\u00e8re' en Par\u00eds\" data-voc-vtm-id=\"in-text-traffic\"\/><\/p>\n<p>Inauguraci\u00f3n de la exposici\u00f3n &#8216;Tras la senda de los Lumi\u00e8re&#8217; en Par\u00eds<\/p>\n<p>ABC<\/p>\n<p class=\"voc-p\" style=\"\">Seg\u00fan una nota de la Diputaci\u00f3n, Casimiro Fern\u00e1ndez subray\u00f3 la relevancia de la muestra: &#8216;Tras la senda de los Lumi\u00e8re&#8217; es \u00abdesde el punto de vista cualitativo, <strong>una de las exposiciones m\u00e1s importantes que ha producido la Diputaci\u00f3n en los \u00faltimos a\u00f1os<\/strong>\u00ab.<\/p>\n<p class=\"voc-p\" style=\"\">\u00abNos permite mostrar al mundo c\u00f3mo era esa Sevilla de principios del siglo XX y, lo que resulta todav\u00eda m\u00e1s importante, con estas im\u00e1genes Sevilla empez\u00f3 a conquistar a todo aquel que no la conoc\u00eda por su luz y por su color\u00bb, ha indicado.<\/p>\n<p class=\"voc-p\" style=\"\">Asimismo, ha expresado su agradecimiento al Colegio de Espa\u00f1a y a su director, Justo Zambrana, y reconoci\u00f3 la labor del comisario Luis M\u00e9ndez, director de Patrimonio y Cultura de la Universidad de Sevilla, y del director del Museo Albert Kahn, Serge Fouchard.<\/p>\n<p>\nEl autocromo de los Lumi\u00e8re\n<\/p>\n<p class=\"voc-p\" style=\"\">Tambi\u00e9n ha destacado la oportunidad de presentar esta exposici\u00f3n en el marco de las Jornadas Europeas del Patrimonio, como un testimonio de la <strong>estrecha relaci\u00f3n cultural entre Sevilla y Par\u00eds<\/strong>: \u00abDesde Par\u00eds se ayud\u00f3 a construir y difundir la imagen de Sevilla en el mundo, vali\u00e9ndose de las artes, las letras y los nuevos medios de reproducci\u00f3n como la fotograf\u00eda y el cine\u00bb, ha dicho.<\/p>\n<p class=\"voc-p\" style=\"\">El diputado hizo referencia tambi\u00e9n a la presencia de Turismo de Sevilla, a trav\u00e9s de Prodetur, ya que durante este s\u00e1bado, durante la celebraci\u00f3n de las Jornadas de Patrimonio, quienes se acerquen a la exposici\u00f3n <strong>podr\u00e1n degustar productos sevillanos<\/strong>. Cerr\u00f3 su intervenci\u00f3n reiterando la voluntad de la Diputaci\u00f3n de seguir proyectando la cultura sevillana m\u00e1s all\u00e1 de sus fronteras.<\/p>\n<p class=\"voc-p\" style=\"\">La muestra re\u00fane por primera vez en Par\u00eds <strong>veintisiete fotograf\u00edas que constituyen el primer testimonio de las im\u00e1genes en color que se conocen sobre la ciudad de Sevilla<\/strong>, realizadas en junio de 1914 sobre placas de vidrio, adem\u00e1s de fotograf\u00edas mediante la t\u00e9cnica de autocromo, libros de viaje, im\u00e1genes f\u00edlmicas y otros objetos de la \u00e9poca.<\/p>\n<p class=\"voc-p\" style=\"\">El autocromo fue un nuevo procedimiento inventado y comercializado por lo<strong>s hermanos Lumi\u00e8re en 1907,<\/strong> que permiti\u00f3 atrapar el color en las fotograf\u00edas. Estos autocromos formaban parte del proyecto ut\u00f3pico que impuls\u00f3 desde Par\u00eds el banquero Albert Kahn, quien financi\u00f3 a un conjunto de fot\u00f3grafos para reunir una enciclopedia visual del mundo denominada los Archivos del Planeta.<\/p>\n<p>Reportar un error<\/p>\n","protected":false},"excerpt":{"rendered":"20\/09\/2025 Actualizado a las 13:22h. El diputado de Cultura y Ciudadan\u00eda, Casimiro Fern\u00e1ndez, ha reivindicado en Par\u00eds la&hellip;\n","protected":false},"author":2,"featured_media":127782,"comment_status":"","ping_status":"","sticky":false,"template":"","format":"standard","meta":{"footnotes":""},"categories":[173],"tags":[229,233,231,230,11692,232,234,146,147,25,24,27520,1641,9072,4759,1640,1171,23],"class_list":{"0":"post-127781","1":"post","2":"type-post","3":"status-publish","4":"format-standard","5":"has-post-thumbnail","7":"category-arte-y-diseno","8":"tag-arte","9":"tag-arte-y-diseno","10":"tag-arts","11":"tag-arts-and-design","12":"tag-color","13":"tag-design","14":"tag-diseno","15":"tag-entertainment","16":"tag-entretenimiento","17":"tag-es","18":"tag-espana","19":"tag-exponen","20":"tag-imagenes","21":"tag-octubre","22":"tag-paris","23":"tag-primeras","24":"tag-sevilla","25":"tag-spain"},"share_on_mastodon":{"url":"","error":""},"_links":{"self":[{"href":"https:\/\/www.europesays.com\/es\/wp-json\/wp\/v2\/posts\/127781","targetHints":{"allow":["GET"]}}],"collection":[{"href":"https:\/\/www.europesays.com\/es\/wp-json\/wp\/v2\/posts"}],"about":[{"href":"https:\/\/www.europesays.com\/es\/wp-json\/wp\/v2\/types\/post"}],"author":[{"embeddable":true,"href":"https:\/\/www.europesays.com\/es\/wp-json\/wp\/v2\/users\/2"}],"replies":[{"embeddable":true,"href":"https:\/\/www.europesays.com\/es\/wp-json\/wp\/v2\/comments?post=127781"}],"version-history":[{"count":0,"href":"https:\/\/www.europesays.com\/es\/wp-json\/wp\/v2\/posts\/127781\/revisions"}],"wp:featuredmedia":[{"embeddable":true,"href":"https:\/\/www.europesays.com\/es\/wp-json\/wp\/v2\/media\/127782"}],"wp:attachment":[{"href":"https:\/\/www.europesays.com\/es\/wp-json\/wp\/v2\/media?parent=127781"}],"wp:term":[{"taxonomy":"category","embeddable":true,"href":"https:\/\/www.europesays.com\/es\/wp-json\/wp\/v2\/categories?post=127781"},{"taxonomy":"post_tag","embeddable":true,"href":"https:\/\/www.europesays.com\/es\/wp-json\/wp\/v2\/tags?post=127781"}],"curies":[{"name":"wp","href":"https:\/\/api.w.org\/{rel}","templated":true}]}}