{"id":127783,"date":"2025-09-20T16:56:08","date_gmt":"2025-09-20T16:56:08","guid":{"rendered":"https:\/\/www.europesays.com\/es\/127783\/"},"modified":"2025-09-20T16:56:08","modified_gmt":"2025-09-20T16:56:08","slug":"la-respuesta-que-da-miguel-lago-a-quienes-dicen-que-es-el-broncano-de-ayuso-no-se-la-esperaba-ni-broncano","status":"publish","type":"post","link":"https:\/\/www.europesays.com\/es\/127783\/","title":{"rendered":"La respuesta que da Miguel Lago a quienes dicen que es el &#8216;Broncano de Ayuso&#8217; no se la esperaba ni Broncano"},"content":{"rendered":"<p><a href=\"https:\/\/eltelevisero.huffingtonpost.es\/2025\/06\/miguel-lago-se-mofa-con-sonsoles-onega-de-la-turra-que-va-a-seguir-dando-melody-tras-eurovision\/\" rel=\"nofollow noopener\" target=\"_blank\">Miguel Lago<\/a> est\u00e1 atravesando un buen momento profesional. El c\u00f3mico compagina su obra de teatro en el teatro Alc\u00e1zar de Madrid con su programa &#8216;La noche golfa&#8217;, de Telemadrid. El gallego ha concedido unas declaraciones donde replica a quienes le denominan como &#8216;el Broncano de Ayuso&#8217;, debido a las similitudes de su programa con &#8216;La Revuelta&#8217;.<\/p>\n<p>\u00abYo mismo brome\u00e9 sobre ello. Llev\u00e1bamos meses con que a Broncano lo puso S\u00e1nchez y sab\u00eda que me iba a tocar a m\u00ed, as\u00ed que me adelant\u00e9. Pero tanto lo uno como lo otro es absurdo. <strong>Ni a \u00e9l le coloca S\u00e1nchez ni a m\u00ed Ayuso. A <a href=\"https:\/\/eltelevisero.huffingtonpost.es\/2025\/09\/quien-es-el-invitado-que-visita-la-revuelta-de-david-broncano-hoy-miercoles-17-de-septiembre\/\" rel=\"nofollow noopener\" target=\"_blank\">Broncano <\/a>otras televisiones le pon\u00edan la misma pasta o m\u00e1s que TVE porque es muy bueno. Sencillamente<\/strong>\u00ab, reconoce en una entrevista a <a href=\"https:\/\/www.elmundo.es\/cultura\/teatro\/2025\/09\/18\/68c179f3fc6c8307288b45b9.html\" target=\"_blank\" rel=\"noreferrer noopener nofollow\">El Mundo<\/a>.<\/p>\n<p>Adem\u00e1s, deja claro que \u00ablo mejor que tiene la democracia televisiva del mando a distancia es que <strong>si no fuera bueno no har\u00eda el dato que hace. Igual que yo en Telemadrid. A m\u00ed no me pone Ayuso, entre otras cosas porque lo que me piden es que haga la menos pol\u00edtica posible<\/strong>. Me pone all\u00ed mi trabajo y el programa ha funcionado porque soy muy gracioso. Ambos trabajamos porque somos muy buenos. Si no lo eres, est\u00e1s en la calle al minuto dos. \u00bfTe imaginas que f\u00e1cil ser\u00eda afiliarte al PP o al PSOE y tener un programa en prime time? Ir\u00edamos todos de cabeza, pero esto no funciona as\u00ed\u00bb.<\/p>\n<p>Miguel Lago se autodefine de \u00abextremo centro\u00bb y se declara fan de &#8216;La Revuelta&#8217; y &#8216;El Hormiguero&#8217;<\/p>\n<p>Miguel Lago reconoce que le cuesta creer que haya quien le \u00abcoloque en la mesa de Goyo Jim\u00e9nez, Berto Romero, Luis Piedrahita o Andreu Buenafuente. El ni\u00f1o de 18 a\u00f1os que lleg\u00f3 a &#8216;El club de la comedia&#8217; no lo pod\u00eda so\u00f1ar\u00bb. \u00ab<strong>Estuve hablando el otro d\u00eda con Lalachus y Sergio Bezos [de &#8216;La Revuelta&#8217;] y alucinaban de que yo lo s\u00e9 todo de la comedia que se hace.<\/strong> S\u00e9 que por la comedia que hago les puede chocar, pero es que soy c\u00f3mico de vocaci\u00f3n y soy un gran consumidor de comedia\u00bb, reconoce sobre su conversaci\u00f3n con los dos colaboradores de Broncano.<\/p>\n<p>Y confiesa seguir tanto el programa de Broncano como el de Pablo Motos: \u00ab<strong>\u00bfC\u00f3mo no voy a ver &#8216;La Revuelta&#8217; y &#8216;El Hormiguero&#8217;? Y sigo el trabajo de los compa\u00f1eros porque me divierte.<\/strong> Soy fan y soy un loco. Me gustan los artistas y me gustan los c\u00f3micos. Conozco el trabajo de todos\u00bb.<\/p>\n<p>El humorista ha sido vinculado por muchos como un c\u00f3mico de derechas. Ante esto, \u00e9l reconoce que \u00abhe sido muy de izquierdas de joven, pero me he ido yendo a posiciones m\u00e1s moderadas y <strong>me encuentro muy c\u00f3modo en una posici\u00f3n de extremo centro<\/strong>\u00ab. Y deja claro que \u00e9l puede \u00ab<strong>condenar el genocidio de Gaza sin ning\u00fan tipo de fisura y, despu\u00e9s, pensar que deber\u00eda haber otra pol\u00edtica impositiva mucho m\u00e1s liberal<\/strong>\u00ab.<\/p>\n<p>\u00abNo son cosas excluyentes, pero, vale,<strong> digamos que soy de centro-derecha<\/strong>. De todos modos, yo tengo una voz c\u00f3mica que es muy cr\u00edtica con el poder de turno\u00bb, asegura. Eso s\u00ed, Miguel Lago confirma que \u00abno es ning\u00fan secreto\u00bb que no le gusta Pedro S\u00e1nchez, \u00abpero Esperanza Aguirre y la G\u00fcrtel estaban en el centro del &#8216;soy un hijoputa&#8217;. En cualquier caso, soy mucho m\u00e1s que un c\u00f3mico pol\u00edtico, lo que ocurre es que mis virales siempre han ido por ese tema y, adem\u00e1s, es mucho m\u00e1s f\u00e1cil hacerles bromas a \u00c1balos y las luces de ne\u00f3n que a otros pol\u00edticos\u00bb, sentencia.<\/p>\n","protected":false},"excerpt":{"rendered":"Miguel Lago est\u00e1 atravesando un buen momento profesional. El c\u00f3mico compagina su obra de teatro en el teatro&hellip;\n","protected":false},"author":2,"featured_media":127784,"comment_status":"","ping_status":"","sticky":false,"template":"","format":"standard","meta":{"footnotes":""},"categories":[171],"tags":[146,147,25,24,23,214],"class_list":{"0":"post-127783","1":"post","2":"type-post","3":"status-publish","4":"format-standard","5":"has-post-thumbnail","7":"category-tv","8":"tag-entertainment","9":"tag-entretenimiento","10":"tag-es","11":"tag-espana","12":"tag-spain","13":"tag-tv"},"share_on_mastodon":{"url":"","error":""},"_links":{"self":[{"href":"https:\/\/www.europesays.com\/es\/wp-json\/wp\/v2\/posts\/127783","targetHints":{"allow":["GET"]}}],"collection":[{"href":"https:\/\/www.europesays.com\/es\/wp-json\/wp\/v2\/posts"}],"about":[{"href":"https:\/\/www.europesays.com\/es\/wp-json\/wp\/v2\/types\/post"}],"author":[{"embeddable":true,"href":"https:\/\/www.europesays.com\/es\/wp-json\/wp\/v2\/users\/2"}],"replies":[{"embeddable":true,"href":"https:\/\/www.europesays.com\/es\/wp-json\/wp\/v2\/comments?post=127783"}],"version-history":[{"count":0,"href":"https:\/\/www.europesays.com\/es\/wp-json\/wp\/v2\/posts\/127783\/revisions"}],"wp:featuredmedia":[{"embeddable":true,"href":"https:\/\/www.europesays.com\/es\/wp-json\/wp\/v2\/media\/127784"}],"wp:attachment":[{"href":"https:\/\/www.europesays.com\/es\/wp-json\/wp\/v2\/media?parent=127783"}],"wp:term":[{"taxonomy":"category","embeddable":true,"href":"https:\/\/www.europesays.com\/es\/wp-json\/wp\/v2\/categories?post=127783"},{"taxonomy":"post_tag","embeddable":true,"href":"https:\/\/www.europesays.com\/es\/wp-json\/wp\/v2\/tags?post=127783"}],"curies":[{"name":"wp","href":"https:\/\/api.w.org\/{rel}","templated":true}]}}