{"id":127785,"date":"2025-09-20T16:58:14","date_gmt":"2025-09-20T16:58:14","guid":{"rendered":"https:\/\/www.europesays.com\/es\/127785\/"},"modified":"2025-09-20T16:58:14","modified_gmt":"2025-09-20T16:58:14","slug":"especial-batman-day-las-mejores-escenas-de-batman-parte-2","status":"publish","type":"post","link":"https:\/\/www.europesays.com\/es\/127785\/","title":{"rendered":"Especial Batman Day &#8211; Las mejores escenas de Batman (Parte 2)"},"content":{"rendered":"<p>        <a href=\"https:\/\/www.milcomics.com\/\" target=\"_blank\" onclick=\"gtag(&#039;event&#039;, &#039;Banner-MilComics&#039;, { &#039;event_category&#039;: &#039;Banner-MilComics&#039;, &#039;event_action&#039;:&#039;Banner-MilComics&#039;,&#039;event_label&#039;:&#039;Banner-MilComics&#039; });\" rel=\"nofollow noopener\"><img decoding=\"async\" src=\"https:\/\/www.europesays.com\/es\/wp-content\/uploads\/2025\/09\/banner-milcomics-header.jpg\"\/><\/a><\/p>\n<p>Celebramos el Batman Day exponiendo algunas de las escenas favoritas de Batman por parte de miembros de la redacci\u00f3n. <a href=\"https:\/\/zonanegativa.com\/celebramos-el-dia-de-batman\/\" target=\"_blank\" rel=\"noopener nofollow\">Recuperamos la idea de 2016 <\/a>y ampliamos la muestra\u2026 ser\u00e1 por p\u00e1ginas de Batman.<\/p>\n<p>Aqu\u00ed no hay buenos, ni malos, es una cuesti\u00f3n de gustos y cada uno tiene sus favoritos, el momento, el lugar, el significado, un detalle, una frase\u2026 convierten una vi\u00f1eta random en algo especial para cada uno de nosotros\u2026 y de eso se trata de exponer esas escenas que nos dijeron algo, nos interpelaron, emocionaron o simplemente divirtieron.<\/p>\n<p>\u00a1\u00a1Vamos all\u00e1!!<\/p>\n<p>La escena de Antonio Valdepe\u00f1as<\/p>\n<p><strong>Batman Inc. Vol 2 #8<\/strong> <\/p>\n<p><a href=\"https:\/\/www.europesays.com\/es\/wp-content\/uploads\/2025\/09\/bbef0d2cd749433681a2677f14fdf1d7.jpg\"><img loading=\"lazy\" decoding=\"async\" src=\"https:\/\/www.europesays.com\/es\/wp-content\/uploads\/2025\/09\/bbef0d2cd749433681a2677f14fdf1d7.jpg\" alt=\"Especial Batman Day\" width=\"180\" height=\"276\" class=\"alignleft size-full wp-image-250856\"\/><\/a><\/p>\n<p><strong>Grant Morrison<\/strong> y Damian Wayne. Creador y creaci\u00f3n que tan buenos momentos nos han dado con los a\u00f1os a los lectores y a la editorial. Con <strong>Kubert<\/strong>, <strong>Quitely<\/strong> y <strong>Burnham<\/strong>, Damian tuvo un comienzo arrollador, carism\u00e1tico, un diamante por pulir, y el ponerlo con Dick, quien mejor podr\u00eda llevarlo por el buen camino, nos regal\u00f3 el mejor d\u00fao din\u00e1mico de la longeva historia de Batman.<\/p>\n<p>Este n\u00famero de Batman Inc., la \u00faltima pieza del puzle del autor, dio todo un volantazo d\u00e1ndole un final a Damian. Llevaba menos de 10 a\u00f1os entre nosotros, pero el rebelde chico maravilla, con el mismo coraz\u00f3n y moral que su mentor y hermano Dick, nos dej\u00f3 con el coraz\u00f3n roto.<\/p>\n<p><a href=\"https:\/\/www.europesays.com\/es\/wp-content\/uploads\/2025\/09\/Captura-de-pantalla-217-min.png\"><img fetchpriority=\"high\" decoding=\"async\" src=\"https:\/\/www.europesays.com\/es\/wp-content\/uploads\/2025\/09\/Captura-de-pantalla-217-min.png\" alt=\"\" width=\"619\" height=\"961\" class=\"aligncenter size-full wp-image-268313\"  \/><\/a><\/p>\n<p>Un final \u2014moment\u00e1neo\u2014 a la altura del personaje, salvando la situaci\u00f3n solo como la nueva generaci\u00f3n, sin los grilletes de la vieja forma de solucionar las cosas, se puede hacer. Todo un revulsivo, un torbellino mort\u00edfero, como vemos en las p\u00e1ginas de <strong>Burnham<\/strong>, luchando hasta su \u00faltimo aliento contra su gemelo para parar a su madre.<\/p>\n<p>Una madre \u2014y un padre\u2014 que, como nos lo expone Morrison, solo saben quererse y verse de esta manera tan violenta, perdiendo los dos en el proceso lo que m\u00e1s quieren, aunque veamos que uno lo sufre m\u00e1s que otro.<\/p>\n<p>La p\u00e9rdida de la inocencia, los progenitores usando en cierta manera a su hijo para la \u201cguerra\u201d entre ellos, por no saber c\u00f3mo armarse de valor y dejar atr\u00e1s todas las heridas y ser ellos mismos.<\/p>\n<p>El compa\u00f1erismo, la humanidad y la hermandad que dan ciertas personas que, aunque no sean de nuestra sangre, siempre est\u00e1n ah\u00ed.<\/p>\n<p>Damian y Richard. Batman y Robin.<\/p>\n<p>Eran los mejores. Son los mejores.<\/p>\n<p>Hasta el final.<\/p>\n<p><a href=\"https:\/\/www.europesays.com\/es\/wp-content\/uploads\/2025\/09\/Captura-de-pantalla-218-min.png\"><img loading=\"lazy\" decoding=\"async\" src=\"https:\/\/www.europesays.com\/es\/wp-content\/uploads\/2025\/09\/Captura-de-pantalla-218-min.png\" alt=\"\" width=\"423\" height=\"454\" class=\"aligncenter size-full wp-image-268312\"  \/><\/a><\/p>\n<p>La escena de Ra\u00fal L\u00f3pez<\/p>\n<p><strong>Batman #77: City of Bane part 2<\/strong> <\/p>\n<p><a href=\"https:\/\/www.zonanegativa.com\/imagenes\/2025\/09\/Batman_Vol_3_77.jpg\" rel=\"nofollow noopener\" target=\"_blank\"><img loading=\"lazy\" decoding=\"async\" src=\"https:\/\/www.europesays.com\/es\/wp-content\/uploads\/2025\/09\/Batman_Vol_3_77-180x277.jpg\" alt=\"\" width=\"180\" height=\"277\" class=\"alignleft size-thumbnail wp-image-268343\"  \/><\/a> A Batman no se le entiende sin Alfred, pero es que a Bruce tampoco, de ah\u00ed que cuando le\u00edmos por primera vez la escena con la que <strong>Tom King<\/strong> cerraba Batman #77 \u2013 tercera parte de la historia: La ciudad de Bane \u2013 nos mostramos incr\u00e9dulos ante los acontecimientos, el asesinato de Alfred a manos de Bane delante de Damian Wayne y Thomas Wayne, sin que el peque\u00f1o v\u00e1stago de Bruce y Talia pudiese hacer nada.<\/p>\n<blockquote>\n<p>Not in front of the boy<\/p>\n<\/blockquote>\n<p>La escena es desgarradora, a fin de cuentas, Alfred ha urdido un enga\u00f1o. Bane ya hab\u00eda avisado que si alg\u00fan componente de la batfamilia entraba en Gotham el matar\u00eda al mayordomo, con Bruce desaparecido lami\u00e9ndose sus heridas, y tras urdir Alfred un enga\u00f1o simulando que ha conseguido liberarse de sus secuestradores, Damian accede al lugar donde se encuentra Bane y tras una corta batalla en la que su \u201cabuelo paterno\u201d le vence sin muchas dificultades ve c\u00f3mo su irrupci\u00f3n es el detonante para que Bane cumpla con su amenaza retorciendo el cuello de Alfred. La culpa por su muerte ha perseguido al peque\u00f1o Damian hasta nuestros d\u00edas quien se siente el culpable de Alfred haya muerto.<\/p>\n<p><a href=\"https:\/\/www.zonanegativa.com\/imagenes\/2025\/09\/Alfred_01.jpg\" rel=\"nofollow noopener\" target=\"_blank\"><img loading=\"lazy\" decoding=\"async\" src=\"https:\/\/www.europesays.com\/es\/wp-content\/uploads\/2025\/09\/Alfred_01-600x928.jpg\" alt=\"\" width=\"600\" height=\"928\" class=\"size-large wp-image-268340\"  \/><\/a>Not in front of the boy<\/p>\n<p>La escena con Damian llorando ante lo que intuye va a suceder es desgarradora, de esas que te marcan y que cuesta quitarla de la memoria por m\u00e1s que pasen los a\u00f1os. Y mucha \u00abculpa\u00bb de ello la tiene el genial art\u00edstica <strong>Mikel Janin<\/strong> quien fue capaz de transmitir todo el dramatismo en la cara a Damian as\u00ed como la fuerza visual del momento del asesinato en la que Janin utiliza un recurso habitual en el de omitir fondos para dar todo el peso e importancia a nivel narrativo a las figuras, y vaya si lo consigue. Obviamente, aparte de la dureza de la escena el motivo de escoger este momento es por cuanto ha marcado su ausencia en los \u00faltimos la vida de todos aquellos que le ve\u00edan como una figura paternal, especialmente Bruce, Dick y el propio Damian.<\/p>\n<p><a href=\"https:\/\/www.zonanegativa.com\/imagenes\/2025\/09\/Alfred_02.webp\" rel=\"nofollow noopener\" target=\"_blank\"><img loading=\"lazy\" decoding=\"async\" src=\"https:\/\/www.europesays.com\/es\/wp-content\/uploads\/2025\/09\/Alfred_02-600x935.webp.webp\" alt=\"\" width=\"600\" height=\"935\" class=\"size-large wp-image-268341\"  \/><\/a>La cruel muerte de Alfred<\/p>\n<p><strong>Tom King <\/strong>tuvo m\u00faltiples aciertos y algunos desaciertos y es evidente decir que un suceso como este marcar\u00e1 para siempre su larga etapa al frente de la serie siendo recordado como aquel que se atrevi\u00f3 a matar a Alfred.<\/p>\n<p>La escena de Rom\u00e1n de Muelas<\/p>\n<p><strong>Batman: Amor Loco<\/strong> <\/p>\n<p><img loading=\"lazy\" decoding=\"async\" src=\"https:\/\/www.europesays.com\/es\/wp-content\/uploads\/2025\/09\/batman-amor-loco-180x275.jpg\" alt=\"\" width=\"180\" height=\"275\" class=\"alignleft size-thumbnail wp-image-268297\"  \/><\/p>\n<p><strong>Paul Dini y Bruce Timm<\/strong>, creadores de la serie de animaci\u00f3n de Batman en los noventa, dieron vida a Harley Quinn. HQ quiz\u00e1s fue uno de los mayores hallazgos de la serie. Con un dise\u00f1o espectacular y una personalidad especial, la \u00abnovia del Joker\u00bb fue algo m\u00e1s que la partenaire y compinche de fechor\u00edas del Pr\u00edncipe Payaso de Crimen.<\/p>\n<p>Harley tuvo \u00e9xito e inevitablemente pas\u00f3 de la tele a los tebeos. Batman: Amor Loco (1994) fue su debut en vi\u00f1etas. Tambi\u00e9n creado por <strong>Timm <\/strong>y <strong>Dini<\/strong>, el c\u00f3mic es un one-shot, un especial , que explica el origen de HQ.<\/p>\n<p>El c\u00f3mic es exacto, preciso y de una exactitud diamantina. EL guion de <strong>Dini <\/strong>es tan brillante que uno se puede ver reflejado en \u00e9l. Nos presenta a un Joker maltratador y a una HQ sumisa, ejemplificando perfectamente la espiral de toxicidad de las relaciones abusivas.<\/p>\n<p><img loading=\"lazy\" decoding=\"async\" src=\"https:\/\/www.europesays.com\/es\/wp-content\/uploads\/2025\/09\/1.jpg\" alt=\"batman day&#10;\" width=\"510\" height=\"791\" class=\"aligncenter size-full wp-image-268295\"  \/><\/p>\n<p>El amor de Harley por el criminal (su pastelito) la llevan a aprisionar a Batman m\u00e1s lejos de lo que el Joker consigui\u00f3 jam\u00e1s. <\/p>\n<p>Y eso es lo que el murci\u00e9lago le echa en cara a su n\u00e9mesis en la escena de tren, el cl\u00edmax, el punto culminante del c\u00f3mic, donde vemos la locura del Joker, donde los resortes del guion encajan a la perfecci\u00f3n y donde nos encontramos con el humor ir\u00f3nico de un Batman en su prime, donde se intuye cierto respeto por la arlequina.<\/p>\n<p>Una obra de relojer\u00eda divertida, ingeniosa y que posee la poderosa capacidad de resumirnos los personajes en tres l\u00edneas y dos frases.<\/p>\n<p><img loading=\"lazy\" decoding=\"async\" src=\"https:\/\/www.europesays.com\/es\/wp-content\/uploads\/2025\/09\/1758387491_442_2.jpg\" alt=\"\" width=\"381\" height=\"597\" class=\"aligncenter size-full wp-image-268296\"  \/><\/p>\n<p>Hay escenas m\u00e1s dr\u00e1maticas, m\u00e1s profundas, m\u00e1s significativas, m\u00e1s imaginativas a lo largo de la historia de Batman\u2026 pero pocas escritas con tanta precisi\u00f3n y tanto amor por los personajes.<\/p>\n<p>La escena de Carlos Gull\u00f3n<\/p>\n<p><strong>Batgirl: padre contra hija<\/strong> <\/p>\n<p><img loading=\"lazy\" decoding=\"async\" src=\"https:\/\/www.europesays.com\/es\/wp-content\/uploads\/2025\/09\/portada-batgirl-180x270.jpg\" alt=\"\" width=\"180\" height=\"270\" class=\"alignleft size-thumbnail wp-image-268344\"  \/><\/p>\n<p>Entre la infinidad de caracter\u00edsticas que tiene Batman a lo largo de todas las cabeceras en donde aparece, en las relacionadas con la Batfamilia es en aquellas donde se permite explorar sus lazos m\u00e1s personales. <\/p>\n<p>Cuando Bruce Wayne perdi\u00f3 a sus padres, tuvo a Alfred para darle un prop\u00f3sito y una vida. Cuando Dick Grayson se convierte en Robin, es porque Batman le adopt\u00f3 y le dio tambi\u00e9n un prop\u00f3sito a su p\u00e9rdida. No fue el mejor padre, pero supo criar a un chaval, con la ayuda de Alfred, de manera que se convirti\u00f3 en el mejor de todos los h\u00e9roes. <\/p>\n<p>Despu\u00e9s vinieron muchos, \u00bfpero que pasa con aquellos que no tuvieron al murci\u00e9lago para ser tutelados? <strong>Kelley Puckett<\/strong> y <strong>Chuck Dixon<\/strong> fueron los encargados de traernos lo que fue el primer y m\u00e1s largo volumen de Batgirl, centrado en Cassandra Cain y que hemos podido ver parcialmente reimpreso en EEUU hace poco gracias a DC Finest. Se trataba de una ni\u00f1a, hija de dos asesinos que solo quer\u00edan forjar un arma \u00fanica. Por ello criaron sin lenguaje verbal o escrito a una guerrera, solo aprendi\u00f3 el lenguaje del cuerpo, siendo capaz de comunicarse \u00fanicamente con la violencia. Pero con su forma tan \u00fanica de entender el mundo, conoci\u00f3 tambi\u00e9n la bondad y se desvi\u00f3 del camino que le hab\u00edan marcado, dejando de lado todo lo que le ense\u00f1aron para llevar como empresa la de salvar a la gente. <\/p>\n<p><img loading=\"lazy\" decoding=\"async\" src=\"https:\/\/www.europesays.com\/es\/wp-content\/uploads\/2025\/09\/batgirl-cass-1-1.jpg\" alt=\"\" width=\"600\" height=\"901\" class=\"aligncenter size-full wp-image-268345\"  \/><\/p>\n<p>Mientras Alfred cuidaba de Tim Drake y de Cassandra, poco a poco entendi\u00f3 que las peculiaridades de Batgirl no hac\u00edan m\u00e1s que intensificar su compromiso con el s\u00edmbolo del murci\u00e9lago que porta. Cuando esta perdi\u00f3 el control de sus acciones porque su padre y Slade Wilson la controlaron y manipularon mentalmente. Las peculiaridades hacen que se a\u00edsle y que, personajes que nunca vivieron con ella, no conf\u00eden, como Nightwing. Pero Tim convivi\u00f3 con ella cuando Alfred les tutel\u00f3, cre\u00eda en ella. Bruce sabe que la familia es algo que se puede construir para aquellos que le acompa\u00f1an en su empresa. Esto lo saben el guionista <strong>Adam Beechen<\/strong> y el dibujante <strong>Jack Purcell<\/strong>, quienes se ocuparen el segundo volumen de Batgirl, una miniserie que dur\u00f3 seis n\u00famero en 2009.  <\/p>\n<p><img loading=\"lazy\" decoding=\"async\" src=\"https:\/\/www.europesays.com\/es\/wp-content\/uploads\/2025\/09\/batgirl-cass-2.jpg\" alt=\"\" width=\"600\" height=\"901\" class=\"aligncenter size-full wp-image-268346\"  \/><\/p>\n<p>As\u00ed que, cuando consigue enfrentar a su padre, David Cain, quien le hab\u00eda convertido, a trav\u00e9s de la manipulaci\u00f3n mental, en la asesina que ella siempre jur\u00f3 no volverse a convertir. Cuando tu propio padre ha violado aquello que es para ti lo m\u00e1s sagrado, quien ha manchado con sangre tus manos sin que tu pudieras resistirte, es tu \u00abfound family\u00ab. Pero Batman demuestra que es un justiciero por un ideal, por la bondad de ayudar a quien lo necesita, y que su familia puede ampliarse para aquellos que cada d\u00eda demuestran su compromiso por el pr\u00f3jimo. Batman tiene su primera hija: Cassandra Cain. Cassandra Wayne para el futuro. <\/p>\n<p><img loading=\"lazy\" decoding=\"async\" src=\"https:\/\/www.europesays.com\/es\/wp-content\/uploads\/2025\/09\/batgirl-cass-3.jpg\" alt=\"\" width=\"600\" height=\"901\" class=\"aligncenter size-full wp-image-268347\"  \/><\/p>\n<p>La escena de Luis Javier Capote P\u00e9rez<\/p>\n<p><strong>Y ahora pasamos a la publicidad<\/strong> <\/p>\n<p> <img loading=\"lazy\" decoding=\"async\" src=\"https:\/\/www.europesays.com\/es\/wp-content\/uploads\/2025\/09\/stv83bat-600x831.jpg\" alt=\"Anuncio de Editorial Bruguera.&#10;Fuente: La Imaginoteca.\" width=\"600\" height=\"831\" class=\"size-large wp-image-268354\"  \/>Anuncio de Editorial Bruguera.<br \/>Fuente: La Imaginoteca.<\/p>\n<p>Mi primer recuerdo de <strong>Batman<\/strong> no es un tebeo ni una pel\u00edcula ni un videojuego. Es de un anuncio de una de las mil y una revista que a finales de los setenta y principios de los ochenta poblaban los quioscos espa\u00f1oles con el sello del gato negro que representaba a la difunta -como editorial- y rediviva -como marca- <strong>Bruguera. <\/strong><\/p>\n<p>Era una imagen cargada de fuerza en la que <strong>Batman<\/strong> dec\u00eda a <strong>Superman<\/strong> que juntos pod\u00edan hacer grandes cosas. Era un anuncio de que los ic\u00f3nicos personajes de <strong>DC Comics<\/strong> iban a ser publicados por <strong>Bruguera.<\/strong> En aquellos d\u00edas, la diferencia entre esta compa\u00f1\u00eda y su competidora <strong>Marvel <\/strong>era completamente extra\u00f1a para m\u00ed. El hecho de que una misma editorial publicara sus andanzas y las de Spider-Man o la Masa ayudaba a la consideraci\u00f3n de que todo era uno y trino. Tendr\u00edan que llegar el a\u00f1o 1989 y la primera pel\u00edcula detectivesca de Tim Burton para encontrar en aquel enfrentamiento entre Batman y Hulk la noticia de que se trataba de personajes pertenecientes a dos empresas. <\/p>\n<p>La remembranza de este momento me lleva a otro tiempo, casi otra vida, en la que el superh\u00e9roe ic\u00f3nico por antonomasia era Superman. Los justicieros s\u00faper-poderosos eran el kriptoniano y luego estaban todos los dem\u00e1s. El hombre de acero gozaba de la popularidad de sus pel\u00edculas y el caballero nocturno a\u00fan estaba por llegar. <\/p>\n<p>Cuatro d\u00e9cadas m\u00e1s tarde, Marvel y DC no solamente vuelve a reunirse para proyectos especiales, sino que se publican en Espa\u00f1a bajo un mismo sello editorial. <\/p>\n<p>La escena de Fer Garc\u00eda<\/p>\n<p><strong>Dective Comics #826. Masacre sobre ruedas<\/strong> <\/p>\n<p><img loading=\"lazy\" decoding=\"async\" src=\"https:\/\/www.europesays.com\/es\/wp-content\/uploads\/2025\/09\/Detective-Comics-826-portada-180x277.jpg\" alt=\"\" width=\"180\" height=\"277\" class=\"alignleft size-thumbnail wp-image-268359\"  \/>Cuando los compa\u00f1eros de la secci\u00f3n DC me invitaron a acompa\u00f1arlos en esta celebraci\u00f3n del Batman Day no dud\u00e9 por un segundo en dirigir mis pensamientos a la \u00e9poca en la que m\u00e1s disfrut\u00e9 de los c\u00f3mics del hombre murci\u00e9lago. Corr\u00eda el a\u00f1o 2006, hab\u00eda finalizado Crisis Infinita a la vez que se daba inicio a los acontecimientos de 52, en forma de serie semanal, y en las cabeceras de este personaje se erigi\u00f3 un triunvirato que nos ofreci\u00f3 los mejores comics que jam\u00e1s se han realizado sobre \u00e9l, encabezado por <strong>Peter J. Tomasi<\/strong> en el cargo de editor (y que posteriormente se revelar\u00eda como un s\u00f3lido guionista), quien asign\u00f3 a <strong> Grant Morrison<\/strong> y <strong> Paul Dini<\/strong>, como los guionistas de dos brillantes etapas al frente de Batman y Detective Comics, respectivamente. La eficaz coordinaci\u00f3n entre las cabeceras, el consistente desarrollo de sus sofisticados guiones, los conocimientos de las bases del personaje, el buen encaje de sus aportaciones a la mitolog\u00eda del murci\u00e9lago y el espectacular trabajo de dibujantes como <strong>Andy Kubert<\/strong>, <strong>J. H. Williams III<\/strong>, <strong>Frank Quitely<\/strong>, <strong>Don Kramer<\/strong>, <strong>Dustin Nguyen<\/strong> o <strong>Patrick Gleason<\/strong> hicieron que esta etapa de la larga vida editorial del personaje fuese inolvidable.<\/p>\n<p>La propuesta de <strong>Dini<\/strong> consisti\u00f3 en la publicaci\u00f3n de historias autoconclusivas, mes tras mes, pensadas para el formato grapa, homenajeando a las aventuras de la Edad de Oro y la Edad de Plata que hab\u00eda le\u00eddo durante su juventud, enfatizando el car\u00e1cter detectivesco y la resoluci\u00f3n de un caso cada mes, ideas que se pod\u00eda percibir en las potentes portadas en blanco y negro de <strong>Simone Bianchi<\/strong>, que evocaban a la \u00e9poca de esplendor del g\u00e9nero negro. Si bien los primeros n\u00fameros se centraron en una nueva rivalidad entre Batman y un renovado Edward Nigma por resolver diferentes misterios, no tard\u00f3 en hacer acto de presencia el Joker, la gran n\u00e9mesis del personaje. Detective Comics #826, publicado en diciembre de 2006, fue el n\u00famero elegido para que el payaso del crimen hiciese acto de presencia, en una historia ambientada en los d\u00edas previos a la Navidad, con una Gotham nevada por cuyas calles la gente paseaba despreocupada comprando regalos para sus seres queridos. Sin embargo, aquel enfrentamiento no tendr\u00eda lugar contra Batman, sino contra su disc\u00edpulo.<\/p>\n<p>Tim Drake, quien portaba el manto de Robin por aquel entonces, se encontraba investigando a una banda de traficantes de armas y cuando se dispon\u00eda a capturarlos se vio en mitad de un tiroteo con otra banda rival, por lo que la historia comienza con este personaje huyendo en su moto mientras esquiva los disparos. Quedando acorralado por sus perseguidores, Tim se lanza al interior de un coche cuyo conductor le ofrec\u00eda ayuda, pero solo tiene un segundo para darse cuenta de que hab\u00eda cometido el mayor error de su vida antes de ser gaseado y caer dormido. Tras un flashback en el que dialoga con Bruce Wayne y Dick Grayson sobre Joker y los Hermanos Marx (de gran relevancia en el desenlace de la historia), comienza la escena que quiero destacar en esta ocasi\u00f3n, en la que Tim despierta maniatado con cinta adhesiva y luces navide\u00f1as en el asiento del copiloto junto a Joker, que conduce por la ciudad atropellando a los viandantes, aumentando la ira y el odio del joven justiciero.<\/p>\n<p><img loading=\"lazy\" decoding=\"async\" src=\"https:\/\/www.europesays.com\/es\/wp-content\/uploads\/2025\/09\/Detective-Comics-826-3.jpg\" alt=\"\" width=\"675\" height=\"500\" class=\"aligncenter size-full wp-image-268360\"  \/><\/p>\n<p>Lejos de perder los nervios, Tim mantiene la cabeza fr\u00eda en todo momento, sin ceder a las provocaciones del Joker y buscando una manera de salvar su vida, esperando un momento de debilidad que le permita liberarse y poder neutralizar a su enemigo. Dini retrata perfectamente el car\u00e1cter de Batman a trav\u00e9s de los aprendizajes realizados por su pupilo y los actos mediante los que los pone en pr\u00e1ctica, as\u00ed como del sentido de culpa por no haber podido reducir el reguero de muertes dejado tras el paso del veh\u00edculo por las calles de la ciudad. <strong>Don Kramer<\/strong> dibuja unas p\u00e1ginas fabulosas, en las que mantiene la tensi\u00f3n de la historia y realza los momentos en los que la locura del payaso del crimen se desata, traduci\u00e9ndose en varios asesinatos cometidos en un breve lapso de tiempo.<\/p>\n<p>Espero que este texto sirva para animaros a descubrir esta excelente etapa del personaje a quienes a\u00fan no la conozc\u00e1is y a releerla a aquellos que ya conoc\u00e9is sus bondades. \u00a1Feliz Batman Day!<\/p>\n<p>\u2014\u2014\u2014\u2014\u2014\u2014\u2014\u2014\u2014\u2014\u2014\u2014\u2014-<\/p>\n<p>Esperamos que te hayan gustado y que nos pongas en los comentarios tus escenas favoritas del Hombre Murci\u00e9galo.<\/p>\n<p>\u00a1\u00a1Feliz Batman Day!!<\/p>\n","protected":false},"excerpt":{"rendered":"Celebramos el Batman Day exponiendo algunas de las escenas favoritas de Batman por parte de miembros de la&hellip;\n","protected":false},"author":2,"featured_media":127786,"comment_status":"","ping_status":"","sticky":false,"template":"","format":"standard","meta":{"footnotes":""},"categories":[169],"tags":[177,146,147,25,24,176,175,23],"class_list":{"0":"post-127785","1":"post","2":"type-post","3":"status-publish","4":"format-standard","5":"has-post-thumbnail","7":"category-cine","8":"tag-cine","9":"tag-entertainment","10":"tag-entretenimiento","11":"tag-es","12":"tag-espana","13":"tag-film","14":"tag-movies","15":"tag-spain"},"share_on_mastodon":{"url":"","error":""},"_links":{"self":[{"href":"https:\/\/www.europesays.com\/es\/wp-json\/wp\/v2\/posts\/127785","targetHints":{"allow":["GET"]}}],"collection":[{"href":"https:\/\/www.europesays.com\/es\/wp-json\/wp\/v2\/posts"}],"about":[{"href":"https:\/\/www.europesays.com\/es\/wp-json\/wp\/v2\/types\/post"}],"author":[{"embeddable":true,"href":"https:\/\/www.europesays.com\/es\/wp-json\/wp\/v2\/users\/2"}],"replies":[{"embeddable":true,"href":"https:\/\/www.europesays.com\/es\/wp-json\/wp\/v2\/comments?post=127785"}],"version-history":[{"count":0,"href":"https:\/\/www.europesays.com\/es\/wp-json\/wp\/v2\/posts\/127785\/revisions"}],"wp:featuredmedia":[{"embeddable":true,"href":"https:\/\/www.europesays.com\/es\/wp-json\/wp\/v2\/media\/127786"}],"wp:attachment":[{"href":"https:\/\/www.europesays.com\/es\/wp-json\/wp\/v2\/media?parent=127785"}],"wp:term":[{"taxonomy":"category","embeddable":true,"href":"https:\/\/www.europesays.com\/es\/wp-json\/wp\/v2\/categories?post=127785"},{"taxonomy":"post_tag","embeddable":true,"href":"https:\/\/www.europesays.com\/es\/wp-json\/wp\/v2\/tags?post=127785"}],"curies":[{"name":"wp","href":"https:\/\/api.w.org\/{rel}","templated":true}]}}