{"id":127787,"date":"2025-09-20T16:59:13","date_gmt":"2025-09-20T16:59:13","guid":{"rendered":"https:\/\/www.europesays.com\/es\/127787\/"},"modified":"2025-09-20T16:59:13","modified_gmt":"2025-09-20T16:59:13","slug":"maria-perez-repite-doblete-y-sudamerica-se-bana-en-oro-en-mundial-de-atletismo","status":"publish","type":"post","link":"https:\/\/www.europesays.com\/es\/127787\/","title":{"rendered":"Mar\u00eda P\u00e9rez repite doblete y Sudam\u00e9rica se ba\u00f1a en oro en Mundial de atletismo"},"content":{"rendered":"<p>    <img src=\"https:\/\/www.europesays.com\/es\/wp-content\/uploads\/2025\/09\/2025-09-20T163A033A59Z-90038702.jpg\" width=\"1024\" height=\"682\" alt=\"\" loading=\"eager\" decoding=\"sync\" fetchpriority=\"high\"\/><\/p>\n<p>            afp_tickers        <\/p>\n<p>        Este contenido fue publicado en    <\/p>\n<p>        20 septiembre 2025 &#8211; 18:03\n<\/p>\n<p>Mar\u00eda P\u00e9rez se gan\u00f3 los focos en el pen\u00faltimo d\u00eda del Mundial de Tokio al sellar el doblete de la marcha, ganando los 20 kil\u00f3metros, este s\u00e1bado en una jornada con alegr\u00edas sudamericanas por dos oros in\u00e9ditos, el del brasile\u00f1o Caio Bonfim en 20 km marcha y la ecuatoriana Juleisy Angulo en jabalina.<\/p>\n<p>Una semana despu\u00e9s de triunfar en los 35 km, la andaluza de 29 a\u00f1os se impuso tambi\u00e9n en los 20 km (1h25:54), liderando un podio en el que la mexicana Alegna Gonz\u00e1lez fue plata (1h26:06, r\u00e9cord continental) y la japonesa Nanako Fujii (1h26:18, r\u00e9cord de su pa\u00eds) se qued\u00f3 con el bronce ante su p\u00fablico.<\/p>\n<p>\u00abSoy la mujer m\u00e1s feliz del mundo. No vine para superarme en la historia del deporte, sino para superarme a m\u00ed misma\u00bb, declar\u00f3 la campeona tras su triunfo.<\/p>\n<p>Es su cuarta medalla mundial y la cuarta de oro, ya que no solo hizo doblete de t\u00edtulos en esta edici\u00f3n sino tambi\u00e9n en la pasada, en Budapest 2023, en las mismas pruebas (20-35 km marcha).<\/p>\n<p>\u2013 Brasil y Ecuador, d\u00eda hist\u00f3rico \u2013<\/p>\n<p>Dos pa\u00edses sudamericanos vivieron por su parte una jornada hist\u00f3rica para su atletismo.<\/p>\n<p>Brasil consigui\u00f3 su primer campe\u00f3n mundial en marcha gracias a Caio Bonfim, que se impuso en los 20 km (1h18:35), una semana despu\u00e9s de su plata en los 35 km.<\/p>\n<p>El gigante sudamericano sum\u00f3 su tercer oro mundial en atletismo. Los anteriores hab\u00edan sido en salto con garrocha (Fabiana Murer en 2011) y en 400 metros vallas (Alison Dos Santos en 2022).<\/p>\n<p>La sorpresa del s\u00e1bado la dio Ecuador con Juleisy Angulo, triunfadora contra todo pron\u00f3stico en el lanzamiento de jabalina (65,12 metros, nuevo r\u00e9cord de su pa\u00eds).<\/p>\n<p>Es la octava medalla de Ecuador en Mundiales de atletismo y la primera en una prueba de lanzamientos, ya que las anteriores fueron seis en marcha y una en 200 metros.<\/p>\n<p>\u2013 Chebet, doblete del fondo \u2013<\/p>\n<p>Si Mar\u00eda P\u00e9rez hizo doblete en la marcha, la keniana Beatrice Chebet lo hizo en el fondo al ganar los 5.000 metros.<\/p>\n<p>El pulso entre la campeona ol\u00edmpica y plusmarquista mundial Chebet, oro mundial hace una semana en 10.000 metros, y su compatriota defensora del t\u00edtulo Faith Kipyegon en los 5.000 metros se esperaba con gran expectaci\u00f3n y la primera gan\u00f3 el pulso a su gran amiga.<\/p>\n<p>Chebet (14:54.36) fue m\u00e1s r\u00e1pida que Kipyegon (14:55.07), ganadora de los 1.500 metros en esta edici\u00f3n y que se qued\u00f3 con la plata, mientras que el bronce fue para la italiana Nadia Battocletti (14:55.42).<\/p>\n<p>Reedita as\u00ed en este Mundial el mismo doblete del fondo que firm\u00f3 el a\u00f1o pasado en los Juegos Ol\u00edmpicos de Par\u00eds.<\/p>\n<p>No hab\u00eda ninguna mujer que lograra ganar los 5.000 y los 10.000 metros en el mismo Mundial desde que lo hiciera su compatriota Vivian Cheruiyot en Daegu 2011.<\/p>\n<p>\u00abMe voy feliz con las dos medallas de oro. Faith y yo somos grandes amigas, nos motivamos mucho la una a la hora. Ahora solo quiero dormir y estar con mi hija\u00bb, afirm\u00f3.<\/p>\n<p>\u2013 Wanyonyi evita sorpresas \u2013<\/p>\n<p>No fue la \u00fanica alegr\u00eda keniana de la noche en el estadio Nacional, ya que Emmanuel Wanyonyi triunf\u00f3 en los 800 metros (1:46.81), estableciendo de paso un nuevo r\u00e9cord del campeonato.<\/p>\n<p>Con la plata se qued\u00f3 el argelino Djamel Sedjati (1:41.90) y con el bronce el canadiense Marco Arop (1:41.95), mientras que el espa\u00f1ol Mohamed Attaoui (1:42.21) fue quinto, repitiendo la posici\u00f3n que obtuvo el a\u00f1o pasado en la final ol\u00edmpica.<\/p>\n<p>Wanyonyi es considerado desde hace tiempo el hombre llamado a batir el r\u00e9cord mundial de su compariota David Rudisha (1:40.91, en pie desde 2012), pero esa plusmarca se le resiste.<\/p>\n<p>\u00abTendr\u00e9 que empezar a pensar en el r\u00e9cord del mundo, pero mi objetivo principal es ganar el oro en los Juegos Ol\u00edmpicos de Los \u00c1ngeles 2028\u00bb, se\u00f1al\u00f3.<\/p>\n<p>En la carrera de este s\u00e1bado tom\u00f3 el control mediada la primera vuelta y en el final, pese a que parec\u00eda llegar algo corto, consigui\u00f3 acelerar para asegurar el triunfo<\/p>\n<p>dr\/mcd<\/p>\n","protected":false},"excerpt":{"rendered":"afp_tickers Este contenido fue publicado en 20 septiembre 2025 &#8211; 18:03 Mar\u00eda P\u00e9rez se gan\u00f3 los focos en&hellip;\n","protected":false},"author":2,"featured_media":127788,"comment_status":"","ping_status":"","sticky":false,"template":"","format":"standard","meta":{"footnotes":""},"categories":[93],"tags":[40461,168,25,24,23,3020,167,28841,90,40462,35245],"class_list":{"0":"post-127787","1":"post","2":"type-post","3":"status-publish","4":"format-standard","5":"has-post-thumbnail","7":"category-deportes","8":"tag-athletics","9":"tag-deportes","10":"tag-es","11":"tag-espana","12":"tag-spain","13":"tag-sport","14":"tag-sports","15":"tag-sports-event","16":"tag-ticker","17":"tag-track-and-field","18":"tag-world-championship"},"share_on_mastodon":{"url":"","error":""},"_links":{"self":[{"href":"https:\/\/www.europesays.com\/es\/wp-json\/wp\/v2\/posts\/127787","targetHints":{"allow":["GET"]}}],"collection":[{"href":"https:\/\/www.europesays.com\/es\/wp-json\/wp\/v2\/posts"}],"about":[{"href":"https:\/\/www.europesays.com\/es\/wp-json\/wp\/v2\/types\/post"}],"author":[{"embeddable":true,"href":"https:\/\/www.europesays.com\/es\/wp-json\/wp\/v2\/users\/2"}],"replies":[{"embeddable":true,"href":"https:\/\/www.europesays.com\/es\/wp-json\/wp\/v2\/comments?post=127787"}],"version-history":[{"count":0,"href":"https:\/\/www.europesays.com\/es\/wp-json\/wp\/v2\/posts\/127787\/revisions"}],"wp:featuredmedia":[{"embeddable":true,"href":"https:\/\/www.europesays.com\/es\/wp-json\/wp\/v2\/media\/127788"}],"wp:attachment":[{"href":"https:\/\/www.europesays.com\/es\/wp-json\/wp\/v2\/media?parent=127787"}],"wp:term":[{"taxonomy":"category","embeddable":true,"href":"https:\/\/www.europesays.com\/es\/wp-json\/wp\/v2\/categories?post=127787"},{"taxonomy":"post_tag","embeddable":true,"href":"https:\/\/www.europesays.com\/es\/wp-json\/wp\/v2\/tags?post=127787"}],"curies":[{"name":"wp","href":"https:\/\/api.w.org\/{rel}","templated":true}]}}