{"id":127794,"date":"2025-09-20T17:04:07","date_gmt":"2025-09-20T17:04:07","guid":{"rendered":"https:\/\/www.europesays.com\/es\/127794\/"},"modified":"2025-09-20T17:04:07","modified_gmt":"2025-09-20T17:04:07","slug":"israel-bombardea-supuestas-infraestructuras-de-hezbola-en-el-sur-de-libano","status":"publish","type":"post","link":"https:\/\/www.europesays.com\/es\/127794\/","title":{"rendered":"Israel bombardea supuestas infraestructuras de Hezbol\u00e1 en el sur de L\u00edbano"},"content":{"rendered":"<p>Y mientras Gaza arde, en segundo plano Israel mantiene la vista tambi\u00e9n en L\u00edbano. El jueves, las fuerzas de Tel Aviv bombardearon tres municipios en territorio del sur de ese pa\u00eds, tras dar una hora a la poblaci\u00f3n para abandonarlos. Seg\u00fan Israel, el ataque estuvo dirigido contra la infraestructura militar de Hezbol\u00e1. Adem\u00e1s, las fuerzas israel\u00edes anunciaron nuevas rondas de bombardeos en la parte sur de ese pa\u00eds. El lunes, otro ataque israel\u00ed en la localidad de Nabati\u00e9, en el sur de L\u00edbano, dej\u00f3 al menos ocho heridos, la mitad menores de edad. En los \u00faltimos meses Israel ha llevado a cabo numerosos ataques a\u00e9reos sobre lugares que asegura est\u00e1n vinculados a Hezbol\u00e1, pese al acuerdo de alto el fuego acordado el pasado noviembre. Tel Aviv asegura que sus ofensivas son acciones contra actividades de Hezbol\u00e1 y no infringen el pacto de paz.\u00a0<\/p>\n<p>El primer ministro liban\u00e9s, Nawaf Salam, ha instado a la comunidad internacional a ejercer \u201cm\u00e1xima presi\u00f3n\u201d sobre Israel para frenar sus ataques y hacer que se retire de territorio liban\u00e9s. El acuerdo de alto el fuego de noviembre, alcanzado tras meses de enfrentamientos tras los ataques del 7 de octubre de 2023, establec\u00eda que tanto Israel como Hezbol\u00e1 deb\u00edan retirar sus fuerzas\u00a0 del sur de L\u00edbano. Pese a ello, el Ej\u00e9rcito israel\u00ed mantiene varios puestos en territorio de este pa\u00eds. Precisamente este mi\u00e9rcoles se cumpli\u00f3 un a\u00f1o de los ataques coordinados contra miembros de Hezbol\u00e1 a trav\u00e9s de la detonaci\u00f3n de sus buscas y walkie-talkies. Aquella operaci\u00f3n, que dej\u00f3 una treintena de muertos y cerca de 3.000 heridos, fue atribuida al Mossad, la agencia de Inteligencia israel\u00ed.\u00a0<\/p>\n<p>\n        Tambi\u00e9n puedes escuchar el rickshaw de esta semana en:\n    <\/p>\n<p>                        Recibe la actualidad semanal en tu correo<\/p>\n<p> Nos fijamos en los polos de poder y en los rincones olvidados<\/p>\n<p>                                Suscr\u00edbete                            <\/p>\n<p>                        Escucha episodios anteriores del rickshaw<\/p>\n<p> Consulta el archivo con todos los cap\u00edtulos de semanas anteiores<\/p>\n<p>                                                    <a class=\"button dark\" href=\"https:\/\/www.revista5w.com\/podcast\/el-rickshaw\" target=\"_self\" rel=\"nofollow noopener\"><br \/>\n                                Episodios anteriores                            <\/a><\/p>\n","protected":false},"excerpt":{"rendered":"Y mientras Gaza arde, en segundo plano Israel mantiene la vista tambi\u00e9n en L\u00edbano. El jueves, las fuerzas&hellip;\n","protected":false},"author":2,"featured_media":127795,"comment_status":"","ping_status":"","sticky":false,"template":"","format":"standard","meta":{"footnotes":""},"categories":[42],"tags":[17,18,13,14,11,61,62,63,64,19,20,9,10,15,16,12,21,22,65,66,67],"class_list":{"0":"post-127794","1":"post","2":"type-post","3":"status-publish","4":"format-standard","5":"has-post-thumbnail","7":"category-internacional","8":"tag-breaking-news","9":"tag-breakingnews","10":"tag-featured-news","11":"tag-featurednews","12":"tag-headlines","13":"tag-internacional","14":"tag-international","15":"tag-international-news","16":"tag-internationalnews","17":"tag-latest-news","18":"tag-latestnews","19":"tag-news","20":"tag-noticias","21":"tag-noticias-destacadas","22":"tag-noticiasdestacadas","23":"tag-titulares","24":"tag-ultimas-noticias","25":"tag-ultimasnoticias","26":"tag-world","27":"tag-world-news","28":"tag-worldnews"},"share_on_mastodon":{"url":"","error":""},"_links":{"self":[{"href":"https:\/\/www.europesays.com\/es\/wp-json\/wp\/v2\/posts\/127794","targetHints":{"allow":["GET"]}}],"collection":[{"href":"https:\/\/www.europesays.com\/es\/wp-json\/wp\/v2\/posts"}],"about":[{"href":"https:\/\/www.europesays.com\/es\/wp-json\/wp\/v2\/types\/post"}],"author":[{"embeddable":true,"href":"https:\/\/www.europesays.com\/es\/wp-json\/wp\/v2\/users\/2"}],"replies":[{"embeddable":true,"href":"https:\/\/www.europesays.com\/es\/wp-json\/wp\/v2\/comments?post=127794"}],"version-history":[{"count":0,"href":"https:\/\/www.europesays.com\/es\/wp-json\/wp\/v2\/posts\/127794\/revisions"}],"wp:featuredmedia":[{"embeddable":true,"href":"https:\/\/www.europesays.com\/es\/wp-json\/wp\/v2\/media\/127795"}],"wp:attachment":[{"href":"https:\/\/www.europesays.com\/es\/wp-json\/wp\/v2\/media?parent=127794"}],"wp:term":[{"taxonomy":"category","embeddable":true,"href":"https:\/\/www.europesays.com\/es\/wp-json\/wp\/v2\/categories?post=127794"},{"taxonomy":"post_tag","embeddable":true,"href":"https:\/\/www.europesays.com\/es\/wp-json\/wp\/v2\/tags?post=127794"}],"curies":[{"name":"wp","href":"https:\/\/api.w.org\/{rel}","templated":true}]}}