{"id":127796,"date":"2025-09-20T17:05:09","date_gmt":"2025-09-20T17:05:09","guid":{"rendered":"https:\/\/www.europesays.com\/es\/127796\/"},"modified":"2025-09-20T17:05:09","modified_gmt":"2025-09-20T17:05:09","slug":"el-ayuntamiento-de-sevilla-estrena-el-festival-macarena-flamenca-por-los-600-anos-del-pueblo-gitano-en-espana","status":"publish","type":"post","link":"https:\/\/www.europesays.com\/es\/127796\/","title":{"rendered":"El Ayuntamiento de Sevilla estrena el Festival Macarena Flamenca por los 600 a\u00f1os del pueblo gitano en Espa\u00f1a"},"content":{"rendered":"<p>20\/09\/2025<br \/>\n<br \/><strong><br \/>\nActualizado a las 16:07h.<br \/>\n<\/strong><\/p>\n<p class=\"voc-p\" style=\"\">El Ayuntamiento de Sevilla, a trav\u00e9s del \u00c1rea de Turismo y Cultura y en colaboraci\u00f3n con el Distrito Macarena, presenta el I Festival Macarena Flamenca, una cita que se celebra por primera vez en el barrio y que tendr\u00e1 lugar <strong>el pr\u00f3ximo 26 de septiembre a las 21, 00 horas en la Plaza Virgen del Pilar de La Barzola<\/strong>, con entrada libre hasta completar aforo.<\/p>\n<p class=\"voc-p\" style=\"\">El evento se enmarca en la<strong> conmemoraci\u00f3n de los 600 a\u00f1os de la llegada del pueblo gitano a la Pen\u00ednsula Ib\u00e9rica<\/strong>, un hito hist\u00f3rico que pone en valor las ra\u00edces y aportaciones culturales de esta comunidad, estrechamente vinculada al flamenco como se\u00f1a de identidad.<\/p>\n<p><img decoding=\"async\" loading=\"lazy\" src=\"https:\/\/www.europesays.com\/es\/wp-content\/uploads\/2025\/09\/9894693a-17b4-4375-b5f6-8a436b790ef8_20250920142735-U86207325141NAV-760x1000@diario_abc.jpg\" class=\"voc-img\" width=\"760\" height=\"1000\" alt=\"Cartel del I Festival Macarena Flamenca\" data-voc-vtm-id=\"in-text-traffic\"\/><\/p>\n<p>Cartel del I Festival Macarena Flamenca<\/p>\n<p>abc<\/p>\n<p class=\"voc-p\" style=\"\">El cartel art\u00edstico contar\u00e1 con <strong>Adela Campallo, Fernando Soto, Fran Cort\u00e9s y Dieguito Amador<\/strong>, cuatro referentes del flamenco actual, y ser\u00e1 presentado por el periodista y escritor <strong>Antonio Ortega<\/strong>.<\/p>\n<p class=\"voc-p\" style=\"\">Durante la velada, el alcalde de Sevilla, Jos\u00e9 Luis Sanz, entregar\u00e1 distinciones a entidades fundamentales en la defensa y promoci\u00f3n de la cultura gitana: la<strong> hermandad de Los Gitanos<\/strong>, por ser la instituci\u00f3n representativa m\u00e1s antigua de esta etnia en la ciudad; <strong>Fakali<\/strong>, Federaci\u00f3n de Asociaciones de Mujeres Gitanas, por su trabajo y compromiso con la igualdad y el fortalecimiento cultural de la comunidad; y el<strong> Secretariado Gitano<\/strong>, por su trayectoria en la defensa de los derechos sociales y culturales del pueblo gitano.<\/p>\n<p class=\"voc-p\" style=\"\">La delegada de Cultura, Angie Moreno, ha subrayado que \u00abel Festival Macarena Flamenca nace con vocaci\u00f3n de permanencia, como un espacio en el que se unen arte, memoria y barr. Con \u00e9l celebramos las ra\u00edces del flamenco y reconocemos el papel esencial del pueblo gitano en nuestra historia cultural\u00bb.<\/p>\n<p>Reportar un error<\/p>\n","protected":false},"excerpt":{"rendered":"20\/09\/2025 Actualizado a las 16:07h. El Ayuntamiento de Sevilla, a trav\u00e9s del \u00c1rea de Turismo y Cultura y&hellip;\n","protected":false},"author":2,"featured_media":127797,"comment_status":"","ping_status":"","sticky":false,"template":"","format":"standard","meta":{"footnotes":""},"categories":[8],"tags":[38579,988,1250,17,18,25,24,1719,13,14,3931,41334,41335,11,19,20,60,9,10,15,16,4899,1171,23,12,21,22],"class_list":{"0":"post-127796","1":"post","2":"type-post","3":"status-publish","4":"format-standard","5":"has-post-thumbnail","7":"category-espana","8":"tag-38579","9":"tag-anos","10":"tag-ayuntamiento","11":"tag-breaking-news","12":"tag-breakingnews","13":"tag-es","14":"tag-espana","15":"tag-estrena","16":"tag-featured-news","17":"tag-featurednews","18":"tag-festival","19":"tag-flamenca","20":"tag-gitano","21":"tag-headlines","22":"tag-latest-news","23":"tag-latestnews","24":"tag-macarena","25":"tag-news","26":"tag-noticias","27":"tag-noticias-destacadas","28":"tag-noticiasdestacadas","29":"tag-pueblo","30":"tag-sevilla","31":"tag-spain","32":"tag-titulares","33":"tag-ultimas-noticias","34":"tag-ultimasnoticias"},"share_on_mastodon":{"url":"","error":""},"_links":{"self":[{"href":"https:\/\/www.europesays.com\/es\/wp-json\/wp\/v2\/posts\/127796","targetHints":{"allow":["GET"]}}],"collection":[{"href":"https:\/\/www.europesays.com\/es\/wp-json\/wp\/v2\/posts"}],"about":[{"href":"https:\/\/www.europesays.com\/es\/wp-json\/wp\/v2\/types\/post"}],"author":[{"embeddable":true,"href":"https:\/\/www.europesays.com\/es\/wp-json\/wp\/v2\/users\/2"}],"replies":[{"embeddable":true,"href":"https:\/\/www.europesays.com\/es\/wp-json\/wp\/v2\/comments?post=127796"}],"version-history":[{"count":0,"href":"https:\/\/www.europesays.com\/es\/wp-json\/wp\/v2\/posts\/127796\/revisions"}],"wp:featuredmedia":[{"embeddable":true,"href":"https:\/\/www.europesays.com\/es\/wp-json\/wp\/v2\/media\/127797"}],"wp:attachment":[{"href":"https:\/\/www.europesays.com\/es\/wp-json\/wp\/v2\/media?parent=127796"}],"wp:term":[{"taxonomy":"category","embeddable":true,"href":"https:\/\/www.europesays.com\/es\/wp-json\/wp\/v2\/categories?post=127796"},{"taxonomy":"post_tag","embeddable":true,"href":"https:\/\/www.europesays.com\/es\/wp-json\/wp\/v2\/tags?post=127796"}],"curies":[{"name":"wp","href":"https:\/\/api.w.org\/{rel}","templated":true}]}}