{"id":127800,"date":"2025-09-20T17:07:16","date_gmt":"2025-09-20T17:07:16","guid":{"rendered":"https:\/\/www.europesays.com\/es\/127800\/"},"modified":"2025-09-20T17:07:16","modified_gmt":"2025-09-20T17:07:16","slug":"el-ademar-se-estrena-en-casa-con-un-duelo-de-altura","status":"publish","type":"post","link":"https:\/\/www.europesays.com\/es\/127800\/","title":{"rendered":"El Ademar se estrena en casa con un duelo de altura"},"content":{"rendered":"<p>Este domingo a las 12:30 horas, el Abanca Ademar Le\u00f3n jugar\u00e1 su primer partido como local de la temporada en el Palacio de los Deportes Urbano Gonz\u00e1lez Escapa. Tras arrancar la Liga Nexus Energ\u00eda Asobal con una victoria a domicilio frente al Cangas (25-29), el equipo leon\u00e9s buscar\u00e1 encadenar su segundo triunfo en este inicio liguero, esta vez frente a uno de los cl\u00e1sicos del balonmano espa\u00f1ol: el BM Granollers.<\/p>\n<p>Bajas sensibles, pero buenas noticias<\/p>\n<p>El conjunto dirigido por Dani Gordo llega al encuentro con algunas bajas importantes. \u00d3scar Lindqvist contin\u00faa recuper\u00e1ndose de una lesi\u00f3n en un dedo de la mano, mientras que \u00c1lex Lodos sigue fuera por la rotura de ligamento cruzado en la rodilla sufrida la pasada temporada. Sin embargo, la semana de trabajo tambi\u00e9n ha servido para ir recuperando a jugadores con molestias f\u00edsicas, como el extremo Sergio S\u00e1nchez y el lateral Patrik Wazyak, que podr\u00edan estar disponibles para el cuerpo t\u00e9cnico.<\/p>\n<p>Un rival de altura<\/p>\n<p>Enfrente estar\u00e1 el BM Granollers, dirigido por Antonio Rama, que mantiene su apuesta por un bloque equilibrado entre veteran\u00eda y juventud. Jugadores como Jordi Deumal, que regresa tras siete temporadas en Francia, y el argentino Guillermo Fischer aportan experiencia, mientras que j\u00f3venes como el lateral Marcos Fis \u2014una de las grandes promesas del balonmano espa\u00f1ol\u2014 lideran la nueva generaci\u00f3n. Con solo 18 a\u00f1os, Fis ya ha debutado con la selecci\u00f3n absoluta y fue el m\u00e1ximo goleador de su equipo en la primera jornada, en la que vencieron con autoridad al BM Puente Genil (38-33).<\/p>\n<p>Igualdad m\u00e1xima<\/p>\n<p>Los antecedentes m\u00e1s recientes entre ambos equipos hablan de igualdad m\u00e1xima. En el \u00faltimo enfrentamiento, disputado en tierras catalanas, el resultado fue un empate a 30. En el anterior, jugado en Le\u00f3n, fue el Ademar quien se llev\u00f3 la victoria con un marcador de\u00a031-24.<\/p>\n","protected":false},"excerpt":{"rendered":"Este domingo a las 12:30 horas, el Abanca Ademar Le\u00f3n jugar\u00e1 su primer partido como local de la&hellip;\n","protected":false},"author":2,"featured_media":127801,"comment_status":"","ping_status":"","sticky":false,"template":"","format":"standard","meta":{"footnotes":""},"categories":[278],"tags":[21857,376,168,25,24,375,23,167],"class_list":{"0":"post-127800","1":"post","2":"type-post","3":"status-publish","4":"format-standard","5":"has-post-thumbnail","7":"category-balonmano","8":"tag-abanca-ademar","9":"tag-balonmano","10":"tag-deportes","11":"tag-es","12":"tag-espana","13":"tag-handball","14":"tag-spain","15":"tag-sports"},"share_on_mastodon":{"url":"","error":""},"_links":{"self":[{"href":"https:\/\/www.europesays.com\/es\/wp-json\/wp\/v2\/posts\/127800","targetHints":{"allow":["GET"]}}],"collection":[{"href":"https:\/\/www.europesays.com\/es\/wp-json\/wp\/v2\/posts"}],"about":[{"href":"https:\/\/www.europesays.com\/es\/wp-json\/wp\/v2\/types\/post"}],"author":[{"embeddable":true,"href":"https:\/\/www.europesays.com\/es\/wp-json\/wp\/v2\/users\/2"}],"replies":[{"embeddable":true,"href":"https:\/\/www.europesays.com\/es\/wp-json\/wp\/v2\/comments?post=127800"}],"version-history":[{"count":0,"href":"https:\/\/www.europesays.com\/es\/wp-json\/wp\/v2\/posts\/127800\/revisions"}],"wp:featuredmedia":[{"embeddable":true,"href":"https:\/\/www.europesays.com\/es\/wp-json\/wp\/v2\/media\/127801"}],"wp:attachment":[{"href":"https:\/\/www.europesays.com\/es\/wp-json\/wp\/v2\/media?parent=127800"}],"wp:term":[{"taxonomy":"category","embeddable":true,"href":"https:\/\/www.europesays.com\/es\/wp-json\/wp\/v2\/categories?post=127800"},{"taxonomy":"post_tag","embeddable":true,"href":"https:\/\/www.europesays.com\/es\/wp-json\/wp\/v2\/tags?post=127800"}],"curies":[{"name":"wp","href":"https:\/\/api.w.org\/{rel}","templated":true}]}}