{"id":127810,"date":"2025-09-20T17:14:08","date_gmt":"2025-09-20T17:14:08","guid":{"rendered":"https:\/\/www.europesays.com\/es\/127810\/"},"modified":"2025-09-20T17:14:08","modified_gmt":"2025-09-20T17:14:08","slug":"derrota-del-cob-con-la-cabeza-bien-alta-72-76","status":"publish","type":"post","link":"https:\/\/www.europesays.com\/es\/127810\/","title":{"rendered":"Derrota del COB con la cabeza bien alta (72-76)"},"content":{"rendered":"<p class=\"paragraph-atom &#10;        B-500-500-700-N B-600-500-700-N--md  \">Se terminaron las pruebas.<strong> El <\/strong><a href=\"https:\/\/www.laregion.es\/temas\/cob\/\" rel=\"nofollow noopener\" target=\"_blank\"><strong>COB <\/strong><\/a><strong>dijo adi\u00f3s a la pretemporada disputando su \u00faltimo amistoso<\/strong>. Fue <strong>en Lal\u00edn<\/strong>, con motivo del Torneo Kil\u00f3metro 0, <strong>ante el Basquet Coru\u00f1a<\/strong>, un vecino con el que volver\u00e1 a compartir Primera FEB. Los ourensanos fueron de menos a m\u00e1s para dejar un buen partido ante un candidato al ascenso, aunque no le sirvi\u00f3 para vencer.<strong> Derrota 72-76 con m\u00e1s luces que sombras<\/strong>, el regreso de Lisboa y la ausencia de Okanu.<\/p>\n<p class=\"paragraph-atom &#10;        B-500-500-700-N B-600-500-700-N--md  \">No comenzaron bien los de Moncho L\u00f3pez, que ya se vieron por detr\u00e1s tras el intercambio inicial. <strong>Los ataques se atascaban con un J\u00fcrgens al que se le hac\u00eda bola elaborar jugadas<\/strong>. Para colmo de males,<strong> el regresado Rafa Lisboa daba el susto (gordo) con un problema en su rodilla derecha<\/strong>. Momentos de preocupaci\u00f3n, pero el luso volver\u00eda con normalidad a pista minutos despu\u00e9s provocando el suspiro de alivio de los ourensanos que cogieron la autopista para ver el partido. Fue una met\u00e1fora de un primer cuarto gris que los herculinos cerraron 14-24 a favor y con la sensaci\u00f3n de que ven\u00edan curvas.<\/p>\n<p class=\"paragraph-atom &#10;        B-500-500-700-N B-600-500-700-N--md  \">Despu\u00e9s, <strong>el guion cambi\u00f3<\/strong>. Huguet pidi\u00f3 paso con descaro y acierto, McDonnell con su saber hacer y Mart\u00edn Iglesias demostrando que puede tener mucho que decir este curso.<strong> Ganaron confianza los ourensanos para reducir la desventaja, 23-28<\/strong> (m.15). La defensa tambi\u00e9n contribuy\u00f3 a que las cosas se nivelaran y solo los errores en los tiros libres aparec\u00edan como borr\u00f3n. Un intercambio de golpes, con un 2+1 de McDonnell y una \u00faltima canasta de los herculinos, dej\u00f3 el 39-42 camino del descanso.<\/p>\n<p class=\"paragraph-atom &#10;        B-500-500-700-N B-600-500-700-N--md  \">Todo por decidir en una reanudaci\u00f3n que sirvi\u00f3 para que J\u00fcrgens se uniese a la causa jugando m\u00e1s c\u00f3modo fuera del puesto de base. Asumi\u00f3 bal\u00f3n y tiros, con entradas a canasta que pon\u00edan en apuros a la defensa coru\u00f1esa por f\u00edsico y decisi\u00f3n. <strong>Dos tiros libres suyos pusieron al COB por delante, 47-46 <\/strong>(m.23). Llegados a ese punto, el propio estonio, Iglesias y McDonnell estaban empe\u00f1ados en que todo se decidiese al final, <strong>tras un tercer parcial que concluy\u00f3 58-62.<\/strong><\/p>\n<p class=\"paragraph-atom &#10;        B-500-500-700-N B-600-500-700-N--md  \">No fue el m\u00e1s lucido de los cuatro. Por momentos, carrusel de fallos e imprecisiones. La balanza la termin\u00f3 decidiendo el acierto. Cremo y Jorgensen se reconciliaron con el aro con el que parec\u00edan estar peleados minutos antes. Y eso le falt\u00f3 al COB, sin tiro exterior, encadenando fallos (hasta consecutivos) m\u00e1s all\u00e1 de la l\u00ednea de tres. As\u00ed cuesta el triple, literalmente. El Basquet Coru\u00f1a acab\u00f3 abriendo una peque\u00f1a brecha que no se pudo cerrar, pese a la voluntad de J\u00fcrgens.<strong> A Pacheco no le fall\u00f3 el pulso con los tiros libres decisivos y la victoria se fue para los coru\u00f1eses con ese 72-76.<\/strong><\/p>\n<p class=\"paragraph-atom &#10;        B-500-500-700-N B-600-500-700-N--md  \">Una despedida del verano con varias lecturas. J\u00fcrgens y Kalscheur van progresando, Romaro Gill contin\u00faa siendo influyente cuando est\u00e1 sobre la pista, hay secundarios que est\u00e1n sorprendiendo y Lisboa tiene a\u00fan que entrar en din\u00e1mica. Otra,<strong> un 2 de 19 en triples que muestra que por ah\u00ed puede haber un problema<\/strong>. Est\u00e1n faltando puntos y generaci\u00f3n de juego por fuera.<\/p>\n<p class=\"paragraph-atom &#10;        B-500-500-700-N B-600-500-700-N--md  \"><strong>Las caras y las cruces se podr\u00e1n a prueba el pr\u00f3ximo s\u00e1bado en el escenario principal<\/strong>. Empieza lo bueno y lo duro. El COB visitar\u00e1 al Alicante en la primera jornada liguera, se espera que con Okanu de vuelta. El primer examen, sin apuntes ni chuletas, de un a\u00f1o exigente e ilusionante.<\/p>\n<p>\n        Relacionado\n    <\/p>\n","protected":false},"excerpt":{"rendered":"Se terminaron las pruebas. El COB dijo adi\u00f3s a la pretemporada disputando su \u00faltimo amistoso. Fue en Lal\u00edn,&hellip;\n","protected":false},"author":2,"featured_media":127811,"comment_status":"","ping_status":"","sticky":false,"template":"","format":"standard","meta":{"footnotes":""},"categories":[269],"tags":[5593,299,298,1067,22068,168,2244,25,24,23,167],"class_list":{"0":"post-127810","1":"post","2":"type-post","3":"status-publish","4":"format-standard","5":"has-post-thumbnail","7":"category-baloncesto","8":"tag-alta","9":"tag-baloncesto","10":"tag-basketball","11":"tag-cabeza","12":"tag-cob","13":"tag-deportes","14":"tag-derrota","15":"tag-es","16":"tag-espana","17":"tag-spain","18":"tag-sports"},"share_on_mastodon":{"url":"","error":""},"_links":{"self":[{"href":"https:\/\/www.europesays.com\/es\/wp-json\/wp\/v2\/posts\/127810","targetHints":{"allow":["GET"]}}],"collection":[{"href":"https:\/\/www.europesays.com\/es\/wp-json\/wp\/v2\/posts"}],"about":[{"href":"https:\/\/www.europesays.com\/es\/wp-json\/wp\/v2\/types\/post"}],"author":[{"embeddable":true,"href":"https:\/\/www.europesays.com\/es\/wp-json\/wp\/v2\/users\/2"}],"replies":[{"embeddable":true,"href":"https:\/\/www.europesays.com\/es\/wp-json\/wp\/v2\/comments?post=127810"}],"version-history":[{"count":0,"href":"https:\/\/www.europesays.com\/es\/wp-json\/wp\/v2\/posts\/127810\/revisions"}],"wp:featuredmedia":[{"embeddable":true,"href":"https:\/\/www.europesays.com\/es\/wp-json\/wp\/v2\/media\/127811"}],"wp:attachment":[{"href":"https:\/\/www.europesays.com\/es\/wp-json\/wp\/v2\/media?parent=127810"}],"wp:term":[{"taxonomy":"category","embeddable":true,"href":"https:\/\/www.europesays.com\/es\/wp-json\/wp\/v2\/categories?post=127810"},{"taxonomy":"post_tag","embeddable":true,"href":"https:\/\/www.europesays.com\/es\/wp-json\/wp\/v2\/tags?post=127810"}],"curies":[{"name":"wp","href":"https:\/\/api.w.org\/{rel}","templated":true}]}}