{"id":127812,"date":"2025-09-20T17:15:13","date_gmt":"2025-09-20T17:15:13","guid":{"rendered":"https:\/\/www.europesays.com\/es\/127812\/"},"modified":"2025-09-20T17:15:13","modified_gmt":"2025-09-20T17:15:13","slug":"villarreal-osasuna-en-directo","status":"publish","type":"post","link":"https:\/\/www.europesays.com\/es\/127812\/","title":{"rendered":"Villarreal &#8211; Osasuna, en directo"},"content":{"rendered":"<p>                        Sigue minuto a minuto, el partido de f\u00fatbol de la LaLiga EA Sports que enfrenta a Villarreal contra Osasuna en la Cer\u00e1mica<br \/>\nAlineaci\u00f3n Villarreal | Luiz J\u00fanior; Pau Navarro, Juan Foyth, Rafa Mar\u00edn, Pedraza; Ilias Akhomach, Thomas, Gueye, Moleiro; Nicolas Pep\u00e9, Mikautadze<br \/>\nAlineaci\u00f3n Osasuna |\u00a0Sergio Herrera; Juan Cruz, Catena, Boyomo; Bretones, Lucas Torr\u00f3, Moncayola, Rosier; V\u00edctor Mu\u00f1oz, Budimir, Rub\u00e9n Garc\u00eda\n<\/p>\n<p>Villarreal<\/p>\n<p><img loading=\"lazy\" decoding=\"async\" alt=\"https:\/\/www.mundodeportivo.com\/futbol\/villarreal\" data-full-src=\"https:\/\/www.mundodeportivo.com\/uploads\/2021\/07\/19\/60f53b0c0639a.png\" src=\"https:\/\/www.europesays.com\/es\/wp-content\/uploads\/2025\/09\/1758388511_782_60f53b0c0639a.png\" class=\"lazy\" width=\"45\" height=\"45\"\/><\/p>\n<p>00<\/p>\n<p>Osasuna<\/p>\n<p><img loading=\"lazy\" decoding=\"async\" alt=\"https:\/\/www.mundodeportivo.com\/futbol\/osasuna\" data-full-src=\"https:\/\/www.mundodeportivo.com\/uploads\/2021\/07\/19\/60f53abae0628.png\" src=\"https:\/\/www.europesays.com\/es\/wp-content\/uploads\/2025\/09\/60f53abae0628.png\" class=\"lazy\" width=\"45\" height=\"45\"\/><\/p>\n<p>LaLiga EA Sports &#8211; Jornada 5 &#8211; 20\/09\/2025 18:30 CEST<\/p>\n<p><img src=\"https:\/\/www.mundodeportivo.com\/files\/image_449_220\/files\/fp\/uploads\/2025\/09\/17\/68ca9cde090b6.r_d.1290-881.jpeg\" data-full-src=\"https:\/\/www.europesays.com\/es\/wp-content\/uploads\/2025\/09\/68ca9cde090b6.jpeg\" alt=\"Moleiro, durante un partido de pretemporada\" width=\"449\" height=\"220\" class=\"nolazy\" decoding=\"async\" fetchpriority=\"high\"\/><\/p>\n<p class=\"caption-title \">Villarreal &#8211; Osasuna, en directo | Sigue el partido de LaLiga EA Sports, en vivo durante un partido de pretemporada<\/p>\n<p>Getty Images<\/p>\n","protected":false},"excerpt":{"rendered":"Sigue minuto a minuto, el partido de f\u00fatbol de la LaLiga EA Sports que enfrenta a Villarreal contra&hellip;\n","protected":false},"author":2,"featured_media":127813,"comment_status":"","ping_status":"","sticky":false,"template":"","format":"standard","meta":{"footnotes":""},"categories":[268],"tags":[168,25,24,280,282,281,23,167],"class_list":{"0":"post-127812","1":"post","2":"type-post","3":"status-publish","4":"format-standard","5":"has-post-thumbnail","7":"category-futbol","8":"tag-deportes","9":"tag-es","10":"tag-espana","11":"tag-football","12":"tag-futbol","13":"tag-soccer","14":"tag-spain","15":"tag-sports"},"share_on_mastodon":{"url":"","error":""},"_links":{"self":[{"href":"https:\/\/www.europesays.com\/es\/wp-json\/wp\/v2\/posts\/127812","targetHints":{"allow":["GET"]}}],"collection":[{"href":"https:\/\/www.europesays.com\/es\/wp-json\/wp\/v2\/posts"}],"about":[{"href":"https:\/\/www.europesays.com\/es\/wp-json\/wp\/v2\/types\/post"}],"author":[{"embeddable":true,"href":"https:\/\/www.europesays.com\/es\/wp-json\/wp\/v2\/users\/2"}],"replies":[{"embeddable":true,"href":"https:\/\/www.europesays.com\/es\/wp-json\/wp\/v2\/comments?post=127812"}],"version-history":[{"count":0,"href":"https:\/\/www.europesays.com\/es\/wp-json\/wp\/v2\/posts\/127812\/revisions"}],"wp:featuredmedia":[{"embeddable":true,"href":"https:\/\/www.europesays.com\/es\/wp-json\/wp\/v2\/media\/127813"}],"wp:attachment":[{"href":"https:\/\/www.europesays.com\/es\/wp-json\/wp\/v2\/media?parent=127812"}],"wp:term":[{"taxonomy":"category","embeddable":true,"href":"https:\/\/www.europesays.com\/es\/wp-json\/wp\/v2\/categories?post=127812"},{"taxonomy":"post_tag","embeddable":true,"href":"https:\/\/www.europesays.com\/es\/wp-json\/wp\/v2\/tags?post=127812"}],"curies":[{"name":"wp","href":"https:\/\/api.w.org\/{rel}","templated":true}]}}