{"id":127814,"date":"2025-09-20T17:16:39","date_gmt":"2025-09-20T17:16:39","guid":{"rendered":"https:\/\/www.europesays.com\/es\/127814\/"},"modified":"2025-09-20T17:16:39","modified_gmt":"2025-09-20T17:16:39","slug":"un-si-quiero-con-lagrimas-risas-y-dos-vestidos-de-ensueno","status":"publish","type":"post","link":"https:\/\/www.europesays.com\/es\/127814\/","title":{"rendered":"un &#8216;s\u00ed, quiero&#8217; con l\u00e1grimas, risas y dos vestidos de ensue\u00f1o"},"content":{"rendered":"<p id=\"e4p2NxpYmx\" data-wc=\"138\">Hay d\u00edas que parecen escritos para quedarse en la memoria, y el de ayer fue uno de ellos. Cuando el reloj marcaba la tarde en M\u00e1laga, el Castillo de Santa Catalina se convirti\u00f3 en el escenario de un cap\u00edtulo que <strong>m\u00e1s de un mill\u00f3n y medio de personas<\/strong> llevaban tiempo esperando: la boda de Natalia Palacios y Carlos. La influencer malague\u00f1a, que <a class=\"hm-link ho-link\" href=\"https:\/\/www.hola.com\/actualidad\/20250909854408\/natalia-palacios-detalles-boda-vestido-llorar\/\" rel=\"noopener nofollow\" target=\"_blank\" data-mrf-recirculation=\"article-body-link\">ha compartido cada instante<\/a> de <strong>su cuenta atr\u00e1s en 21 d\u00edas antes de mi boda<\/strong>, puso el broche de oro a esta miniserie de amor con un &#8216;s\u00ed, quiero&#8217; que emocion\u00f3 a todos los presentes. Y hay algo que lo hizo a\u00fan m\u00e1s especial:<strong>\u00a0Natalia ha querido compartir este d\u00eda con\u00a0<\/strong><strong data-end=\"713\" data-start=\"703\">\u00a1HOLA!<\/strong>, la revista que su abuela le\u00eda cada mi\u00e9rcoles, un detalle que le llena de ilusi\u00f3n y que convierte este reportaje en un homenaje familiar.<\/p>\n<p>  <img src=\"https:\/\/www.europesays.com\/es\/wp-content\/uploads\/2025\/09\/6a794f38e22c-snapinstato551447876185308432840501674506549591962797011n.jpg\"   width=\"1080\" height=\"1800\" loading=\"lazy\" decoding=\"async\" alt=\"Media Image\" fetchpriority=\"auto\" class=\"image ho-image\"\/>\u00a9 Saudade Estudio<\/p>\n<p>  <img src=\"https:\/\/www.europesays.com\/es\/wp-content\/uploads\/2025\/09\/031c8f3edbfd-snapinstato551568978185308432240501675930265966296315898n.jpg\"   width=\"1080\" height=\"1800\" loading=\"lazy\" decoding=\"async\" alt=\"Media Image\" fetchpriority=\"auto\" class=\"image ho-image\"\/>\u00a9 Saudade Estudio<\/p>\n<p id=\"e9oWTj1CnP7\" data-wc=\"65\">El escenario, m\u00e1gico por s\u00ed mismo, se llen\u00f3 de hortensias blancas y de la luz dorada de septiembre, que ca\u00eda suavemente sobre la moqueta rosa palo extendida para la ocasi\u00f3n. <strong>Natalia entr\u00f3 del brazo de su abuelo,\u00a0<\/strong>mientras sonaba la marcha nupcial y, despu\u00e9s, <strong>Por fin veo la luz<\/strong><strong>\u00a0de Enredados<\/strong>, la canci\u00f3n que, seg\u00fan nos confes\u00f3, le hace llorar cada vez que la escucha.\u00a0<\/p>\n<p> <img src=\"https:\/\/www.europesays.com\/es\/wp-content\/uploads\/2025\/09\/195564ab3592-snapinstato552016269185308432120501675941087302500999978n.jpg\"   width=\"1080\" height=\"1800\" loading=\"lazy\" decoding=\"async\" alt=\"Media Image\" fetchpriority=\"auto\" class=\"image ho-image\"\/>\u00a9 Saudade Estudio<\/p>\n<p id=\"eFldoUEyfkb\" data-wc=\"37\">Su ramo, sencillo y delicado, estaba compuesto de hortensias blancas y nardos en homenaje a su abuela Rosa. \u201c<strong>Toda mi familia reconoce esa flor y piensa en ella. Era mi forma de llevarla conmigo<\/strong>\u201d, nos dijo conmovida.<\/p>\n<p>  <img src=\"https:\/\/www.europesays.com\/es\/wp-content\/uploads\/2025\/09\/d0fab16cc193-snapinstato551197684185308432420501671803350826815976028n.jpg\"   width=\"1080\" height=\"1800\" loading=\"lazy\" decoding=\"async\" alt=\"Media Image\" fetchpriority=\"auto\" class=\"image ho-image\"\/>\u00a9 Saudade Estudio<\/p>\n<p>  <img src=\"https:\/\/www.europesays.com\/es\/wp-content\/uploads\/2025\/09\/aa4324d5d966-snapinstato551076036185308431910501679001057949291524912n.jpg\"   width=\"1080\" height=\"1800\" loading=\"lazy\" decoding=\"async\" alt=\"Media Image\" fetchpriority=\"auto\" class=\"image ho-image\"\/>\u00a9 Saudade Estudio<\/p>\n<p>  <img src=\"https:\/\/www.europesays.com\/es\/wp-content\/uploads\/2025\/09\/a3f5a409f0d4-snapinstato552279182185308432720501676599565464810554708n.jpg\"   width=\"1080\" height=\"1800\" loading=\"lazy\" decoding=\"async\" alt=\"Media Image\" fetchpriority=\"auto\" class=\"image ho-image\"\/>\u00a9 Saudade Estudio<\/p>\n<p>  <img src=\"https:\/\/www.europesays.com\/es\/wp-content\/uploads\/2025\/09\/6be8c65a6025-snapinstato552107932185308432630501679128646251626740286n.jpg\"   width=\"768\" height=\"1024\" loading=\"lazy\" decoding=\"async\" alt=\"Media Image\" fetchpriority=\"auto\" class=\"image ho-image\"\/>\u00a9 Saudade Estudio<\/p>\n<blockquote class=\"ho-bl-1081603 -no-figcaption\" cite=\"\">\n<p>\u00abPuedes conocer a gente, tener conversaciones\u2026 pero lo que sent\u00ed con Carlos fue distinto\u00bb<\/p>\n<\/blockquote>\n<p>Un banquete lleno de alma malague\u00f1a<\/p>\n<p id=\"e0eLhO_s-ox\" data-wc=\"45\">Tras la ceremonia civil, la celebraci\u00f3n se traslad\u00f3 al <strong data-end=\"1702\" data-start=\"1684\">Cortijo Curiel<\/strong>, donde un c\u00f3ctel en el patio dio la bienvenida a los invitados. All\u00ed pudieron disfrutar de puestos de cartuchos de pescaito frito, jam\u00f3n reci\u00e9n cortado, ostras y cerveza Victoria bien fr\u00eda\u2026 \u00bfalgo m\u00e1s malague\u00f1o?\u00a0<\/p>\n<p>  <img src=\"https:\/\/www.europesays.com\/es\/wp-content\/uploads\/2025\/09\/2afa89247400-whatsapp-image-2025-09-20-at-131653.jpg\"   width=\"1080\" height=\"1800\" loading=\"lazy\" decoding=\"async\" alt=\"Media Image\" fetchpriority=\"auto\" class=\"image ho-image\"\/>\u00a9 Redes Sociales<\/p>\n<p>  <img src=\"https:\/\/www.europesays.com\/es\/wp-content\/uploads\/2025\/09\/52a752c31121-whatsapp-image-2025-09-20-at-131653-1.jpg\"   width=\"1080\" height=\"1800\" loading=\"lazy\" decoding=\"async\" alt=\"Media Image\" fetchpriority=\"auto\" class=\"image ho-image\"\/>\u00a9 Redes Sociales<\/p>\n<p id=\"em_fC867m-RX\" data-wc=\"62\">La m\u00fasica del grupo 3,1 acompa\u00f1\u00f3 este primer encuentro, que fue el aperitivo perfecto antes de atravesar las puertas de la casa principal y descubrir el montaje de la cena: <strong>dos largas hileras de mesas redondas en zigzag, manteles de lino blanco roto<\/strong>, minutas en rosa pastel y verde, y centros de flores que parec\u00edan flotar bajo las l\u00e1mparas cubiertas de hojas.\u00a0<\/p>\n<p>  <img src=\"https:\/\/www.europesays.com\/es\/wp-content\/uploads\/2025\/09\/f019e1256e9a-snapinstato551339181185308433020501675851507697546090013n.jpg\"   width=\"1080\" height=\"1800\" loading=\"lazy\" decoding=\"async\" alt=\"Media Image\" fetchpriority=\"auto\" class=\"image ho-image\"\/>\u00a9 Saudade Estudio<\/p>\n<p>  <img src=\"https:\/\/www.europesays.com\/es\/wp-content\/uploads\/2025\/09\/4d10e849b41e-snapinstato551228548185308433290501673094643098928588407n.jpg\"   width=\"1080\" height=\"1800\" loading=\"lazy\" decoding=\"async\" alt=\"Media Image\" fetchpriority=\"auto\" class=\"image ho-image\"\/>\u00a9 Saudade Estudio<\/p>\n<p>  <img src=\"https:\/\/www.europesays.com\/es\/wp-content\/uploads\/2025\/09\/8caeb9a60f6a-snapinstato551381879185308432930501677261509057952853263n.jpg\"   width=\"1080\" height=\"1800\" loading=\"lazy\" decoding=\"async\" alt=\"Media Image\" fetchpriority=\"auto\" class=\"image ho-image\"\/>\u00a9 Saudade Estudio<\/p>\n<p id=\"esUVKYtkBau\" data-wc=\"58\">La cena fue breve pero deliciosa: salm\u00f3n con salsa de cava como plato principal y un postre. Pero lo m\u00e1s especial fue la tarta de boda. La de Natalia y Carliyo fue <strong>una enorme cheesecake de pistacho y chocolate blanco<\/strong>, con base de galleta crujiente, que se convirti\u00f3 en uno de los momentos m\u00e1s especiales de la noche.\u00a0<\/p>\n<p> <img src=\"https:\/\/www.europesays.com\/es\/wp-content\/uploads\/2025\/09\/644671a3386e-whatsapp-image-2025-09-20-at-131448.jpg\"   width=\"1080\" height=\"1800\" loading=\"lazy\" decoding=\"async\" alt=\"Media Image\" fetchpriority=\"auto\" class=\"image ho-image\"\/>\u00a9 Redes Sociales<\/p>\n<p id=\"eMixMlPPSUZ\" data-wc=\"50\"><strong>Los novios la decoraron en directo frente a sus invitados<\/strong>, usando una manga pastelera gigante para a\u00f1adir chocolate blanco, pistacho, az\u00facar glas, frutos rojos y peque\u00f1os trozos de pistacho. Todo al ritmo del saxofonista \u2014hermano gemelo de la amiga de Natalia, In\u00e9s\u2014 que convirti\u00f3 la escena en una aut\u00e9ntica celebraci\u00f3n.<\/p>\n<p> <img src=\"https:\/\/www.europesays.com\/es\/wp-content\/uploads\/2025\/09\/35b244914210-image00014.jpg\"   width=\"1080\" height=\"1800\" loading=\"lazy\" decoding=\"async\" alt=\"Media Image\" fetchpriority=\"auto\" class=\"image ho-image\"\/>\u00a9 Saudade Estudio<\/p>\n<p id=\"ehS9fq2yIWm\" data-wc=\"55\">Continuando con los detalles \u00fanicos, cada invitado ten\u00eda en su mesa una \u201c<strong>revista del s\u00ed quiero<\/strong>\u201d con an\u00e9cdotas de los novios, curiosidades y hasta una secci\u00f3n de solteros para romper el hielo. Tambi\u00e9n hab\u00eda tarjetas con peque\u00f1as misiones (\u201cabraza a alguien durante 10 segundos\u201d) y un sorteo sorpresa con viajes por Europa para las parejas.<\/p>\n<p> <img src=\"https:\/\/www.europesays.com\/es\/wp-content\/uploads\/2025\/09\/d5471d6fd753-snapinstato551880794185308433200501674127286440598397972n.jpg\"   width=\"1080\" height=\"1800\" loading=\"lazy\" decoding=\"async\" alt=\"Media Image\" fetchpriority=\"auto\" class=\"image ho-image\"\/>\u00a9 Saudade Estudio<\/p>\n<p id=\"eMl_pTr4bLU\" data-wc=\"62\"><strong>La fiesta continu\u00f3 hasta la madrugada en la pista de baile<\/strong>, decorada con enormes bolas de PVC que simulaban bolas de discoteca. El DJ Kike AB puso a todos a bailar, pero el momento m\u00e1s esperado fue la coreograf\u00eda de Natalia y Carlos, ensayada durante semanas en su \u201cmorning routine\u201d: \u201cEs algo sencillo, pero desde fuera quedar\u00e1 espectacular\u201d, nos dijo entre risas.<\/p>\n<p>Unos invitados de lujo<\/p>\n<p id=\"eUKgwxQ5GN\" data-wc=\"96\">Los reci\u00e9n comprometidos estuvieron acompa\u00f1ados por quienes han formado parte de su historia desde el principio: sus familias, amigos de toda la vida y el mismo grupo que vimos disfrutar en las divertidas despedidas de solteros que la novia comparti\u00f3 en redes sociales. A ellos se sumaron algunos de sus compa\u00f1eros del entorno digital, como <strong data-end=\"530\" data-is-only-node=\"\" data-start=\"450\">Elena Gortari, Juan P\u00e9rez, Alejandro Villamizar, Marina Barrial y Manu Regato<\/strong>, que no dudaron en viajar hasta M\u00e1laga para celebrar el amor de la pareja y convertir la pista de baile en una aut\u00e9ntica fiesta hasta altas horas de la madrugada.<\/p>\n<p>  <img src=\"https:\/\/www.europesays.com\/es\/wp-content\/uploads\/2025\/09\/f5de93c9822a-snapinstato55157822618401665291185723523534422032558970n.jpg\"   width=\"1080\" height=\"1800\" loading=\"lazy\" decoding=\"async\" alt=\"Manu Regato y Marina Barrial\" fetchpriority=\"auto\" class=\"image ho-image\"\/>\u00a9 manuregatoManu Regato y Marina Barrial<\/p>\n<p>  <img src=\"https:\/\/www.europesays.com\/es\/wp-content\/uploads\/2025\/09\/eb75aaaf6a6a-snapinstato551002537185520609730480473322605504987990405n.jpg\"   width=\"1080\" height=\"1800\" loading=\"lazy\" decoding=\"async\" alt=\"Natalia y Carliyo con sus amigos\" fetchpriority=\"auto\" class=\"image ho-image\"\/>\u00a9 elenagortariNatalia y Carliyo con sus amigos<\/p>\n<p>  <img src=\"https:\/\/www.europesays.com\/es\/wp-content\/uploads\/2025\/09\/36bc3e8e29d2-snapinstato551367325185520610390480475441081123634651801n.jpg\"   width=\"1080\" height=\"1800\" loading=\"lazy\" decoding=\"async\" alt=\"Elena Gortari y Juan P\u00e9rez\" fetchpriority=\"auto\" class=\"image ho-image\"\/>Elena Gortari y Juan P\u00e9rez<\/p>\n<p>  <img src=\"https:\/\/www.europesays.com\/es\/wp-content\/uploads\/2025\/09\/a781d172402d-snapinstato551982443185308432510501677912935457579275902n.jpg\"   width=\"1080\" height=\"1800\" loading=\"lazy\" decoding=\"async\" alt=\"Media Image\" fetchpriority=\"auto\" class=\"image ho-image\"\/>\u00a9 Saudade Estudio<\/p>\n<blockquote class=\"ho-bl-1081603 -no-figcaption\" cite=\"\">\n<p>\u00abA partir de ahora y para siempre, mi vida va a ser tuya y mi hogar ser\u00e1 d\u00f3nde t\u00fa est\u00e9s. Te amo\u00bb, Carliyo.<\/p>\n<\/blockquote>\n<p>El look de novia de Natalia Palacios: dos vestidos y una novia radiante<\/p>\n<p id=\"e2FHumYdkcK3\" data-wc=\"89\">Natalia confi\u00f3 en <strong data-end=\"3816\" data-start=\"3794\">Victoria Colecci\u00f3n<\/strong> para crear el vestido de sus sue\u00f1os: un dise\u00f1o de mikado con cuerpo ajustado y una falda de gran volumen, que pesaba m\u00e1s de 20 kilos. \u201cDesde el primer d\u00eda me dijeron que era posible, que \u00edbamos a hacer el vestido que yo quer\u00eda, y me transmitieron tal confianza que lo tuve clar\u00edsimo\u201d, nos explic\u00f3. El look se completaba con un velo largo con cuatro peinas para que se luciera de frente, y los pendientes de perlas con brillantes que pertenecieron a su bisabuela.<\/p>\n<p>  <img src=\"https:\/\/www.europesays.com\/es\/wp-content\/uploads\/2025\/09\/0e423f3bbaed-whatsapp-image-2025-09-19-at-094858.jpg\"   width=\"1080\" height=\"1800\" loading=\"lazy\" decoding=\"async\" alt=\"Media Image\" fetchpriority=\"auto\" class=\"image ho-image\"\/>\u00a9 Victoria Colecci\u00f3n<\/p>\n<p>  <img src=\"https:\/\/www.europesays.com\/es\/wp-content\/uploads\/2025\/09\/492e236c6c13-whatsapp-image-2025-09-19-at-094858-1.jpg\"   width=\"1080\" height=\"1800\" loading=\"lazy\" decoding=\"async\" alt=\"Media Image\" fetchpriority=\"auto\" class=\"image ho-image\"\/>\u00a9 Victoria Colecci\u00f3n<\/p>\n<p id=\"eHiH54Zk5ah-\" data-wc=\"55\">A medianoche, dio paso a su segundo look: un vestido con mangas desmontables y escote trabajado que, aunque menos formal, result\u00f3 mucho m\u00e1s c\u00f3modo y sexy. \u201c<strong>Quer\u00eda que el segundo vestido fuera el que Carlos siempre hab\u00eda imaginado para su novia<\/strong>. Cuando lo vi terminado, supe que era el vestido perfecto para terminar la noche\u201d.<\/p>\n<p>  <img src=\"https:\/\/www.europesays.com\/es\/wp-content\/uploads\/2025\/09\/547b4adc1597-image00002.jpg\"   width=\"1080\" height=\"1800\" loading=\"lazy\" decoding=\"async\" alt=\"Media Image\" fetchpriority=\"auto\" class=\"image ho-image\"\/>\u00a9 Saudade Estudio<\/p>\n<p>  <img src=\"https:\/\/www.europesays.com\/es\/wp-content\/uploads\/2025\/09\/191453a7ad59-image00015.jpg\"   width=\"1080\" height=\"1800\" loading=\"lazy\" decoding=\"async\" alt=\"Media Image\" fetchpriority=\"auto\" class=\"image ho-image\"\/>\u00a9 Saudade Estudio<\/p>\n<p id=\"eUd-jt9fwqTI\" data-wc=\"45\">El mo\u00f1o bajo, elegante y pulido, dejaba despejada la espalda de ambos vestidos, mientras que el maquillaje, de la mano de Marina Torres, consegu\u00eda el efecto que Natalia buscaba: \u201c<strong>Quer\u00eda verme guap\u00edsima, como si llevara un filtro, pero seguir siendo yo<\/strong>\u201d, nos dijo entre risas.<\/p>\n<p>As\u00ed fue la preboda: una aut\u00e9ntica fiesta malague\u00f1a<\/p>\n<p id=\"e-KGF8lFO2uy\" data-wc=\"43\">Fieles a sus raices, Natalia y Carlos quisieron que la celebraci\u00f3n empezara mucho antes del gran d\u00eda. La noche previa a la boda, reunieron a sus familiares y amigos en el m\u00edtico <strong data-end=\"5149\" data-start=\"5119\">chiringuito Mari Guti\u00e9rrez<\/strong>, donde hubo espetos, risas y brindis al atardecer.\u00a0<\/p>\n<p>  <img src=\"https:\/\/www.europesays.com\/es\/wp-content\/uploads\/2025\/09\/321943a70605-snapinstato550763033185306234560501674447518219759927557n.jpg\"   width=\"1080\" height=\"1800\" loading=\"lazy\" decoding=\"async\" alt=\"Media Image\" fetchpriority=\"auto\" class=\"image ho-image\"\/>\u00a9 @nataliaxpr<\/p>\n<p>  <img src=\"https:\/\/www.europesays.com\/es\/wp-content\/uploads\/2025\/09\/d368f7fc1b37-snapinstato551059798185306234650501672334122793952583187n.jpg\"   width=\"1080\" height=\"1800\" loading=\"lazy\" decoding=\"async\" alt=\"Media Image\" fetchpriority=\"auto\" class=\"image ho-image\"\/>\u00a9 @nataliaxpr<\/p>\n<p>  <img src=\"https:\/\/www.europesays.com\/es\/wp-content\/uploads\/2025\/09\/f0a9c801b730-snapinstato55107012718530623501050167195167469721408985n.jpg\"   width=\"1080\" height=\"1800\" loading=\"lazy\" decoding=\"async\" alt=\"Media Image\" fetchpriority=\"auto\" class=\"image ho-image\"\/>\u00a9 @nataliaxpr<\/p>\n","protected":false},"excerpt":{"rendered":"Hay d\u00edas que parecen escritos para quedarse en la memoria, y el de ayer fue uno de ellos.&hellip;\n","protected":false},"author":2,"featured_media":127815,"comment_status":"","ping_status":"","sticky":false,"template":"","format":"standard","meta":{"footnotes":""},"categories":[174],"tags":[517,255,146,147,25,24,256,23],"class_list":{"0":"post-127814","1":"post","2":"type-post","3":"status-publish","4":"format-standard","5":"has-post-thumbnail","7":"category-famosos","8":"tag-actualidad","9":"tag-celebrities","10":"tag-entertainment","11":"tag-entretenimiento","12":"tag-es","13":"tag-espana","14":"tag-famosos","15":"tag-spain"},"share_on_mastodon":{"url":"","error":""},"_links":{"self":[{"href":"https:\/\/www.europesays.com\/es\/wp-json\/wp\/v2\/posts\/127814","targetHints":{"allow":["GET"]}}],"collection":[{"href":"https:\/\/www.europesays.com\/es\/wp-json\/wp\/v2\/posts"}],"about":[{"href":"https:\/\/www.europesays.com\/es\/wp-json\/wp\/v2\/types\/post"}],"author":[{"embeddable":true,"href":"https:\/\/www.europesays.com\/es\/wp-json\/wp\/v2\/users\/2"}],"replies":[{"embeddable":true,"href":"https:\/\/www.europesays.com\/es\/wp-json\/wp\/v2\/comments?post=127814"}],"version-history":[{"count":0,"href":"https:\/\/www.europesays.com\/es\/wp-json\/wp\/v2\/posts\/127814\/revisions"}],"wp:featuredmedia":[{"embeddable":true,"href":"https:\/\/www.europesays.com\/es\/wp-json\/wp\/v2\/media\/127815"}],"wp:attachment":[{"href":"https:\/\/www.europesays.com\/es\/wp-json\/wp\/v2\/media?parent=127814"}],"wp:term":[{"taxonomy":"category","embeddable":true,"href":"https:\/\/www.europesays.com\/es\/wp-json\/wp\/v2\/categories?post=127814"},{"taxonomy":"post_tag","embeddable":true,"href":"https:\/\/www.europesays.com\/es\/wp-json\/wp\/v2\/tags?post=127814"}],"curies":[{"name":"wp","href":"https:\/\/api.w.org\/{rel}","templated":true}]}}