{"id":127816,"date":"2025-09-20T17:17:08","date_gmt":"2025-09-20T17:17:08","guid":{"rendered":"https:\/\/www.europesays.com\/es\/127816\/"},"modified":"2025-09-20T17:17:08","modified_gmt":"2025-09-20T17:17:08","slug":"uno-de-los-monumentos-mas-caracteristicos-de-murcia-es-una-sardina-de-10-toneladas-que-emerge-en-el-rio-segura","status":"publish","type":"post","link":"https:\/\/www.europesays.com\/es\/127816\/","title":{"rendered":"Uno de los monumentos m\u00e1s caracter\u00edsticos de Murcia es una sardina de 10 toneladas que emerge en el r\u00edo Segura"},"content":{"rendered":"<p>En pleno coraz\u00f3n de Murcia, esa ciudad que a veces se queda fuera de las rutas tur\u00edsticas m\u00e1s populares de Espa\u00f1a, se esconde un tesoro un tanto peculiar: <b>una imponente escultura de una sardina que escupe un surtidor de agua por la boca<\/b> y que se ha convertido en todo un s\u00edmbolo festivo y tur\u00edstico de la capital. Emergiendo entre las aguas como si del monstruo del lago Ness se tratara, esta sardina es un motivo de orgullo para todos sus vecinos.<\/p>\n<p>La obra, que se ubica en el interior del r\u00edo Segura, tuvo un coste de 500.000 euros, un presupuesto que permiti\u00f3 sus imponentes dimensiones: <b>mide alrededor de 25 metros y pesa cerca de 10 toneladas<\/b>. Esta singular escultura de bronce fue dise\u00f1ada por el arquitecto Miguel Llamas y se instal\u00f3 en 2007 con la idea de rendir homenaje a una de las fiestas m\u00e1s emblem\u00e1ticas de la ciudad, el Entierro de la Sardina.<\/p>\n<p>El proyecto naci\u00f3 como iniciativa de la Agrupaci\u00f3n Sardinera de Murcia para materializar en el paisaje urbano el humor que acompa\u00f1a a la fiesta:<b> la lectura del \u2018Testamento de Do\u00f1a Sardina\u2019, la cabalgata y la quema final <\/b>que marcan el colof\u00f3n de las fiestas. De esta forma, la escultura se coloc\u00f3 en el lecho del r\u00edo entre la pasarela Miguel Caballero y el Puente de los Peligros, tras recibir el visto bueno t\u00e9cnico de la Confederaci\u00f3n Hidrogr\u00e1fica del Segura.<\/p>\n<p>Problemas t\u00e9cnicos<\/p>\n<p>La instalaci\u00f3n no estuvo exenta de pol\u00e9mica: desde los estudios sobre cimentaci\u00f3n y erosi\u00f3n necesarios para autorizar su colocaci\u00f3n hasta las cr\u00edticas de colectivos ecologistas que cuestionaron la intervenci\u00f3n en un cauce urbano. Aun as\u00ed, los informes encargados demostraron que <b>la presencia de la escultura no alterar\u00eda de forma significativa el r\u00e9gimen de corrientes<\/b>, as\u00ed como el fen\u00f3meno de la erosi\u00f3n no afectar\u00eda a la cimentaci\u00f3n del monumento.<\/p>\n<p>Eso s\u00ed, con el paso de los a\u00f1os la sardina sufri\u00f3 el desgaste propio de una pieza expuesta al agua y se estrope\u00f3 la maquinaria que acciona el chorro que sale por la boca. Durante cerca de una d\u00e9cada el monumento dej\u00f3 de lanzar agua, hasta que en 2023 <b>el Ayuntamiento llev\u00f3 a cabo una intervenci\u00f3n para limpiar la arqueta sumergida<\/b>, reparar el sistema de bombeo y actualizar los controles que permiten el chorro.<\/p>\n<p>Ahora no solo la sardina lanza agua de nuevo, sino que puede lucir incluso iluminaci\u00f3n nocturna de colores que llenan de vida el r\u00edo Segura. <b>Hoy la escultura contribuye a recordar el car\u00e1cter festivo de la ciudad<\/b> y a explicar por qu\u00e9 el Entierro de la Sardina atrae cada a\u00f1o a miles de visitantes: s\u00e1tira, m\u00fasica, luz y fuego articulan una tradici\u00f3n que en 2006 alcanz\u00f3 la consideraci\u00f3n de Fiesta de Inter\u00e9s Tur\u00edstico Internacional.<\/p>\n","protected":false},"excerpt":{"rendered":"En pleno coraz\u00f3n de Murcia, esa ciudad que a veces se queda fuera de las rutas tur\u00edsticas m\u00e1s&hellip;\n","protected":false},"author":2,"featured_media":127817,"comment_status":"","ping_status":"","sticky":false,"template":"","format":"standard","meta":{"footnotes":""},"categories":[173],"tags":[229,233,231,230,232,234,146,147,25,24,1395,1478,23],"class_list":{"0":"post-127816","1":"post","2":"type-post","3":"status-publish","4":"format-standard","5":"has-post-thumbnail","7":"category-arte-y-diseno","8":"tag-arte","9":"tag-arte-y-diseno","10":"tag-arts","11":"tag-arts-and-design","12":"tag-design","13":"tag-diseno","14":"tag-entertainment","15":"tag-entretenimiento","16":"tag-es","17":"tag-espana","18":"tag-monumentos","19":"tag-murcia","20":"tag-spain"},"share_on_mastodon":{"url":"","error":""},"_links":{"self":[{"href":"https:\/\/www.europesays.com\/es\/wp-json\/wp\/v2\/posts\/127816","targetHints":{"allow":["GET"]}}],"collection":[{"href":"https:\/\/www.europesays.com\/es\/wp-json\/wp\/v2\/posts"}],"about":[{"href":"https:\/\/www.europesays.com\/es\/wp-json\/wp\/v2\/types\/post"}],"author":[{"embeddable":true,"href":"https:\/\/www.europesays.com\/es\/wp-json\/wp\/v2\/users\/2"}],"replies":[{"embeddable":true,"href":"https:\/\/www.europesays.com\/es\/wp-json\/wp\/v2\/comments?post=127816"}],"version-history":[{"count":0,"href":"https:\/\/www.europesays.com\/es\/wp-json\/wp\/v2\/posts\/127816\/revisions"}],"wp:featuredmedia":[{"embeddable":true,"href":"https:\/\/www.europesays.com\/es\/wp-json\/wp\/v2\/media\/127817"}],"wp:attachment":[{"href":"https:\/\/www.europesays.com\/es\/wp-json\/wp\/v2\/media?parent=127816"}],"wp:term":[{"taxonomy":"category","embeddable":true,"href":"https:\/\/www.europesays.com\/es\/wp-json\/wp\/v2\/categories?post=127816"},{"taxonomy":"post_tag","embeddable":true,"href":"https:\/\/www.europesays.com\/es\/wp-json\/wp\/v2\/tags?post=127816"}],"curies":[{"name":"wp","href":"https:\/\/api.w.org\/{rel}","templated":true}]}}