{"id":127818,"date":"2025-09-20T17:18:09","date_gmt":"2025-09-20T17:18:09","guid":{"rendered":"https:\/\/www.europesays.com\/es\/127818\/"},"modified":"2025-09-20T17:18:09","modified_gmt":"2025-09-20T17:18:09","slug":"proyecto-onirias-reune-tres-novelas-ecuatorianas-que-visitan-el-mundo-de-los-suenos-encuentralas-hoy-en-la-feria-del-libro-de-guayaquil-libros-entretenimiento","status":"publish","type":"post","link":"https:\/\/www.europesays.com\/es\/127818\/","title":{"rendered":"Proyecto Onirias re\u00fane tres novelas ecuatorianas que visitan el mundo de los sue\u00f1os: encu\u00e9ntralas hoy en la Feria del Libro de Guayaquil | Libros | Entretenimiento"},"content":{"rendered":"<p class=\"text-left prose-text\">Este <b>s\u00e1bado 20 de septiembre a las 16:00, en la Feria Internacional del libro de Guayaquil, <\/b>el p\u00fablico podr\u00e1 escuchar la lectura de fragmentos de tres nuevas novelas ecuatorianas. Estas forman el <b>proyecto Onirias, <\/b>del sello Fl\u00e2neuse, de la editorial independiente Cad\u00e1ver Exquisito. <\/p>\n<p class=\"text-left prose-text\">Las voces son de las artistas esc\u00e9nicas \u00c1ngela Arboleda, Lorena Toro y Mar\u00eda Ortega, con el acompa\u00f1amiento del escritor Santiago Toral Reyes, leyendo La noche artificial, de Solange Rodr\u00edguez Pappe; Me llamo Claudia Cardinale, de Mar\u00eda Paulina Briones; y Objetos del cielo profundo, de Andrea Crespo Granda.<\/p>\n<p>La noche artificial, de Solange Rodr\u00edguez Pappe<\/p>\n<p class=\"text-left prose-text\">Rodr\u00edguez nos sumerge en el mundo de los sue\u00f1os, aquellos que su protagonista busca pero rara vez llegan; \u201cgordos, saludables\u201d, al mismo tiempo extra\u00f1os y cargados de significado. Agotada de una vida de productividad, tiende a pasar sus noches en negro, con la sensaci\u00f3n de haber dejado algo pendiente; pero<b> cuando los sue\u00f1os emergen, su vida se robustece, alimentada por esa otra dimensi\u00f3n. <\/b><\/p>\n<p class=\"text-left prose-text\"><b>El lector se ve tentado a so\u00f1ar tambi\u00e9n,<\/b> siguiendo esa reconocible pauta de conversaciones imposibles, escenarios cambiantes y la naturalidad del so\u00f1ador para aceptar todo lo que ocurre, por m\u00e1s extremo que sea. <\/p>\n<p>Me llamo Claudia Cardinale, de Mar\u00eda Paulina Briones<\/p>\n<p class=\"text-left prose-text\">Tendremos que seguir leyendo para saber cu\u00e1l es el papel de la diva del cine italiano, porque primero<b> volamos rumbo a La Habana, un viaje atravesado por la noticia de dos personas que, escondidas en el tren de aterrizaje del avi\u00f3n, caen a la pista.<\/b> A pesar de la tragedia, la pasajera de esta historia debe seguir, tiene que ir a la isla, siguiendo una predicci\u00f3n de hace 20 a\u00f1os.<\/p>\n<p class=\"prose-text\">Ella no puede evitar hacer una comparaci\u00f3n entre su ciudad y la caribe\u00f1a, pero tambi\u00e9n entre la historia de esta y la suya, de luchas, de derrotas, de sue\u00f1os interrumpidos y de cementerios. \u201c\u00bfNo es la vida una historia sobre el fracaso?\u201d. <\/p>\n<p>Objetos del cielo profundo, Andrea Crespo Granda<\/p>\n<p class=\"text-left prose-text\">Vamos cayendo en otra direcci\u00f3n, en <b>el horror de una inexplicable invasi\u00f3n de moscas y gusanos en un peque\u00f1o departamento, <\/b>hasta que la due\u00f1a empieza a preguntarse si no est\u00e1n all\u00ed por ella, tratando de devorarla en vida. <\/p>\n<p class=\"text-left prose-text\"><b>Ocurre justo cuando su relaci\u00f3n est\u00e1 muriendo, seg\u00fan cree, por la infidelidad <\/b>y por la diferencia de edad. Mientras su pareja, a quien ella no comprende, vive una emoci\u00f3n distinta: ha empezado a ver por fin la convivencia como algo imperfecto y, por tanto, vivo y real. <\/p>\n<p>\u201cConectadas no solo por el sue\u00f1o, sino tambi\u00e9n por Guayaquil\u201d<\/p>\n<p class=\"text-left prose-text\">Estas tres novelas se unieron en una convocatoria literaria. \u201c\u00cdbamos a concursar por separado, pero nos dimos cuenta de que estaban conectadas no solo por el sue\u00f1o, sino tambi\u00e9n por <b>Guayaquil como una presencia on\u00edrica, donde ocurren huelgas, la p\u00e9rdida de un padre, la p\u00e9rdida de la memoria, la desaparici\u00f3n de los edificios. <\/b>Lo asumimos como un trabajo coral con el nombre de Proyecto Onirias\u201d, explica Crespo. <\/p>\n<p class=\"text-left prose-text\">Cad\u00e1ver Exquisito, conformada en 2013, ha publicado en su mayor\u00eda a escritores ecuatorianos, pero tambi\u00e9n hay en su cat\u00e1logo plumas latinoamericanas, hace notar Crespo. \u201cVemos <b>la importancia de las editoriales independientes como los espacios en los que la curadur\u00eda, la b\u00fasqueda de otras escrituras fortalece la bibliodiversidad de las letras ecuatorianas,<\/b> que ya no se encuentran anquilosadas, separadas de las audiencias y las comunidades lectoras\u201d. <\/p>\n<p class=\"text-left prose-text\">Rodr\u00edguez, por su parte, cree que las peque\u00f1as editoriales ecuatorianas, aunque nunca han vivido tiempos favorables, han sido \u201cvalientes\u201d, y que con el impulso de las potencias femeninas que integran la colecci\u00f3n, \u201cestas naves de sue\u00f1os van a llegar al puerto de nuevos lectores\u201d. <b>Remarca algo importante de esta FIL: \u201cEst\u00e1 apostando por publicaciones j\u00f3venes e independientes, m\u00e1s que por autores internacionales; ya han pasado (tres) d\u00edas de feria y los auditorios est\u00e1n llenos,<\/b> la gente est\u00e1 interesada en escuchar de literatura; o\u00ed de boca de una de las autoras que es un momento para cambiar las narrativas relacionadas con el horror y la violencia y reemplazarlas con narrativas que tengan que ver con otros espacios y, por qu\u00e9 no, con los sue\u00f1os, donde todo es posible\u201d. <\/p>\n<p class=\"text-left prose-text\">El trabajo con los sue\u00f1os, aporta Briones, es parte de una indagaci\u00f3n personal de a\u00f1os. \u201cLa escucha de la narraci\u00f3n de sue\u00f1os, y las lecturas sobre literatura de estos temas han sido fundamentales\u201d. <b>El sue\u00f1o, explica, es un universo de gran potencialidad y originalidad, donde todo se articula y desarticula sin leyes. <\/b>En su caso, en la ni\u00f1ez escuch\u00f3 que ella hab\u00eda heredado la capacidad del sue\u00f1o clarividente de una t\u00eda, y sin entrar a discutir la veracidad de esta afirmaci\u00f3n, destaca que esa narrativa se plant\u00f3 en su cabeza, y floreci\u00f3 con el tiempo hacia la literatura.<\/p>\n<p class=\"text-left prose-text\">Crespo agrega que en sus historias est\u00e1n los paisajes que en una ciudad como Guayaquil han sido subyugados: el estero, el r\u00edo, los bosques. \u201cSon los ecosistemas con mayor riesgo de da\u00f1o por depredaci\u00f3n (humana). Han sido tomadas sin compasi\u00f3n. Nuestros personajes est\u00e1n introduci\u00e9ndose en la naturaleza, reconectando con esta tierra a la que hemos dado la espalda\u201d. Y ya que se escribe de Guayaquil, \u00bfse trata de ponerla en relevancia? <b>\u201cPara nosotras es fundamental que Guayaquil deba estar en el mapa mental de los guayaquile\u00f1os, <\/b>a trav\u00e9s de no permitir que sigan ocurriendo ecocidios\u201d. <b>(F)<\/b><\/p>\n","protected":false},"excerpt":{"rendered":"Este s\u00e1bado 20 de septiembre a las 16:00, en la Feria Internacional del libro de Guayaquil, el p\u00fablico&hellip;\n","protected":false},"author":2,"featured_media":127819,"comment_status":"","ping_status":"","sticky":false,"template":"","format":"standard","meta":{"footnotes":""},"categories":[172],"tags":[224,146,147,25,24,225,23],"class_list":{"0":"post-127818","1":"post","2":"type-post","3":"status-publish","4":"format-standard","5":"has-post-thumbnail","7":"category-libros","8":"tag-books","9":"tag-entertainment","10":"tag-entretenimiento","11":"tag-es","12":"tag-espana","13":"tag-libros","14":"tag-spain"},"share_on_mastodon":{"url":"","error":""},"_links":{"self":[{"href":"https:\/\/www.europesays.com\/es\/wp-json\/wp\/v2\/posts\/127818","targetHints":{"allow":["GET"]}}],"collection":[{"href":"https:\/\/www.europesays.com\/es\/wp-json\/wp\/v2\/posts"}],"about":[{"href":"https:\/\/www.europesays.com\/es\/wp-json\/wp\/v2\/types\/post"}],"author":[{"embeddable":true,"href":"https:\/\/www.europesays.com\/es\/wp-json\/wp\/v2\/users\/2"}],"replies":[{"embeddable":true,"href":"https:\/\/www.europesays.com\/es\/wp-json\/wp\/v2\/comments?post=127818"}],"version-history":[{"count":0,"href":"https:\/\/www.europesays.com\/es\/wp-json\/wp\/v2\/posts\/127818\/revisions"}],"wp:featuredmedia":[{"embeddable":true,"href":"https:\/\/www.europesays.com\/es\/wp-json\/wp\/v2\/media\/127819"}],"wp:attachment":[{"href":"https:\/\/www.europesays.com\/es\/wp-json\/wp\/v2\/media?parent=127818"}],"wp:term":[{"taxonomy":"category","embeddable":true,"href":"https:\/\/www.europesays.com\/es\/wp-json\/wp\/v2\/categories?post=127818"},{"taxonomy":"post_tag","embeddable":true,"href":"https:\/\/www.europesays.com\/es\/wp-json\/wp\/v2\/tags?post=127818"}],"curies":[{"name":"wp","href":"https:\/\/api.w.org\/{rel}","templated":true}]}}