{"id":127820,"date":"2025-09-20T17:19:12","date_gmt":"2025-09-20T17:19:12","guid":{"rendered":"https:\/\/www.europesays.com\/es\/127820\/"},"modified":"2025-09-20T17:19:12","modified_gmt":"2025-09-20T17:19:12","slug":"television-valenciana-a-punt-retira-un-video-de-sanchez-y-morant-tras-ser-acusado-de-machismo","status":"publish","type":"post","link":"https:\/\/www.europesays.com\/es\/127820\/","title":{"rendered":"TELEVISI\u00d3N VALENCIANA | \u00c0 Punt retira un v\u00eddeo de S\u00e1nchez y Morant tras ser acusado de machismo"},"content":{"rendered":"<p class=\"ft-text ft-helper-closenews\">Nueva pol\u00e9mica en torno a<strong>\u00a0\u00c0 Punt<\/strong>. A las quejas que el\u00a0<strong>PSPV\u00a0<\/strong>ven\u00eda vertiendo sobre los cambios que se estaban dando en la televisi\u00f3n p\u00fablica valenciana desde el cambio de ley aprobado por PP y Vox hace m\u00e1s de un a\u00f1o, se ha sumado esta semana una pieza dentro de &#8216;Va de bo&#8217;, el recientemente\u00a0<strong>estrenado magaz\u00edn vespertino<\/strong>\u00a0de\u00a0<strong>\u00c0 Punt<\/strong>, sobre\u00a0<a class=\"ft-link ft-link--decoration\" href=\"https:\/\/www.elperiodico.com\/es\/personajes\/pedro-sanchez-8470\" rel=\"nofollow noopener\" target=\"_blank\"><strong>Pedro S\u00e1nchez<\/strong><\/a><strong>\u00a0<\/strong>y\u00a0<a class=\"ft-link ft-link--decoration\" href=\"https:\/\/www.elperiodico.com\/es\/personajes\/diana-morant-1017051\" rel=\"nofollow noopener\" target=\"_blank\"><strong>Diana Morant<\/strong><\/a><strong>,\u00a0<\/strong>un v\u00eddeo que ha incrementado el tono de indignaci\u00f3n de los socialistas, con acusaciones de \u00abmachismo\u00bb y de remitir \u00aba lo m\u00e1s viejo, rancio y manipulador\u00bb mientras que la plataforma lo ha retirado y ha pedido disculpas: \u00abLamentamos profundamente la difusi\u00f3n de este segmento audiovisual de 13 segundos. Un v\u00eddeo cuyo contenido no se corresponde con los valores de igualdad, respeto y responsabilidad social que deben guiar la labor de los medios de comunicaci\u00f3n p\u00fablicos\u00bb.<\/p>\n<p class=\"ft-text\">\u00ab<strong>Vergonya<\/strong>! Esta &#8216;pieza&#8217; de\u00a0<strong>\u00c0 Punt<\/strong>\u00a0es intolerable\u00bb, ha escrito en su perfil de X la delegada del Gobierno,\u00a0<strong>Pilar Bernab\u00e9,\u00a0<\/strong>poniendo letra a la protesta. \u00abUna televisi\u00f3n p\u00fablica no puede convertirse en altavoz de un machismo institucional que degrada la informaci\u00f3n y ridiculiza a las mujeres en pol\u00edtica\u00bb, ha a\u00f1adido la dirigente socialista.<\/p>\n<p class=\"ft-text\">El v\u00eddeo en cuesti\u00f3n que ha generado la pol\u00e9mica es una informaci\u00f3n donde se ve al presidente del Gobierno hablando y mencionando a la ministra de Ciencia y l\u00edder del PSPV con una m\u00fasica de fondo.\u00a0<strong>\u00abQuerida Diana\u00bb, dice en un frame, \u00abes una obsesi\u00f3n pol\u00edtica\u00bb, se a\u00f1ade inmediatamente despu\u00e9s con corte incluido\u00a0<\/strong>antes de que aparezcan una serie de im\u00e1genes de Morant envuelta en corazones a\u00f1adidos por la edici\u00f3n del programa.<\/p>\n<p class=\"ft-text\">Esta escena se incorpora dentro de una pieza informativa en la que el programa cuenta el \u00abplante\u00bb de S\u00e1nchez a\u00a0<a class=\"ft-link ft-link--decoration\" href=\"https:\/\/www.elperiodico.com\/es\/temas\/carlos-mazon-1849520\" rel=\"nofollow noopener\" target=\"_blank\"><strong>Carlos Maz\u00f3n<\/strong><\/a><strong>\u00a0<\/strong>por no invitarlo al acto en el Aeropuerto de Alicante. Justo despu\u00e9s de la m\u00fasica alegre y los corazones en torno a S\u00e1nchez y Morant, el sonido de fondo cambia, aparecen acordes de tensi\u00f3n y cr\u00edticas de dirigentes del PPCV por la no invitaci\u00f3n al &#8216;president&#8217; de la Generalitat.<\/p>\n<p class=\"ft-text\">Esa creaci\u00f3n audiovisual ha indignado a la formaci\u00f3n, tal y como ha expresado Bernab\u00e9. \u00abEl \u201cnou \u00c0 Punt\u201d remite a lo m\u00e1s viejo, rancio y manipulador. Exigimos disculpas inmediatas y la retirada de este contenido de todas sus plataformas\u00bb, ha se\u00f1alado la tambi\u00e9n secretaria de Igualdad del PSOE. Tambi\u00e9n la cuenta del partido en Val\u00e8ncia ha cargado contra el ente: \u00abUna televisi\u00f3n p\u00fablica no puede frivolizar ni degradar la informaci\u00f3n a estos extremos\u00bb.<\/p>\n<p class=\"ft-text\">En ese sentido,\u00a0<strong>\u00c0 Punt\u00a0<\/strong>ha recalcado que<strong>\u00a0<\/strong>\u00ab<strong>asumimos \u00edntegramente la responsabilidad por lo ocurrido<\/strong>\u00a0y ofrecemos nuestras m\u00e1s sinceras disculpas a todas las personas que se hayan sentido ofendidas y afectadas por este contenido\u00bb.<\/p>\n<p data-close=\"closedContent\" class=\"subscribeHideForDisplay\">Suscr\u00edbete para seguir leyendo<\/p>\n","protected":false},"excerpt":{"rendered":"Nueva pol\u00e9mica en torno a\u00a0\u00c0 Punt. A las quejas que el\u00a0PSPV\u00a0ven\u00eda vertiendo sobre los cambios que se estaban&hellip;\n","protected":false},"author":2,"featured_media":127821,"comment_status":"","ping_status":"","sticky":false,"template":"","format":"standard","meta":{"footnotes":""},"categories":[171],"tags":[6630,242,21756,146,147,25,24,582,4043,2959,12880,19344,23,214,2338],"class_list":{"0":"post-127820","1":"post","2":"type-post","3":"status-publish","4":"format-standard","5":"has-post-thumbnail","7":"category-tv","8":"tag-acusa","9":"tag-comunidad-valenciana","10":"tag-diana-morant","11":"tag-entertainment","12":"tag-entretenimiento","13":"tag-es","14":"tag-espana","15":"tag-gobierno","16":"tag-machismo","17":"tag-pedro-sanchez","18":"tag-pspv","19":"tag-punt","20":"tag-spain","21":"tag-tv","22":"tag-video"},"share_on_mastodon":{"url":"","error":""},"_links":{"self":[{"href":"https:\/\/www.europesays.com\/es\/wp-json\/wp\/v2\/posts\/127820","targetHints":{"allow":["GET"]}}],"collection":[{"href":"https:\/\/www.europesays.com\/es\/wp-json\/wp\/v2\/posts"}],"about":[{"href":"https:\/\/www.europesays.com\/es\/wp-json\/wp\/v2\/types\/post"}],"author":[{"embeddable":true,"href":"https:\/\/www.europesays.com\/es\/wp-json\/wp\/v2\/users\/2"}],"replies":[{"embeddable":true,"href":"https:\/\/www.europesays.com\/es\/wp-json\/wp\/v2\/comments?post=127820"}],"version-history":[{"count":0,"href":"https:\/\/www.europesays.com\/es\/wp-json\/wp\/v2\/posts\/127820\/revisions"}],"wp:featuredmedia":[{"embeddable":true,"href":"https:\/\/www.europesays.com\/es\/wp-json\/wp\/v2\/media\/127821"}],"wp:attachment":[{"href":"https:\/\/www.europesays.com\/es\/wp-json\/wp\/v2\/media?parent=127820"}],"wp:term":[{"taxonomy":"category","embeddable":true,"href":"https:\/\/www.europesays.com\/es\/wp-json\/wp\/v2\/categories?post=127820"},{"taxonomy":"post_tag","embeddable":true,"href":"https:\/\/www.europesays.com\/es\/wp-json\/wp\/v2\/tags?post=127820"}],"curies":[{"name":"wp","href":"https:\/\/api.w.org\/{rel}","templated":true}]}}