{"id":127832,"date":"2025-09-20T17:26:10","date_gmt":"2025-09-20T17:26:10","guid":{"rendered":"https:\/\/www.europesays.com\/es\/127832\/"},"modified":"2025-09-20T17:26:10","modified_gmt":"2025-09-20T17:26:10","slug":"fallece-manuel-jimenez-sanchez-pintadera-de-oro-de-galdar","status":"publish","type":"post","link":"https:\/\/www.europesays.com\/es\/127832\/","title":{"rendered":"Fallece Manuel Jim\u00e9nez S\u00e1nchez, Pintadera de Oro de G\u00e1ldar"},"content":{"rendered":"<p>     \t        <a class=\"fancybox-thumb\" rel=\"fancybox-thumb\" href=\"https:\/\/www.europesays.com\/es\/wp-content\/uploads\/2025\/09\/Manuel-Jimenez-Sanchez-en-su-finca-de-plataneras.jpeg\" title=\"Noticias Galdar\"><br \/>\n\t\t \t\t<img decoding=\"async\" class=\"img-responsive\" src=\"https:\/\/www.europesays.com\/es\/wp-content\/uploads\/2025\/09\/Manuel-Jimenez-Sanchez-en-su-finca-de-plataneras.jpeg\"\/><br \/>\n\t\t \t    <\/a><\/p>\n<p>Manuel Jim\u00e9nez S\u00e1nchez, Pintadera de Oro de la Real Ciudad de G\u00e1ldar, ha fallecido este s\u00e1bado a los 82 a\u00f1os de edad. Su capilla ardiente est\u00e1 instalada en el tanatorio municipal de San Isidro. El sepelio tendr\u00e1 lugar este domingo a las 11.00 horas en el cementerio municipal.<\/p>\n<p>Residente en la calle Camino Laguete, Manuel Jim\u00e9nez era conocido por estar al frente del Bar Parada, hist\u00f3rico restaurante que estaba situado en la Bajada de Las Guayarminas, en el coraz\u00f3n de la ciudad.<\/p>\n<p>Teodoro Sosa, alcalde de G\u00e1ldar, dio el p\u00e9same a su familia y amistades y lament\u00f3 el fallecimiento de \u00abun gran hombre que dio sentido a un bar que fue el punto de encuentro de generaciones enteras, donde no solo se compart\u00edan buenos momentos, sino tambi\u00e9n historias, sonrisas y recuerdos que permanecer\u00e1n con nosotros\u201d, coment\u00f3.<\/p>\n<p>Nacido en 1943, casado con Saro Castellano D\u00edaz, ten\u00eda una hija: Mirian Jim\u00e9nez Castellano. Trabaj\u00f3 en el negocio de la restauraci\u00f3n durante m\u00e1s de 50 a\u00f1os. Desde el Bar Parada, en la Bajada de Las Guayarminas, debajo de los arboles, vio pasar a varias generaciones de su clientela, un establecimiento emblem\u00e1tico en el entorno de la ciudad antes de llegar a la calle Capit\u00e1n Quesada.<\/p>\n<p>Tras su jubilaci\u00f3n su familia, amigos y su finca de plataneras llenaron la vida de un hombre amable y tranquilo.<\/p>\n","protected":false},"excerpt":{"rendered":"Manuel Jim\u00e9nez S\u00e1nchez, Pintadera de Oro de la Real Ciudad de G\u00e1ldar, ha fallecido este s\u00e1bado a los&hellip;\n","protected":false},"author":2,"featured_media":127833,"comment_status":"","ping_status":"","sticky":false,"template":"","format":"standard","meta":{"footnotes":""},"categories":[80],"tags":[82,95,94,25,24,23],"class_list":{"0":"post-127832","1":"post","2":"type-post","3":"status-publish","4":"format-standard","5":"has-post-thumbnail","7":"category-economia","8":"tag-business","9":"tag-economia","10":"tag-economy","11":"tag-es","12":"tag-espana","13":"tag-spain"},"share_on_mastodon":{"url":"","error":""},"_links":{"self":[{"href":"https:\/\/www.europesays.com\/es\/wp-json\/wp\/v2\/posts\/127832","targetHints":{"allow":["GET"]}}],"collection":[{"href":"https:\/\/www.europesays.com\/es\/wp-json\/wp\/v2\/posts"}],"about":[{"href":"https:\/\/www.europesays.com\/es\/wp-json\/wp\/v2\/types\/post"}],"author":[{"embeddable":true,"href":"https:\/\/www.europesays.com\/es\/wp-json\/wp\/v2\/users\/2"}],"replies":[{"embeddable":true,"href":"https:\/\/www.europesays.com\/es\/wp-json\/wp\/v2\/comments?post=127832"}],"version-history":[{"count":0,"href":"https:\/\/www.europesays.com\/es\/wp-json\/wp\/v2\/posts\/127832\/revisions"}],"wp:featuredmedia":[{"embeddable":true,"href":"https:\/\/www.europesays.com\/es\/wp-json\/wp\/v2\/media\/127833"}],"wp:attachment":[{"href":"https:\/\/www.europesays.com\/es\/wp-json\/wp\/v2\/media?parent=127832"}],"wp:term":[{"taxonomy":"category","embeddable":true,"href":"https:\/\/www.europesays.com\/es\/wp-json\/wp\/v2\/categories?post=127832"},{"taxonomy":"post_tag","embeddable":true,"href":"https:\/\/www.europesays.com\/es\/wp-json\/wp\/v2\/tags?post=127832"}],"curies":[{"name":"wp","href":"https:\/\/api.w.org\/{rel}","templated":true}]}}