{"id":127834,"date":"2025-09-20T17:27:09","date_gmt":"2025-09-20T17:27:09","guid":{"rendered":"https:\/\/www.europesays.com\/es\/127834\/"},"modified":"2025-09-20T17:27:09","modified_gmt":"2025-09-20T17:27:09","slug":"sin-vinculos-entre-la-izquierda-y-sospechoso-de-matar-a-kirk-telemundo-new-york-47","status":"publish","type":"post","link":"https:\/\/www.europesays.com\/es\/127834\/","title":{"rendered":"Sin v\u00ednculos entre la izquierda y sospechoso de matar a Kirk \u2013 Telemundo New York (47)"},"content":{"rendered":"<p>La investigaci\u00f3n federal sobre el asesinato del activista conservador Charlie Kirk a\u00fan no ha encontrado un v\u00ednculo entre el presunto tirador, Tyler Robinson, de 22 a\u00f1os, y grupos de izquierda contra los cuales el presidente Donald Trump y su gobierno se han comprometido a tomar medidas en\u00e9rgicas tras el asesinato, seg\u00fan informaron a NBC News tres fuentes familiarizadas con la investigaci\u00f3n.<\/p>\n<p>Una persona familiarizada con la investigaci\u00f3n federal afirm\u00f3 que \u00abhasta el momento, no hay pruebas que vinculen al sospechoso con ning\u00fan grupo de izquierda\u00bb.<\/p>\n<p>\u00abTodo indica que se trata de un individuo que cometi\u00f3 un acto realmente malo porque consider\u00f3 la ideolog\u00eda de Kirk personalmente ofensiva\u00bb, continu\u00f3 esta persona.<\/p>\n<p>Adem\u00e1s, dos de las personas familiarizadas con la investigaci\u00f3n se\u00f1alaron que podr\u00eda ser dif\u00edcil acusar al sospechoso a nivel federal por el asesinato de Kirk, mientras que la tercera fuente afirm\u00f3 que a\u00fan se espera que se presente alg\u00fan tipo de cargo federal en su contra.<\/p>\n<p>Los factores que han dificultado la presentaci\u00f3n de cargos a nivel federal incluyen que el sospechoso, residente de Utah, no viaj\u00f3 desde fuera del estado; Kirk recibi\u00f3 un disparo durante un debate abierto en el campus de la Universidad del Valle de Utah. Adem\u00e1s, Kirk no es un funcionario federal ni un funcionario electo, lo que complica a\u00fan m\u00e1s el asunto.<\/p>\n<p>Un portavoz del Departamento de Justicia declar\u00f3: \u00abLa investigaci\u00f3n est\u00e1 en curso y, m\u00e1s all\u00e1 de eso, nos negamos a hacer comentarios\u00bb.<\/p>\n<p>El sospechoso enfrenta actualmente cargos estatales, anunciados el martes. Se le imputan cargos de homicidio agravado y obstrucci\u00f3n de la justicia, entre otros, y la fiscal\u00eda de Utah solicita la pena de muerte en el caso.<\/p>\n<p>La fiscal\u00eda afirm\u00f3 que el sospechoso atac\u00f3 a Kirk, cofundador del grupo pol\u00edtico conservador Turning Point USA, durante el evento del 10 de septiembre debido a su \u00abexpresi\u00f3n pol\u00edtica\u00bb. Su madre declar\u00f3 a los investigadores, en parte, \u00abque durante el \u00faltimo a\u00f1o, aproximadamente, se hab\u00eda vuelto m\u00e1s pol\u00edtico y hab\u00eda comenzado a inclinarse m\u00e1s hacia la izquierda\u00bb.<\/p>\n<p>Thomas Brzozowski, quien hasta hace poco era asesor legal del Departamento de Justicia para terrorismo dom\u00e9stico, declar\u00f3 a NBC News que, si bien el asesinato de Kirk parece cumplir con la definici\u00f3n de terrorismo dom\u00e9stico, encontrar un cargo federal contra el tirador podr\u00eda ser un desaf\u00edo. No existe una ley federal que tipifique los actos de terrorismo dom\u00e9stico como delito independiente, aunque los fiscales pueden solicitar un aumento de la pena tras la condena.<\/p>\n<p>El FBI participa con frecuencia en investigaciones de terrorismo dom\u00e9stico que, en \u00faltima instancia, resultan \u00fanicamente en cargos a nivel estatal. En otros casos, donde existe un cargo federal f\u00e1cilmente disponible, los acusados \u200b\u200bfederales pueden obtener un aumento de la pena por terrorismo tras la condena.<\/p>\n<p>\u00abComo siempre, el FBI necesita una garant\u00eda federal para iniciar una investigaci\u00f3n\u00bb, declar\u00f3 Brzozowski. \u00abEn este caso, parece que est\u00e1n actuando en colaboraci\u00f3n con las autoridades estatales\u00bb.<\/p>\n<p>Los documentos de acusaci\u00f3n presentados el martes tambi\u00e9n conten\u00edan una serie de mensajes de texto entre el sospechoso y un compa\u00f1ero de piso, a quien la polic\u00eda describi\u00f3 como \u00abun hombre biol\u00f3gico que manten\u00eda una relaci\u00f3n rom\u00e1ntica\u00bb con el sospechoso y que estaba en transici\u00f3n a mujer. La identidad del compa\u00f1ero de piso no se ha hecho p\u00fablica.<\/p>\n<p>Tras el impactante asesinato de Kirk, que ha desatado una ola de dolor, miedo e ira en la derecha, Trump y sus aliados han amenazado con perseguir a los grupos de defensa de la izquierda que, seg\u00fan ellos, fomentaron la ira que condujo a la muerte de Kirk.<\/p>\n<p>Stephen Miller, subjefe de gabinete de la Casa Blanca, afirm\u00f3 que las organizaciones de izquierda constitu\u00edan un \u00abvasto movimiento terrorista interno\u00bb.<\/p>\n<p>\u00abCon Dios como testigo, utilizaremos todos los recursos disponibles en el Departamento de Justicia, el Departamento de Seguridad Nacional y en todo este gobierno para identificar, desmantelar y destruir estas redes y hacer que Estados Unidos vuelva a ser un lugar seguro para el pueblo estadounidense\u00bb, declar\u00f3 Miller recientemente. \u00abSuceder\u00e1, y lo haremos en nombre de Charlie\u00bb.<\/p>\n<p>Como inform\u00f3 NBC News el jueves, es probable que ese esfuerzo enfrente obst\u00e1culos.<\/p>\n<p>\u00abNo existe mucha legislaci\u00f3n federal al respecto\u00bb, declar\u00f3 entonces Scott Walter, presidente del Capital Research Center, una organizaci\u00f3n sin fines de lucro con sede en Washington que rastrea a grupos progresistas y tiene influencia en c\u00edrculos conservadores. \u00abFrancamente, los estados y las localidades deber\u00edan estar haciendo un mejor trabajo [en el procesamiento de la actividad criminal], como lo hicieron en la d\u00e9cada de 1960. Tienen much\u00edsimos m\u00e1s recursos humanos\u00bb.<\/p>\n<p>Desde 2002, las ideolog\u00edas de derecha han impulsado m\u00e1s del 70%\u00a0 de todos los ataques extremistas y complots de terrorismo dom\u00e9stico en Estados Unidos, seg\u00fan la Liga Antidifamaci\u00f3n.<\/p>\n<p>El Departamento de Justicia tambi\u00e9n afirm\u00f3 en un estudio realizado el a\u00f1o pasado que el n\u00famero de ataques de extrema derecha en este pa\u00eds sigue superando a todos los dem\u00e1s tipos de terrorismo y extremismo violento dom\u00e9stico. El estudio fue retirado del sitio web del Departamento de Justicia en los \u00faltimos d\u00edas, seg\u00fan 404 Media.<\/p>\n<p>El funeral de Kirk est\u00e1 programado para el domingo en Arizona.<\/p>\n<p>El jueves, un bolet\u00edn conjunto elaborado por la Oficina Federal de Investigaciones (FBI), el Servicio Secreto, la Oficina de Alcohol, Tabaco, Armas de Fuego y Explosivos (ATF) y el Departamento de Seguridad Nacional indic\u00f3 que las fuerzas del orden est\u00e1n \u00abrastreando varias amenazas de credibilidad desconocida\u00bb contra personas que podr\u00edan estar planeando asistir al funeral de Kirk, aunque hasta el momento no hay evidencia concreta de que alguien est\u00e9 en peligro o de que las amenazas sean reales, seg\u00fan un alto funcionario de las fuerzas del orden.<\/p>\n<p><strong>Este art\u00edculo se public\u00f3 originalmente en ingl\u00e9s en <a href=\"https:\/\/www.nbcnews.com\/\" data-type=\"link\" data-id=\"https:\/\/www.nbcnews.com\/\" rel=\"nofollow noopener\" target=\"_blank\">NBC News<\/a>. <a href=\"https:\/\/www.nbcnews.com\/politics\/justice-department\/no-evidence-charlie-kirk-shooting-left-wing-groups-rcna232513\" data-type=\"link\" data-id=\"https:\/\/www.nbcnews.com\/politics\/justice-department\/no-evidence-charlie-kirk-shooting-left-wing-groups-rcna232513\" rel=\"nofollow noopener\" target=\"_blank\">Haz clic aqu\u00ed<\/a> para leerlo.<\/strong><\/p>\n<p><strong>Esta historia fue traducida del ingl\u00e9s con la ayuda de una herramienta de inteligencia artificial generativa. Un editor de Telemundo Digital revis\u00f3 la traducci\u00f3n.\u00a0<\/strong><\/p>\n","protected":false},"excerpt":{"rendered":"La investigaci\u00f3n federal sobre el asesinato del activista conservador Charlie Kirk a\u00fan no ha encontrado un v\u00ednculo entre&hellip;\n","protected":false},"author":2,"featured_media":127835,"comment_status":"","ping_status":"","sticky":false,"template":"","format":"standard","meta":{"footnotes":""},"categories":[42],"tags":[17,18,13,14,11,61,62,63,64,19,20,9,10,15,16,12,21,22,36814,65,66,67],"class_list":{"0":"post-127834","1":"post","2":"type-post","3":"status-publish","4":"format-standard","5":"has-post-thumbnail","7":"category-internacional","8":"tag-breaking-news","9":"tag-breakingnews","10":"tag-featured-news","11":"tag-featurednews","12":"tag-headlines","13":"tag-internacional","14":"tag-international","15":"tag-international-news","16":"tag-internationalnews","17":"tag-latest-news","18":"tag-latestnews","19":"tag-news","20":"tag-noticias","21":"tag-noticias-destacadas","22":"tag-noticiasdestacadas","23":"tag-titulares","24":"tag-ultimas-noticias","25":"tag-ultimasnoticias","26":"tag-utah","27":"tag-world","28":"tag-world-news","29":"tag-worldnews"},"share_on_mastodon":{"url":"","error":""},"_links":{"self":[{"href":"https:\/\/www.europesays.com\/es\/wp-json\/wp\/v2\/posts\/127834","targetHints":{"allow":["GET"]}}],"collection":[{"href":"https:\/\/www.europesays.com\/es\/wp-json\/wp\/v2\/posts"}],"about":[{"href":"https:\/\/www.europesays.com\/es\/wp-json\/wp\/v2\/types\/post"}],"author":[{"embeddable":true,"href":"https:\/\/www.europesays.com\/es\/wp-json\/wp\/v2\/users\/2"}],"replies":[{"embeddable":true,"href":"https:\/\/www.europesays.com\/es\/wp-json\/wp\/v2\/comments?post=127834"}],"version-history":[{"count":0,"href":"https:\/\/www.europesays.com\/es\/wp-json\/wp\/v2\/posts\/127834\/revisions"}],"wp:featuredmedia":[{"embeddable":true,"href":"https:\/\/www.europesays.com\/es\/wp-json\/wp\/v2\/media\/127835"}],"wp:attachment":[{"href":"https:\/\/www.europesays.com\/es\/wp-json\/wp\/v2\/media?parent=127834"}],"wp:term":[{"taxonomy":"category","embeddable":true,"href":"https:\/\/www.europesays.com\/es\/wp-json\/wp\/v2\/categories?post=127834"},{"taxonomy":"post_tag","embeddable":true,"href":"https:\/\/www.europesays.com\/es\/wp-json\/wp\/v2\/tags?post=127834"}],"curies":[{"name":"wp","href":"https:\/\/api.w.org\/{rel}","templated":true}]}}