{"id":127836,"date":"2025-09-20T17:28:07","date_gmt":"2025-09-20T17:28:07","guid":{"rendered":"https:\/\/www.europesays.com\/es\/127836\/"},"modified":"2025-09-20T17:28:07","modified_gmt":"2025-09-20T17:28:07","slug":"ultima-hora-de-la-procesion-y-paso-por-el-recorrido-oficial","status":"publish","type":"post","link":"https:\/\/www.europesays.com\/es\/127836\/","title":{"rendered":"\u00faltima hora de la procesi\u00f3n y paso por el recorrido oficial"},"content":{"rendered":"<p style=\"\">Huelva celebra hoy su <strong>Magna Mariana<\/strong>, uno de los eventos m\u00e1s esperados del a\u00f1o en la provincia onubense. Hasta <strong>24 im\u00e1genes marianas<\/strong> procesionan hoy por las calles de la ciudad, donde se congregar\u00e1n miles de devotos procedentes de todos los rincones de Andaluc\u00eda. A trav\u00e9s de este directo de <strong>Huelva24<\/strong> os contaremos c\u00f3mo transcurre esta jornada hist\u00f3rica para la ciudad y para la provincia.<\/p>\n<p>19:06<\/p>\n<p>La Virgen de la Bella, aclamada en el Calvario<\/p>\n<p class=\"voc-p\">La patrona de Lepe, l<strong>a Virgen de la Bella,<\/strong> ha salido de la capilla del Calvario para provocar numerosas muestras de amor de sus devotos. <\/p>\n<p>18:57<\/p>\n<p>La Virgen de los Dolores entra en el recorrido oficial<\/p>\n<p class=\"voc-p\">La Virgen de los Dolores, de la Hermandad Los Jud\u00edos, ser\u00e1 la tercera en entrar en la carrera oficial.<\/p>\n<p>18:55<\/p>\n<p>La Virgen del Valle, patrona de La Palma, avanza desde San Pedro<\/p>\n<p class=\"voc-p\">La<strong> Virgen del Valle, patrona de La Palma del Condado<\/strong>, ya avanza desde la parroquia mayor De San Pedro para integrarse en la multitud que la espera para sumar m\u00e1s devoci\u00f3n y emoci\u00f3n a esta jornada para el recuerdo.<\/p>\n<p>18:47<\/p>\n<p>Emoci\u00f3n m\u00e1xima con la Esperanza<\/p>\n<p class=\"voc-p\">La reina de San Francisco, <strong>Nuestra Se\u00f1ora de la Esperanza,<\/strong> ha sido recibida en la salida de su templo por una multitud de la que han salido a borbotones un torrente de gritos, entre vivas y piropos. Una lluvia de flores y la m\u00fasica han completado la escena, muy emocionante. \u00abHaz eterna tu feliz coronaci\u00f3n\u00bb, reza uno de los mensajes que esperan a la venerada imagen.<\/p>\n<p>18:45<\/p>\n<p>La Virgen del Refugio, seguida por la Victoria<\/p>\n<p>18:43<\/p>\n<p>\u00abViva lo m\u00e1s grande que tenemos\u00bb<\/p>\n<p class=\"voc-p\">La salida de la<strong> Virgen del Socorro, patrona de Rociana del Condado,<\/strong> desde la parroquia de la Pur\u00edsima Concepci\u00f3n, se ha producido entre numerosos y en\u00e9rgicos vivas. \u00abViva la reina de Rociana, viva lo m\u00e1s grande que tenemos\u00bb, ha exclamado con fuerza un fiel. <\/p>\n<p>18:38<\/p>\n<p>Se inaugura la carrera oficial<\/p>\n<p class=\"voc-p\">La Virgen de la Paz ser\u00e1 la primera en ingresar en la carrera oficial.<\/p>\n<p>18:31<\/p>\n<p>Encuentro entre dos coronadas<\/p>\n<p class=\"voc-p\">Las im\u00e1genes de la Virgen del Refugio, que sal\u00eda de San Pedro hacia la plaza del mismo nombre, se ha encontrado en ella a la Virgen del Rosario, que pasaba por all\u00ed buscando la carrera oficial por las calles del centro.<\/p>\n<p>18:23<\/p>\n<p>La Virgen del Refugio, reina desde San Pedro<\/p>\n<p class=\"voc-p\">La sagrada titular de la Hermandad de Pasi\u00f3n, cambia el tradicional Martes Santo, por este d\u00eda hist\u00f3rico ante una plaza completamente repleta, como sus calles adyacentes. <\/p>\n<p>18:05<\/p>\n<p>Nuestra Madre y Se\u00f1ora de los Dolores sale desde la Concepcion<\/p>\n<p class=\"voc-p\">Nuestra Madre y Se\u00f1ora de los Dolores, de la<strong> Hermandad de la Oraci\u00f3n en el Huerto,<\/strong> acaba de salir De la Iglesia de la Concepcion.<\/p>\n<p>18:04<\/p>\n<p>Mar\u00eda Auxiliadora, arropada en la calle R\u00e1bida<\/p>\n<p class=\"voc-p\">La imagen de<strong> Mar\u00eda Auxiliadora,<\/strong> de La Palma del Condado, ha hecho su salida desde capilla de la Misericordia, en pleno centro de Huelva, en la calle R\u00e1bida.<\/p>\n<p>17:58<\/p>\n<p>La Virgen de la Salud, en marcha desde la ermita de la Soledad<\/p>\n<p class=\"voc-p\">La ermita de la Soledad ha sido el punto de partida de la <strong>Virgen de la Salud,<\/strong> de la Hermandad de la Sentencia, que cambia <strong>P\u00e9rez Cubillas<\/strong> por el centro en este d\u00eda especial.<\/p>\n<p>17:44<\/p>\n<p>La patrona de Aracena sale desde la Esperanza<\/p>\n<p class=\"voc-p\"><strong>Nuestra Se\u00f1ora del Mayor Dolor, <\/strong>patrona de <strong>Aracena,<\/strong> avanza imponente desde la capilla de La Esperanza. <\/p>\n<p>17:36<\/p>\n<p>La Virgen de Montemayor ya est\u00e1 entre sus fieles<\/p>\n<p class=\"voc-p\">La patrona de Moguer, la Virgen de Montemayor, ya est\u00e1 en la calle tras salir de la Iglesia del Polvor\u00edn.<\/p>\n<p>17:29<\/p>\n<p>La patrona de Chucena, entre vivas en la catedral<\/p>\n<p class=\"voc-p\">La<strong> Virgen de la Estrella, patrona de Chucena, <\/strong>ya est\u00e1 en la calle tras salir desde la santa iglesia catedral. Se ha encontrado con Huelva entre los vivas de su hermana mayor y sus fieles, con el acompa\u00f1amiento de  los sones de la Banda de la Virgen del Rosario de Sanl\u00facar la Mayor. Es la primera imagen de la provincia que procesionario en esta Magna Mariana. <\/p>\n<p>17:11<\/p>\n<p>La Virgen de la Amargura sale de la Concepci\u00f3n<\/p>\n<p class=\"voc-p\">La Banda de M\u00fasica de Nuestra Se\u00f1ora de las Mercedes, de Bollullos Par del Condado, ha puesto los sones a la salida de la<strong> Virgen de la Amargura<\/strong> desde la iglesia de la Concepci\u00f3n. La calle M\u00e9ndez N\u00fa\u00f1ez est\u00e1 repleta de cofrades que ya disfrutan este momento con la titular de la <strong>Hermandad del Nazareno.<\/strong><\/p>\n<p>17:01<\/p>\n<p>Ya hay cinco advocaciones marianas en las calles de Huelva<\/p>\n<p class=\"voc-p\">Procesionan ahora mismo por las calles de Huelva dentro de la Magna Mariana las im\u00e1genes de los Dolores (El Perd\u00f3n), la Paz, Rosario, Victoria y los Dolores (Los Jud\u00edos). \u00c9sta \u00faltima es la que aparece a continuaci\u00f3n en este video.<\/p>\n<p>16:53<\/p>\n<p>La Virgen del Rosario camina hacia carrera oficial<\/p>\n<p>16:52<\/p>\n<p>La Virgen de los Dolores se muestra desde la catedral<\/p>\n<p class=\"voc-p\">La titular de la<strong> Hermandad de Los Jud\u00edos <\/strong>ya est\u00e1 en el porche de la santa iglesia Catedral, con toda la plaza de la Merced llena para contemplarla. Son\u00f3 Dolores Saeta Onubense, su marcha por antonomasia para bajar a la plaza.<\/p>\n<p>16:39<\/p>\n<p>La Victoria se gusta entre sus fieles<\/p>\n<p class=\"voc-p\">La cuadrilla de costaleros de <strong>Mar\u00eda Sant\u00edsima de la Victoria <\/strong>ha hecho disfrutar a los fieles que se agolpaban en torno a la iglesia del <strong>Sagrado Coraz\u00f3n de Jes\u00fas<\/strong> meciendo a la venerada imagen, que ha bailado al son de la m\u00fasica. <\/p>\n<p>16:38<\/p>\n<p>San Sebastian vibra con la Virgen de la Paz<\/p>\n<p>16:17<\/p>\n<p>Mar\u00eda Sant\u00edsima de la Victoria ya est\u00e1 en la calle<\/p>\n<p class=\"voc-p\">Una de las im\u00e1genes m\u00e1s veneradas de la Semana Santa de Huelva ya est\u00e1 en la calle.<strong> Mar\u00eda Sant\u00edsima de la Victoria<\/strong> ha sido aclamada por el barrio del Polvor\u00edn al encontrarse con sus fieles. Muchos vivas y piropos para su reina.<\/p>\n<p>15:54<\/p>\n<p>Ya hay tres v\u00edrgenes por las calles de Huelva<\/p>\n<p class=\"voc-p\">La Virgen de los Dolores desde La Orden; Nuestra Se\u00f1ora de la Paz, desde San Sebasti\u00e1n, y Nuestra Se\u00f1ora del Rosario, desde El Polvor\u00edn, ya est\u00e1n en la calle, protagonizando el arranque de esta<strong> hist\u00f3rica Magna Mariana de Huelva. <\/strong><\/p>\n<p>15:50<\/p>\n<p>La Virgen del Rosario se reencuentra con sus fieles<\/p>\n<p class=\"voc-p\">La parroquia del Sagrado Coraz\u00f3n de Jes\u00fas, en el barrio del Polvor\u00edn, tiene a su alrededor a una multitud para vivir con intensidad la Magna Mariana de Huelva. Ya est\u00e1 en la calle el palio de la <strong>Virgen del Rosario, de la Hermandad de la Sagrada Cena.<\/strong><\/p>\n<p>15:41<\/p>\n<p>Aplausos para Nuestra Se\u00f1ora de la Paz en su salida<\/p>\n<p class=\"voc-p\">En mitad de una ovaci\u00f3n y con la marcha real, ya ha cruzado el dintel de su templo <strong>Nuestra Se\u00f1ora de la Paz,<\/strong> cuya cuadrilla de costaleros ya maniobra en su porche para descender la rampa que la separa de la calle.<\/p>\n<p>15:37<\/p>\n<p>La Virgen de la Paz se prepara para salir desde San Sebasti\u00e1n<\/p>\n<p class=\"voc-p\"><strong>Nuestra Se\u00f1ora de la Paz, <\/strong>de la Hermandad de Los Mutilados, es la segunda en echarse a la calle en la procesi\u00f3n jubilar de este s\u00e1bado. Lo est\u00e1 haciendo ya desde la parroquia de <strong>San Sebasti\u00e1n.<\/strong> Muchos fieles est\u00e1 a la espera.<\/p>\n<p>15:26<\/p>\n<p>La Orden ya vive la Magna Mariana<\/p>\n<p class=\"voc-p\">La Magna Mariana de Huelva arranca en la parroquia de Santa Teresa, en el barrio de La Orden, que ya est\u00e1 volcado para ver en la calle a la <strong>Virgen de los Dolores.<\/strong> Su salida es la aportaci\u00f3n de la <strong>Hermandad del Perd\u00f3n<\/strong> y su barrio a este acontecimiento hist\u00f3rico.<\/p>\n<p>15:22<\/p>\n<p>La Virgen del Refugio lucir\u00e1 uvas y sarmientos de la DOP Condado de Huelva<\/p>\n<p class=\"voc-p\"><strong>Mar\u00eda Sant\u00edsima del Refugio,<\/strong> titular de la Hermandad de Pasi\u00f3n, presentar\u00e1 un exorno extraordinario en el que, gracias a la colaboraci\u00f3n del Consejo Regulador del Condado de Huelva y la<strong> Bodega Infante de La Palma del Condado,<\/strong> lucir\u00e1 <strong>uvas y sarmientos <\/strong>de la DOP Condado de Huelva. Una<strong> alegor\u00eda a la sangre de Cristo<\/strong> que subraya su condici\u00f3n sacramental y que une el patrimonio vitivin\u00edcola con la espiritualidad.<\/p>\n<p>15:16<\/p>\n<p>Un mosaico con las 24 im\u00e1genes de la Magna<\/p>\n<p class=\"voc-p\">La farmacia situada en la calle R\u00e1bida de Huelva tiene junto a su puerta de entrada un mosaico en el que est\u00e1n dispuestas fotograf\u00edas de las 24 im\u00e1genes que van a participar en la procesi\u00f3n magna mariana de este s\u00e1bado.<\/p>\n<p>15:00<\/p>\n<p>Aparcamientos en Huelva para la Magna Mariana<\/p>\n<p class=\"voc-p\">Ante la previsi\u00f3n de 100.000 visitantes, el plan de movilidad prioriza el aparcamiento disuasorio del <strong>recinto ferial<\/strong>, conectado con el centro mediante <strong>autobuses gratuitos<\/strong>. <\/p>\n<p class=\"voc-p\">Para quienes prefieran un aparcamiento cubierto y de pago, existen varias opciones que quedar\u00e1n fuera del \u00e1rea restringida al tr\u00e1fico. Entre ellas se encuentran el parking del Mercado del Carmen, el parking de Zafra (junto a la estaci\u00f3n de autobuses de Damas) y el del centro comercial Aqualon. Todos ellos se encuentran a una distancia razonable a pie del centro y de la carrera oficial, aunque es previsible que registren una ocupaci\u00f3n muy alta desde primera hora del d\u00eda.<\/p>\n<p class=\"voc-p\">Consulta la informaci\u00f3n completa                                             <a href=\"https:\/\/www.huelva24.com\/semana-santa\/aparcar-vas-ver-magna-mariana-huelva-2025-20250916121320-nth.html\" data-voc-vtm-id=\"in-text-traffic\" target=\"_blank\" rel=\"nofollow noopener\"><br \/>\naqu\u00ed<\/a>. <\/p>\n<p>14:45<\/p>\n<p>Huelva se viste con sus mejores galas para la Magna Mariana<\/p>\n<p class=\"voc-p\">Las calles de la capital lucen decoradas con especial gusto para recibir y adornar el caminar de las 24 im\u00e1genes marianas que participar\u00e1n este s\u00e1bado. <\/p>\n<p>14:31<\/p>\n<p>Bandas que participan en la Magna Mariana de Huelva<\/p>\n<ul class=\"voc-d-c-list__list\">\n<li class=\"voc-d-c-list__item\">\n<p class=\"voc-d-c-list__paragraph\">\nVirgen de la Paz (Los Mutilados). Sociedad Filarm\u00f3nica de Pilas<\/p>\n<\/li>\n<li class=\"voc-d-c-list__item\">\n<p class=\"voc-d-c-list__paragraph\">\nVirgen de los Dolores (El Perd\u00f3n). Agrupaci\u00f3n Musical \u00abSanta Cruz\u00bb en la ida y Banda de M\u00fasica Municipal de Bollullos Par del Condado en la vuelta<\/p>\n<\/li>\n<li class=\"voc-d-c-list__item\">\n<p class=\"voc-d-c-list__paragraph\">\nVirgen de los Dolores (Los Jud\u00edos). Banda de M\u00fasica \u00abNuestra Se\u00f1ora del Carmen\u00bb (Villalba del Alcor).<\/p>\n<\/li>\n<li class=\"voc-d-c-list__item\">\n<p class=\"voc-d-c-list__paragraph\">\nVirgen de la Salud. Banda de M\u00fasica \u00abAlbricias\u00bb (El Cerro de And\u00e9valo)<\/p>\n<\/li>\n<li class=\"voc-d-c-list__item\">\n<p class=\"voc-d-c-list__paragraph\">\nMar\u00eda Auxiliadora (La Palma del Condado). Asociaci\u00f3n Musical de La Algaba<\/p>\n<\/li>\n<li class=\"voc-d-c-list__item\">\n<p class=\"voc-d-c-list__paragraph\">\nVirgen del Rosario (La Cena). Banda de la Asociaci\u00f3n Musical Ecijana \u00abAMUECI\u00bb (\u00c9cija)<\/p>\n<\/li>\n<li class=\"voc-d-c-list__item\">\n<p class=\"voc-d-c-list__paragraph\">\nVirgen de la Amargura. Banda de M\u00fasica \u00abNuestra Se\u00f1ora de las Mercedes\u00bb (Bollullos Par del Condado)<\/p>\n<\/li>\n<li class=\"voc-d-c-list__item\">\n<p class=\"voc-d-c-list__paragraph\">\nVirgen del Refugio. Sociedad Filarm\u00f3nica \u00abNuestra Se\u00f1ora del Carmen\u00bb (Salteras)<\/p>\n<\/li>\n<li class=\"voc-d-c-list__item\">\n<p class=\"voc-d-c-list__paragraph\">\nVirgen de los Dolores (La Oraci\u00f3n). Banda Sinf\u00f3nica del Liceo de Moguer<\/p>\n<\/li>\n<li class=\"voc-d-c-list__item\">\n<p class=\"voc-d-c-list__paragraph\">\nVirgen de la Victoria. Banda de M\u00fasica \u00abNuestra Se\u00f1ora de la Paz\u00bb (M\u00e1laga) en la ida y la Banda Municipal de Mairena del Alcor en la vuelta<\/p>\n<\/li>\n<li class=\"voc-d-c-list__item\">\n<p class=\"voc-d-c-list__paragraph\">\nVirgen de la Estrella (Chucena). Banda de M\u00fasica \u00abNuestra Se\u00f1ora del Rosario\u00bb (Sanl\u00facar la Mayor)<\/p>\n<\/li>\n<li class=\"voc-d-c-list__item\">\n<p class=\"voc-d-c-list__paragraph\">\nVirgen del Valle (La Palma del Condado). Banda de M\u00fasica Municipal de La Palma del Condado<\/p>\n<\/li>\n<li class=\"voc-d-c-list__item\">\n<p class=\"voc-d-c-list__paragraph\">\nVirgen del Mayor Dolor (Aracena). Banda de M\u00fasica Municipal de Aracena<\/p>\n<\/li>\n<li class=\"voc-d-c-list__item\">\n<p class=\"voc-d-c-list__paragraph\">\nVirgen de los Remedios (Villarrasa). Banda de M\u00fasica de la Cruz Roja (Sevilla)<\/p>\n<\/li>\n<li class=\"voc-d-c-list__item\">\n<p class=\"voc-d-c-list__paragraph\">\nVirgen de la Pe\u00f1a (Puebla de Guzm\u00e1n). Tradicionales danzadores, flautas y tamboriles<\/p>\n<\/li>\n<li class=\"voc-d-c-list__item\">\n<p class=\"voc-d-c-list__paragraph\">\nVirgen del Socorro (Rociana del Condado). Asociaci\u00f3n Filarm\u00f3nica Cultural \u00abSanta Mar\u00eda de Las Nieves\u00bb (Olivares)<\/p>\n<\/li>\n<li class=\"voc-d-c-list__item\">\n<p class=\"voc-d-c-list__paragraph\">\nVirgen de los \u00c1ngeles (Al\u00e1jar). Banda de M\u00fasica Municipal de El Cerro de And\u00e9valo<\/p>\n<\/li>\n<li class=\"voc-d-c-list__item\">\n<p class=\"voc-d-c-list__paragraph\">\nVirgen de la Esperanza. Banda de M\u00fasica Municipal de La Puebla del R\u00edo<\/p>\n<\/li>\n<li class=\"voc-d-c-list__item\">\n<p class=\"voc-d-c-list__paragraph\">\nVirgen de la Soledad (Ayamonte). Asociaci\u00f3n Musical Utrerana (Utrera)<\/p>\n<\/li>\n<li class=\"voc-d-c-list__item\">\n<p class=\"voc-d-c-list__paragraph\">\nVirgen de los Milagros (Palos de la Frontera). Banda de M\u00fasica \u00abNuestra Se\u00f1ora de la Victoria\u00bb (Las Cigarreras &#8211; Sevilla)<\/p>\n<\/li>\n<li class=\"voc-d-c-list__item\">\n<p class=\"voc-d-c-list__paragraph\">\nVirgen de las Angustias (Ayamonte). Banda de M\u00fasica \u00abMaestro Tejera\u00bb (Sevilla)<\/p>\n<\/li>\n<li class=\"voc-d-c-list__item\">\n<p class=\"voc-d-c-list__paragraph\">\nVirgen de la Bella (Lepe). Banda Sinf\u00f3nica Municipal de Lepe<\/p>\n<\/li>\n<li class=\"voc-d-c-list__item\">\n<p class=\"voc-d-c-list__paragraph\">\nVirgen de Montemayor (Moguer). Banda de M\u00fasica \u00abSanta Ana\u00bb (Dos Hermanas)<\/p>\n<\/li>\n<li class=\"voc-d-c-list__item\">\n<p class=\"voc-d-c-list__paragraph\">\nVirgen de la Cinta. Banda Sinf\u00f3nica Municipal de Huelva<\/p>\n<\/li>\n<\/ul>\n<p>14:16<\/p>\n<p>\u00bfC\u00f3mo se ha decidido el orden de paso por el recorrido oficial?<\/p>\n<p class=\"voc-p\">El orden de paso por el recorrido oficial de la Magna Mariana de Huelva 2025 viene determinado por la antig\u00fcedad de las coronaciones en sentido decreciente. De esta manera, la primera coronaci\u00f3n can\u00f3nica de la Di\u00f3cesis de Huelva fue la de la Virgen de Montemayor, patrona de Moguer. No obstante, la organizaci\u00f3n prefiri\u00f3 que cerrase el cortejo la Virgen de la Cinta, patrona y alcaldesa perpetua de la capital onubense.<\/p>\n<p>14:05<\/p>\n<p>Cortes de tr\u00e1fico durante la Magna Mariana de Huelva<\/p>\n<p class=\"voc-p\">Entre las <strong>17.00 y las 00.00 horas<\/strong> se establecer\u00e1n cortes de tr\u00e1fico en el centro de la capital onubense, lo que implicar\u00e1 la imposibilidad de entrada y salida de veh\u00edculos en la zona delimitada.<\/p>\n<p>13:50<\/p>\n<p>As\u00ed fue la llegada de la Virgen de los Milagros a Huelva<\/p>\n<p class=\"voc-p\">Miles de peregrinos acompa\u00f1aron a la patrona de Palos de la Frontera desde la R\u00e1bida. <\/p>\n<p>13:41<\/p>\n<p>El Ayuntamiento de Puebla recomienda a sus vecinos asegurar sus viviendas para evitar robos durante la Magna Mariana de Huelva<\/p>\n<p class=\"voc-p\">La Puebla de Guzm\u00e1n espera tal \u00e9xodo este fin de semana, cuando su patrona, la Virgen de la Pe\u00f1a, ser\u00e1 una de las im\u00e1genes que participe en la Magna Mariana, que el Ayuntamiento no ha dudado en hacer un llamamiento a los vecinos.<\/p>\n<p class=\"voc-p\">En un comunicado se pide <strong>\u00abextremar las medidas de precauci\u00f3n\u00bb \u00abasegurar correctamente puertas y ventanas al salir del domicilio y evitar dejar dinero u objetos de gran valor<\/strong>\u00a0en el interior de la vivienda\u00bb.<\/p>\n<p class=\"voc-p\">Asimismo, se han reforzado los servicios de las Fuerzas y Cuerpos de Seguridad del Estado durante el fin de semana. <\/p>\n<p class=\"voc-p\">Toda la informaci\u00f3n                                             <a href=\"https:\/\/www.huelva24.com\/provincia\/ayuntamiento-puebla-recomienda-vecinos-asegurar-viviendas-evitar-20250919115428-nth.html\" data-voc-vtm-id=\"in-text-traffic\" target=\"_blank\" rel=\"nofollow noopener\"><br \/>\naqu\u00ed<\/a>. <\/p>\n<p>13:30<\/p>\n<p>\u00bfPor qu\u00e9 se celebra la Magna Mariana de Huelva 2025?<\/p>\n<p class=\"voc-p\">La celebraci\u00f3n de un gran evento con la participaci\u00f3n de las principales devociones marianas de Huelva es un anhelo que la Di\u00f3cesis onubense ha sostenido en los \u00faltimos a\u00f1os. En este sentido, la convocatoria del                                             <a href=\"https:\/\/www.huelva24.com\/huelva\/obispo-huelva-oficia-inicio-ano-jubilar-celebra-20241229160204-nth.html#:~:text=ElobispodeHuelvaoficiaelinicio,Polic%C3%ADaennuestropa%C3%ADs:%C2%ABNuncalosves%C2%BB\" data-voc-vtm-id=\"in-text-traffic\" target=\"_blank\" rel=\"nofollow noopener\"><strong>A\u00f1o Jubilar de la Esperanza<\/strong><\/a> para 2025 por parte del <strong>Papa Francisco<\/strong> propici\u00f3 el marco y el momento id\u00f3neos para que la Iglesia onubense pudiera organizar una Magna Mariana que, para la Di\u00f3cesis de Huelva, es una \u00abmuestra de la riqueza y la diversidad del patrimonio mariano de la provincia\u00bb.<\/p>\n<p class=\"voc-p\">En el recuerdo de los onubenses queda aquel lejano <strong>1954<\/strong>, cuando Huelva celebr\u00f3 el                                             <a href=\"https:\/\/www.huelva24.com\/cultura\/magna-recorrido-historico-procesiones-magnas-huelva-celebro-20250908110847-nth.html\" data-voc-vtm-id=\"in-text-traffic\" target=\"_blank\" rel=\"nofollow noopener\"><strong>A\u00f1o Santo Mariano<\/strong><\/a> y la creaci\u00f3n de su Di\u00f3cesis con una <strong>procesi\u00f3n magna<\/strong> conformada por m\u00e1s de una veintena de patronas e im\u00e1genes marianas de otras localidades de la provincia y que congreg\u00f3 a m\u00e1s de 60.000 personas en la capital onubense.<\/p>\n<p>13:00<\/p>\n<p>Horarios del recorrido oficial de la Magna Mariana de Huelva<\/p>\n<p class=\"voc-p\">Este ser\u00e1 el orden de las im\u00e1genes durante la carrera oficial: <\/p>\n<ul class=\"voc-d-c-list__list\">\n<li class=\"voc-d-c-list__item\">\n<p class=\"voc-d-c-list__paragraph\">\n18:45 horas. Virgen de la Paz<\/p>\n<\/li>\n<li class=\"voc-d-c-list__item\">\n<p class=\"voc-d-c-list__paragraph\">\n18:50 horas. Virgen de los Dolores (El Perd\u00f3n)<\/p>\n<\/li>\n<li class=\"voc-d-c-list__item\">\n<p class=\"voc-d-c-list__paragraph\">\n18:55 horas. Virgen de los Dolores (Los Jud\u00edos)<\/p>\n<\/li>\n<li class=\"voc-d-c-list__item\">\n<p class=\"voc-d-c-list__paragraph\">\n19:00 horas. Virgen de la Salud<\/p>\n<\/li>\n<li class=\"voc-d-c-list__item\">\n<p class=\"voc-d-c-list__paragraph\">\n19:05 horas. Mar\u00eda Auxiliadora (La Palma del Cdo.)<\/p>\n<\/li>\n<li class=\"voc-d-c-list__item\">\n<p class=\"voc-d-c-list__paragraph\">\n19:10 horas. Virgen del Rosario<\/p>\n<\/li>\n<li class=\"voc-d-c-list__item\">\n<p class=\"voc-d-c-list__paragraph\">\n19:15 horas. Virgen de la Amargura<\/p>\n<\/li>\n<li class=\"voc-d-c-list__item\">\n<p class=\"voc-d-c-list__paragraph\">\n19:20 horas. Virgen del Refugio<\/p>\n<\/li>\n<li class=\"voc-d-c-list__item\">\n<p class=\"voc-d-c-list__paragraph\">\n19:25 horas. Virgen de los Dolores (La Oraci\u00f3n)<\/p>\n<\/li>\n<li class=\"voc-d-c-list__item\">\n<p class=\"voc-d-c-list__paragraph\">\n19:30 horas. Virgen de la Victoria<\/p>\n<\/li>\n<li class=\"voc-d-c-list__item\">\n<p class=\"voc-d-c-list__paragraph\">\n19:35 horas. Virgen de la Estrella (Chucena)<\/p>\n<\/li>\n<li class=\"voc-d-c-list__item\">\n<p class=\"voc-d-c-list__paragraph\">\n19:40 horas. Virgen del Valle (La Palmda del Cdo.)<\/p>\n<\/li>\n<li class=\"voc-d-c-list__item\">\n<p class=\"voc-d-c-list__paragraph\">\n19:45 horas. Virgen del Mayor Dolor (Aracena)<\/p>\n<\/li>\n<li class=\"voc-d-c-list__item\">\n<p class=\"voc-d-c-list__paragraph\">\n19:50 horas. Virgen de los Remedios (Villarrasa)<\/p>\n<\/li>\n<li class=\"voc-d-c-list__item\">\n<p class=\"voc-d-c-list__paragraph\">\n19:55 horas. Virgen de la Pe\u00f1a (La Puebla de Guzm\u00e1n)<\/p>\n<\/li>\n<li class=\"voc-d-c-list__item\">\n<p class=\"voc-d-c-list__paragraph\">\n20:00 horas. Virgen del Socorro (Rociana del Cdo.)<\/p>\n<\/li>\n<li class=\"voc-d-c-list__item\">\n<p class=\"voc-d-c-list__paragraph\">\n20:05 horas. Virgen de los \u00c1ngeles (Al\u00e1jar)<\/p>\n<\/li>\n<li class=\"voc-d-c-list__item\">\n<p class=\"voc-d-c-list__paragraph\">\n20:10 horas. Virgen de la Esperanza<\/p>\n<\/li>\n<li class=\"voc-d-c-list__item\">\n<p class=\"voc-d-c-list__paragraph\">\n20:15 horas. Virgen de la Soledad (Ayamonte)<\/p>\n<\/li>\n<li class=\"voc-d-c-list__item\">\n<p class=\"voc-d-c-list__paragraph\">\n20:20 horas. Virgen de los Milagros (Palos de la Frontera)<\/p>\n<\/li>\n<li class=\"voc-d-c-list__item\">\n<p class=\"voc-d-c-list__paragraph\">\n20:25 horas. Virgen de las Angustias (Ayamonte)<\/p>\n<\/li>\n<li class=\"voc-d-c-list__item\">\n<p class=\"voc-d-c-list__paragraph\">\n20:30 horas. Virgen de la Bella (Lepe)<\/p>\n<\/li>\n<li class=\"voc-d-c-list__item\">\n<p class=\"voc-d-c-list__paragraph\">\n20:35 horas. Virgen de Montemayor (Moguer)<\/p>\n<\/li>\n<li class=\"voc-d-c-list__item\">\n<p class=\"voc-d-c-list__paragraph\">\n20:40 horas. Virgen de la Cinta<\/p>\n<\/li>\n<\/ul>\n<p>13:00<\/p>\n<p>Magna Mariana de Huelva<\/p>\n<p class=\"voc-p\"><strong>\u00a1Muy buenas tardes!<\/strong> Bienvenidos\/as al directo de<strong> Huelva24 <\/strong>en el que os contaremos c\u00f3mo transcurre la <strong>Magna Mariana de Huelva 2025<\/strong>, uno de los eventos m\u00e1s esperados del a\u00f1o en la provincia onubense.<\/p>\n<p class=\"voc-p\">Las mayores devociones marianas de Huelva se reunir\u00e1n hoy en la ciudad para la celebraci\u00f3n de este evento multitudinario al que asistir\u00e1n miles de devotos procedentes de toda la provincia, adem\u00e1s de otros muchos visitantes de toda Andaluc\u00eda.<\/p>\n<p class=\"voc-p\">Aqu\u00ed os informaremos de todas las noticias, los recorridos y \u00faltima hora de lo que ocurra en la<strong> Magna Mariana de Huelva 2025<\/strong>.<\/p>\n<p class=\"voc-p\"><strong>\u00a1Comenzamos!<\/strong><\/p>\n","protected":false},"excerpt":{"rendered":"Huelva celebra hoy su Magna Mariana, uno de los eventos m\u00e1s esperados del a\u00f1o en la provincia onubense.&hellip;\n","protected":false},"author":2,"featured_media":127837,"comment_status":"","ping_status":"","sticky":false,"template":"","format":"standard","meta":{"footnotes":""},"categories":[8],"tags":[17,18,2125,25,24,13,14,11,4397,19,20,29082,3926,9,10,15,16,23,12,21,22],"class_list":{"0":"post-127836","1":"post","2":"type-post","3":"status-publish","4":"format-standard","5":"has-post-thumbnail","7":"category-espana","8":"tag-breaking-news","9":"tag-breakingnews","10":"tag-directo","11":"tag-es","12":"tag-espana","13":"tag-featured-news","14":"tag-featurednews","15":"tag-headlines","16":"tag-huelva","17":"tag-latest-news","18":"tag-latestnews","19":"tag-magna","20":"tag-mariana","21":"tag-news","22":"tag-noticias","23":"tag-noticias-destacadas","24":"tag-noticiasdestacadas","25":"tag-spain","26":"tag-titulares","27":"tag-ultimas-noticias","28":"tag-ultimasnoticias"},"share_on_mastodon":{"url":"","error":""},"_links":{"self":[{"href":"https:\/\/www.europesays.com\/es\/wp-json\/wp\/v2\/posts\/127836","targetHints":{"allow":["GET"]}}],"collection":[{"href":"https:\/\/www.europesays.com\/es\/wp-json\/wp\/v2\/posts"}],"about":[{"href":"https:\/\/www.europesays.com\/es\/wp-json\/wp\/v2\/types\/post"}],"author":[{"embeddable":true,"href":"https:\/\/www.europesays.com\/es\/wp-json\/wp\/v2\/users\/2"}],"replies":[{"embeddable":true,"href":"https:\/\/www.europesays.com\/es\/wp-json\/wp\/v2\/comments?post=127836"}],"version-history":[{"count":0,"href":"https:\/\/www.europesays.com\/es\/wp-json\/wp\/v2\/posts\/127836\/revisions"}],"wp:featuredmedia":[{"embeddable":true,"href":"https:\/\/www.europesays.com\/es\/wp-json\/wp\/v2\/media\/127837"}],"wp:attachment":[{"href":"https:\/\/www.europesays.com\/es\/wp-json\/wp\/v2\/media?parent=127836"}],"wp:term":[{"taxonomy":"category","embeddable":true,"href":"https:\/\/www.europesays.com\/es\/wp-json\/wp\/v2\/categories?post=127836"},{"taxonomy":"post_tag","embeddable":true,"href":"https:\/\/www.europesays.com\/es\/wp-json\/wp\/v2\/tags?post=127836"}],"curies":[{"name":"wp","href":"https:\/\/api.w.org\/{rel}","templated":true}]}}