{"id":127838,"date":"2025-09-20T17:29:22","date_gmt":"2025-09-20T17:29:22","guid":{"rendered":"https:\/\/www.europesays.com\/es\/127838\/"},"modified":"2025-09-20T17:29:22","modified_gmt":"2025-09-20T17:29:22","slug":"la-simbiosis-del-deporte-con-la-naturaleza-deja-otro-trail-para-el-recuerdo","status":"publish","type":"post","link":"https:\/\/www.europesays.com\/es\/127838\/","title":{"rendered":"La simbiosis del deporte con la naturaleza deja otro trail para el recuerdo"},"content":{"rendered":"<p>\t\t<a href=\"https:\/\/www.ayto-aljaraque.es\/export\/sites\/aljaraque\/es\/.galleries\/imagenes-noticias\/noticias-2025\/Septiembre-2025\/Trail-marismas-de-corrales-2.JPG\" title=\"\" class=\"wrapper-image zoom-filter \" rel=\"prettyPhoto[gallery1] nofollow noopener\" target=\"_blank\">\t\t\t<\/p>\n<p>\t\t\t\t\t\t<img loading=\"lazy\" decoding=\"async\" class=\"img-responsive\" src=\"https:\/\/www.europesays.com\/es\/wp-content\/uploads\/2025\/09\/Trail-marismas-de-corrales-2.JPG_2080721182.jpg\" width=\"5184\" height=\"3456\" title=\"Trail marismas de corrales (2)\" alt=\"Trail marismas de corrales (2)\"\/><\/p>\n<p>\t\t\t\t<\/a><\/p>\n<p>El Trail Marismas de Corrales, la espectacular cita que une deporte y naturaleza en nuestro privilegiado entorno, ha vuelto a ser todo un \u00e9xito. Cuatrocientos deportistas, muchos de ellos llegados desde fuera de la provincia de Huelva, han dejado de nuevo momentos inolvidables a lo largo de todo el recorrido, de 12 kil\u00f3metros, incluyendo las propias marismas locales, marcadas por la pleamar.<\/p>\n<p>El alcalde de Aljaraque, Adri\u00e1n Cano, la concejala de Deportes, Leticia Villegas, y la concejala de Igualdad, Josefa Arenas, han participado en la entrega de premios de esta espectacular prueba y han felicitado tanto a la organizaci\u00f3n de la misma como a los corredores por la gran jornada vivida en un evento que ha vuelto a situar a nuestra localidad como referente del trail y que ha servido, una vez m\u00e1s, como promoci\u00f3n del municipio.<\/p>\n<p>Los ganadores de esta prueba han sido: en la categor\u00eda masculina, Mario Bustamante, Antonio Jes\u00fas Lebr\u00f3n y Sebasti\u00e1n G\u00f3mez; y en la categor\u00eda femenina, Carmen Valle, Celia Romero y Vicky Agudo, obteniendo los primeros, segundos y terceros premios respectivamente.<\/p>\n<p>La carrera forma parte del Circuito Provincial de Carreras por Monta\u00f1a y cuenta con el respaldo oficial de la Federaci\u00f3n Andaluza de Monta\u00f1a, Escalada y Senderismo.<\/p>\n","protected":false},"excerpt":{"rendered":"El Trail Marismas de Corrales, la espectacular cita que une deporte y naturaleza en nuestro privilegiado entorno, ha&hellip;\n","protected":false},"author":2,"featured_media":127839,"comment_status":"","ping_status":"","sticky":false,"template":"","format":"standard","meta":{"footnotes":""},"categories":[5],"tags":[17,18,25,24,13,14,11,19,20,9,10,15,16,23,12,21,22],"class_list":{"0":"post-127838","1":"post","2":"type-post","3":"status-publish","4":"format-standard","5":"has-post-thumbnail","7":"category-titulares","8":"tag-breaking-news","9":"tag-breakingnews","10":"tag-es","11":"tag-espana","12":"tag-featured-news","13":"tag-featurednews","14":"tag-headlines","15":"tag-latest-news","16":"tag-latestnews","17":"tag-news","18":"tag-noticias","19":"tag-noticias-destacadas","20":"tag-noticiasdestacadas","21":"tag-spain","22":"tag-titulares","23":"tag-ultimas-noticias","24":"tag-ultimasnoticias"},"share_on_mastodon":{"url":"","error":""},"_links":{"self":[{"href":"https:\/\/www.europesays.com\/es\/wp-json\/wp\/v2\/posts\/127838","targetHints":{"allow":["GET"]}}],"collection":[{"href":"https:\/\/www.europesays.com\/es\/wp-json\/wp\/v2\/posts"}],"about":[{"href":"https:\/\/www.europesays.com\/es\/wp-json\/wp\/v2\/types\/post"}],"author":[{"embeddable":true,"href":"https:\/\/www.europesays.com\/es\/wp-json\/wp\/v2\/users\/2"}],"replies":[{"embeddable":true,"href":"https:\/\/www.europesays.com\/es\/wp-json\/wp\/v2\/comments?post=127838"}],"version-history":[{"count":0,"href":"https:\/\/www.europesays.com\/es\/wp-json\/wp\/v2\/posts\/127838\/revisions"}],"wp:featuredmedia":[{"embeddable":true,"href":"https:\/\/www.europesays.com\/es\/wp-json\/wp\/v2\/media\/127839"}],"wp:attachment":[{"href":"https:\/\/www.europesays.com\/es\/wp-json\/wp\/v2\/media?parent=127838"}],"wp:term":[{"taxonomy":"category","embeddable":true,"href":"https:\/\/www.europesays.com\/es\/wp-json\/wp\/v2\/categories?post=127838"},{"taxonomy":"post_tag","embeddable":true,"href":"https:\/\/www.europesays.com\/es\/wp-json\/wp\/v2\/tags?post=127838"}],"curies":[{"name":"wp","href":"https:\/\/api.w.org\/{rel}","templated":true}]}}