{"id":127840,"date":"2025-09-20T17:30:10","date_gmt":"2025-09-20T17:30:10","guid":{"rendered":"https:\/\/www.europesays.com\/es\/127840\/"},"modified":"2025-09-20T17:30:10","modified_gmt":"2025-09-20T17:30:10","slug":"la-ciudad-deportiva-de-lucena-acoge-la-iv-edicion-del-memorial-manolo-lara","status":"publish","type":"post","link":"https:\/\/www.europesays.com\/es\/127840\/","title":{"rendered":"La Ciudad Deportiva de Lucena acoge la IV Edici\u00f3n del Memorial Manolo Lara"},"content":{"rendered":"<p>                                    DEPORTES<\/p>\n<p>                            51<br \/>\n                            fotograf\u00edas\n                        <\/p>\n<p>                    20<br \/>\n            de Septiembre<br \/>\n            de<br \/>\n            2025\n        \t<\/p>\n<p>La Ciudad Deportiva de Lucena se convert\u00eda\u00a0este s\u00e1bado 20 de septiembre en el epicentro del balonmano andaluz con la celebraci\u00f3n de la <strong>IV Edici\u00f3n del Memorial Manolo Lara<\/strong>, un torneo ya consolidado como referente regional en el calendario de pretemporada de equipos base y organizado por\u00a0<strong>el Club Balonmano Lucena. <\/strong>La\u00a0cita deportiva ha reunido a<strong> m\u00e1s de 500 j\u00f3venes jugadores y jugadoras de la pr\u00e1ctica totalidad de\u00a0las provincias andaluzas<\/strong>.<\/p>\n<p>El torneo, de car\u00e1cter mixto, se ha disputado en las cuatro pistas de la Ciudad Deportiva, combinando instalaciones al aire libre\u00a0y cubiertas para las categor\u00edas Benjam\u00edn, Alev\u00edn, Infantil, Cadete y Juvenil, garantizando una jornada repleta de deporte, convivencia y valores. Les dejamos algunas im\u00e1genes de esta actividad deportiva.<\/p>\n","protected":false},"excerpt":{"rendered":"DEPORTES 51 fotograf\u00edas 20 de Septiembre de 2025 La Ciudad Deportiva de Lucena se convert\u00eda\u00a0este s\u00e1bado 20 de&hellip;\n","protected":false},"author":2,"featured_media":96223,"comment_status":"","ping_status":"","sticky":false,"template":"","format":"standard","meta":{"footnotes":""},"categories":[278],"tags":[376,168,25,24,375,23,167],"class_list":{"0":"post-127840","1":"post","2":"type-post","3":"status-publish","4":"format-standard","5":"has-post-thumbnail","7":"category-balonmano","8":"tag-balonmano","9":"tag-deportes","10":"tag-es","11":"tag-espana","12":"tag-handball","13":"tag-spain","14":"tag-sports"},"share_on_mastodon":{"url":"","error":""},"_links":{"self":[{"href":"https:\/\/www.europesays.com\/es\/wp-json\/wp\/v2\/posts\/127840","targetHints":{"allow":["GET"]}}],"collection":[{"href":"https:\/\/www.europesays.com\/es\/wp-json\/wp\/v2\/posts"}],"about":[{"href":"https:\/\/www.europesays.com\/es\/wp-json\/wp\/v2\/types\/post"}],"author":[{"embeddable":true,"href":"https:\/\/www.europesays.com\/es\/wp-json\/wp\/v2\/users\/2"}],"replies":[{"embeddable":true,"href":"https:\/\/www.europesays.com\/es\/wp-json\/wp\/v2\/comments?post=127840"}],"version-history":[{"count":0,"href":"https:\/\/www.europesays.com\/es\/wp-json\/wp\/v2\/posts\/127840\/revisions"}],"wp:featuredmedia":[{"embeddable":true,"href":"https:\/\/www.europesays.com\/es\/wp-json\/wp\/v2\/media\/96223"}],"wp:attachment":[{"href":"https:\/\/www.europesays.com\/es\/wp-json\/wp\/v2\/media?parent=127840"}],"wp:term":[{"taxonomy":"category","embeddable":true,"href":"https:\/\/www.europesays.com\/es\/wp-json\/wp\/v2\/categories?post=127840"},{"taxonomy":"post_tag","embeddable":true,"href":"https:\/\/www.europesays.com\/es\/wp-json\/wp\/v2\/tags?post=127840"}],"curies":[{"name":"wp","href":"https:\/\/api.w.org\/{rel}","templated":true}]}}