{"id":127848,"date":"2025-09-20T17:37:16","date_gmt":"2025-09-20T17:37:16","guid":{"rendered":"https:\/\/www.europesays.com\/es\/127848\/"},"modified":"2025-09-20T17:37:16","modified_gmt":"2025-09-20T17:37:16","slug":"el-albacete-basket-intentara-encarrilar-su-clasificacion","status":"publish","type":"post","link":"https:\/\/www.europesays.com\/es\/127848\/","title":{"rendered":"El Albacete Basket intentar\u00e1 encarrilar su clasificaci\u00f3n"},"content":{"rendered":"<p>El Bueno Arenas Albacete Basket tiene hoy una cita en el Pabell\u00f3n Serrer\u00edas de la localidad murciana de Molina de Segura en la segunda jornada de la Copa de Espa\u00f1a.<\/p>\n<p>El conjunto verdinegro se enfrentar\u00e1, a partir de las 19.30 horas, al equipo local del Ciudad Molina Basket con la intenci\u00f3n de encarrilar su clasificaci\u00f3n en esta fase de grupos, que completar\u00e1 frente al Proinbeni UPB Gand\u00eda el pr\u00f3ximo 27 de septiembre en el Pabell\u00f3n del Parque.<\/p>\n<p>Los primeros compases del Albacete Basket est\u00e1n resultando esperanzadores para sus seguidores. Tras adjudicarse el Trofeo de Feria frente al potente Baloncesto Fuenlabrada (90-81), no baj\u00f3 el nivel en la primera jornada de esta competici\u00f3n copera en la que derrot\u00f3 al CEBLl\u00edria (102-85) con unas sensaciones excelentes.<\/p>\n<p>En estas primeras semanas de rodaje, el conjunto albacetense al menos est\u00e1 mostrando muy buenas maneras que deber\u00e1n conformarse m\u00e1s adelante en el torneo de Segunda FEB que comenzar\u00e1 el pr\u00f3ximo mes de octubre.<\/p>\n","protected":false},"excerpt":{"rendered":"El Bueno Arenas Albacete Basket tiene hoy una cita en el Pabell\u00f3n Serrer\u00edas de la localidad murciana de&hellip;\n","protected":false},"author":2,"featured_media":127849,"comment_status":"","ping_status":"","sticky":false,"template":"","format":"standard","meta":{"footnotes":""},"categories":[269],"tags":[36854,299,298,168,25,24,36996,3977,23,167],"class_list":{"0":"post-127848","1":"post","2":"type-post","3":"status-publish","4":"format-standard","5":"has-post-thumbnail","7":"category-baloncesto","8":"tag-albacete-basket","9":"tag-baloncesto","10":"tag-basketball","11":"tag-deportes","12":"tag-es","13":"tag-espana","14":"tag-pabellon-del-parque","15":"tag-segunda-feb","16":"tag-spain","17":"tag-sports"},"share_on_mastodon":{"url":"","error":""},"_links":{"self":[{"href":"https:\/\/www.europesays.com\/es\/wp-json\/wp\/v2\/posts\/127848","targetHints":{"allow":["GET"]}}],"collection":[{"href":"https:\/\/www.europesays.com\/es\/wp-json\/wp\/v2\/posts"}],"about":[{"href":"https:\/\/www.europesays.com\/es\/wp-json\/wp\/v2\/types\/post"}],"author":[{"embeddable":true,"href":"https:\/\/www.europesays.com\/es\/wp-json\/wp\/v2\/users\/2"}],"replies":[{"embeddable":true,"href":"https:\/\/www.europesays.com\/es\/wp-json\/wp\/v2\/comments?post=127848"}],"version-history":[{"count":0,"href":"https:\/\/www.europesays.com\/es\/wp-json\/wp\/v2\/posts\/127848\/revisions"}],"wp:featuredmedia":[{"embeddable":true,"href":"https:\/\/www.europesays.com\/es\/wp-json\/wp\/v2\/media\/127849"}],"wp:attachment":[{"href":"https:\/\/www.europesays.com\/es\/wp-json\/wp\/v2\/media?parent=127848"}],"wp:term":[{"taxonomy":"category","embeddable":true,"href":"https:\/\/www.europesays.com\/es\/wp-json\/wp\/v2\/categories?post=127848"},{"taxonomy":"post_tag","embeddable":true,"href":"https:\/\/www.europesays.com\/es\/wp-json\/wp\/v2\/tags?post=127848"}],"curies":[{"name":"wp","href":"https:\/\/api.w.org\/{rel}","templated":true}]}}