{"id":127850,"date":"2025-09-20T17:38:07","date_gmt":"2025-09-20T17:38:07","guid":{"rendered":"https:\/\/www.europesays.com\/es\/127850\/"},"modified":"2025-09-20T17:38:07","modified_gmt":"2025-09-20T17:38:07","slug":"ultras-de-toda-europa-entre-ellos-del-atletico-de-madrid-acudiran-al-derbi-de-roma","status":"publish","type":"post","link":"https:\/\/www.europesays.com\/es\/127850\/","title":{"rendered":"Ultras de toda Europa, entre ellos del Atl\u00e9tico de Madrid, acudir\u00e1n al derbi de Roma"},"content":{"rendered":"<p data-gtm-element-container=\"modulo-texto-link\" class=\"paragraph\">La ciudad de <strong>Roma <\/strong>espera este domingo la llegada de numerosas facciones ultras de toda <strong>Europa<\/strong>, entre ellas de radicales del <strong>Atl\u00e9tico de Madrid<\/strong>, que se unir\u00e1n a los de <strong>Lazio <\/strong>y <strong>Roma <\/strong>antes del derbi de la capital italiana, uno de los m\u00e1s disputados y que acumulan m\u00e1s tensi\u00f3n en todo el continente.<\/p>\n<p>        Lee tambi\u00e9n<\/p>\n<p>    Chema G. Fuente<\/p>\n<p>             <img loading=\"lazy\" decoding=\"async\" data-full-src=\"https:\/\/www.mundodeportivo.com\/uploads\/2025\/09\/20\/68ce94acad342.jpeg\" alt=\"Victoria del Atl\u00e9tico Madrile\u00f1o, filial del Atl\u00e9tico de Madrid. Omar Janneh, celebrando con los compa\u00f1eros.\" width=\"334\" height=\"164\" src=\"https:\/\/www.europesays.com\/es\/wp-content\/uploads\/2025\/09\/68ce94acad342.r_d.2239-1712.jpeg\" class=\"lazy\"\/><\/p>\n<p data-gtm-element-container=\"modulo-texto-link\" class=\"paragraph\">El partido, que se disputar\u00e1 a las 12.30 (10.30 GMT) para reducir el riesgo de disturbios al ser a plena luz del d\u00eda, est\u00e1 declarado de alto riesgo tras el \u00faltimo encuentro entre ambos equipos, en el que una multitudinaria pelea entre unos 400 radicales se sald\u00f3 con 24 agentes de polic\u00eda heridos y 6 ultras arrestados, tres de cada equipo.<\/p>\n<p data-gtm-element-container=\"modulo-texto-link\" class=\"paragraph\">Para esta ocasi\u00f3n se espera la llegada de hasta 7 grupos de ultras de diferentes equipos de toda <strong>Europa<\/strong>, tal y como informaron este s\u00e1bado medios italianos. El <strong>Lazio <\/strong>espera la colaboraci\u00f3n de radicales alemanes del <strong>Leipzig, <\/strong>polacos del <strong>Wisla<\/strong>, b\u00falgaros del <strong>Levski Sofia <\/strong>e ingleses del <strong>West Ham.<\/strong><\/p>\n<p>                <img loading=\"lazy\" decoding=\"async\" data-full-src=\"https:\/\/www.mundodeportivo.com\/uploads\/2025\/09\/20\/68cec4a88dfb3.jpeg\" alt=\"As\u00ed se distribuir\u00e1n los ultras en el derbi de Roma.\" width=\"449\" height=\"287\" src=\"https:\/\/www.europesays.com\/es\/wp-content\/uploads\/2025\/09\/68cec4a88dfb3.jpeg\" class=\"lazy\"\/><\/p>\n<p class=\"caption-title \">As\u00ed se distribuir\u00e1n los ultras en el derbi de Roma.<\/p>\n<p>                    La Gazzetta dello Sport<\/p>\n<p data-gtm-element-container=\"modulo-texto-link\" class=\"paragraph\">El <strong>Roma<\/strong>, en cambio, afici\u00f3n hermanada con la del <strong>Atl\u00e9tico de Madrid<\/strong>, espera la llegada de ultras rojiblancos, griegos del <strong>Panathinaikos <\/strong>y croatas del<strong> Dinamo Zagreb.<\/strong><\/p>\n<p data-gtm-element-container=\"modulo-texto-link\" class=\"paragraph\">La ciudad de Roma desplegar\u00e1 un dispositivo de seguridad policial durante toda la tarde del s\u00e1bado y toda la jornada del domingo, tanto en los aleda\u00f1os del estadio como en las zonas conocidas como posibles puntos de reuni\u00f3n entre ambas aficiones que puedan desembocar en altercados antes del partido.<\/p>\n<p>        Lee tambi\u00e9n<\/p>\n<p>    redacci\u00f3n<\/p>\n<p>             <img loading=\"lazy\" decoding=\"async\" data-full-src=\"https:\/\/www.mundodeportivo.com\/uploads\/2025\/09\/19\/68cd7b1cae991.jpeg\" alt=\"El Atl\u00e9tico de Madrid Femenino logr\u00f3 la clasificaci\u00f3n para la Women's Champions' League.\" width=\"334\" height=\"164\" src=\"https:\/\/www.europesays.com\/es\/wp-content\/uploads\/2025\/09\/68cd7b1cae991.r_d.1156-796.jpeg\" class=\"lazy\"\/><\/p>\n<p data-gtm-element-container=\"modulo-texto-link\" class=\"paragraph\">Como es habitual, para evitar el encuentro entre ambas aficiones en la entrada al estadio que comparten, el <strong>Ol\u00edmpico de Roma<\/strong>, cada afici\u00f3n tendr\u00e1 una entrada definida y alejada de la contraria.\u00a0<\/p>\n","protected":false},"excerpt":{"rendered":"La ciudad de Roma espera este domingo la llegada de numerosas facciones ultras de toda Europa, entre ellas&hellip;\n","protected":false},"author":2,"featured_media":127851,"comment_status":"","ping_status":"","sticky":false,"template":"","format":"standard","meta":{"footnotes":""},"categories":[268],"tags":[168,25,24,280,282,281,23,167],"class_list":{"0":"post-127850","1":"post","2":"type-post","3":"status-publish","4":"format-standard","5":"has-post-thumbnail","7":"category-futbol","8":"tag-deportes","9":"tag-es","10":"tag-espana","11":"tag-football","12":"tag-futbol","13":"tag-soccer","14":"tag-spain","15":"tag-sports"},"share_on_mastodon":{"url":"","error":""},"_links":{"self":[{"href":"https:\/\/www.europesays.com\/es\/wp-json\/wp\/v2\/posts\/127850","targetHints":{"allow":["GET"]}}],"collection":[{"href":"https:\/\/www.europesays.com\/es\/wp-json\/wp\/v2\/posts"}],"about":[{"href":"https:\/\/www.europesays.com\/es\/wp-json\/wp\/v2\/types\/post"}],"author":[{"embeddable":true,"href":"https:\/\/www.europesays.com\/es\/wp-json\/wp\/v2\/users\/2"}],"replies":[{"embeddable":true,"href":"https:\/\/www.europesays.com\/es\/wp-json\/wp\/v2\/comments?post=127850"}],"version-history":[{"count":0,"href":"https:\/\/www.europesays.com\/es\/wp-json\/wp\/v2\/posts\/127850\/revisions"}],"wp:featuredmedia":[{"embeddable":true,"href":"https:\/\/www.europesays.com\/es\/wp-json\/wp\/v2\/media\/127851"}],"wp:attachment":[{"href":"https:\/\/www.europesays.com\/es\/wp-json\/wp\/v2\/media?parent=127850"}],"wp:term":[{"taxonomy":"category","embeddable":true,"href":"https:\/\/www.europesays.com\/es\/wp-json\/wp\/v2\/categories?post=127850"},{"taxonomy":"post_tag","embeddable":true,"href":"https:\/\/www.europesays.com\/es\/wp-json\/wp\/v2\/tags?post=127850"}],"curies":[{"name":"wp","href":"https:\/\/api.w.org\/{rel}","templated":true}]}}