{"id":127852,"date":"2025-09-20T17:39:05","date_gmt":"2025-09-20T17:39:05","guid":{"rendered":"https:\/\/www.europesays.com\/es\/127852\/"},"modified":"2025-09-20T17:39:05","modified_gmt":"2025-09-20T17:39:05","slug":"cristobal-soria-desvela-como-es-realmente-josep-pedrerol-detras-de-camaras-es-un-enfermo","status":"publish","type":"post","link":"https:\/\/www.europesays.com\/es\/127852\/","title":{"rendered":"Crist\u00f3bal Soria desvela c\u00f3mo es realmente Josep Pedrerol detr\u00e1s de c\u00e1maras: \u00abEs un enfermo\u00bb"},"content":{"rendered":"<p data-gtm-element-container=\"modulo-texto-link\" class=\"paragraph\">En los \u00faltimos a\u00f1os, los <strong>p\u00f3dcast <\/strong>han pasado de ser un formato alternativo a convertirse en uno de los medios de entretenimiento m\u00e1s consumidos. Entre todos ellos,<strong> &#8216;<a href=\"https:\/\/www.youtube.com\/watch?v=jQq7xN9bNow\" rel=\"nofollow noreferrer noopener\" target=\"_blank\">The Wild Project&#8217; <\/a><\/strong>destaca como uno de los referentes. La propuesta de <strong>Jordi Wild <\/strong>se ha ganado a la audiencia por la amplitud de sus tem\u00e1ticas, la variedad de invitados y una forma cercana y carism\u00e1tica de conducir cada charla.<\/p>\n<p data-gtm-element-container=\"modulo-texto-link\" class=\"paragraph\">Como parte de su din\u00e1mica habitual, el programa realiza una <strong>pausa veraniega <\/strong>para que Jordi pueda desconectar y volver con energ\u00edas renovadas. Este descanso se ha convertido en una tradici\u00f3n que prepara el terreno para nuevas entregas, y en esta ocasi\u00f3n, el regreso se produjo hace apenas unos d\u00edas con el inicio de una<strong> nueva temporada<\/strong> cargada de contenido.<\/p>\n<p>                <img loading=\"lazy\" decoding=\"async\" data-full-src=\"https:\/\/www.mundodeportivo.com\/uploads\/2025\/09\/20\/68ce63d629e48.jpeg\" alt=\"Crist\u00f3bal Soria, en 'The Wild Project'\" width=\"449\" height=\"252\" src=\"https:\/\/www.europesays.com\/es\/wp-content\/uploads\/2025\/09\/68ce63d629e48.jpeg\" class=\"lazy\"\/><\/p>\n<p class=\"caption-title \">Crist\u00f3bal Soria, en &#8216;The Wild Project&#8217;<\/p>\n<p>                    YouTube<\/p>\n<p data-gtm-element-container=\"modulo-texto-link\" class=\"paragraph\">El episodio m\u00e1s reciente, el n\u00famero 341, tuvo como invitado a <strong>Crist\u00f3bal Soria<\/strong>. La conversaci\u00f3n dio pie a comentar sobre equipos como el Real Madrid y el Barcelona, analizar j\u00f3venes promesas como Lamine Yamal, debatir sobre estrellas como Vinicius, y tambi\u00e9n repasar la actualidad de la Selecci\u00f3n Espa\u00f1ola, el Sevilla y el siempre pol\u00e9mico programa &#8216;<strong>El Chiringuito&#8217;.<\/strong><\/p>\n<p data-gtm-element-container=\"modulo-texto-link\" class=\"paragraph\">De hecho, cuando el tertuliano explicaba c\u00f3mo se fragu\u00f3 su fichaje por el espacio de Mega, Jordi Wild le pregunt\u00f3 por su relaci\u00f3n con Josep Pedrerol. \u00ab<strong>Es un amigo<\/strong>\u00ab, empez\u00f3. Y sigui\u00f3:\u00a0\u00ab<strong>Cuando llueve, el paraguas que m\u00e1s te protege es el de Josep<\/strong>. Evidentemente, saca su genio, su temperamento porque es un competidor nato y es un perfeccionista\u00bb.<\/p>\n<p>                <img loading=\"lazy\" decoding=\"async\" data-full-src=\"https:\/\/www.mundodeportivo.com\/uploads\/2025\/09\/20\/68ce63d584eaa.jpeg\" alt=\"Crist\u00f3bal Soria, en 'The Wild Project'\" width=\"449\" height=\"252\" src=\"https:\/\/www.europesays.com\/es\/wp-content\/uploads\/2025\/09\/68ce63d584eaa.jpeg\" class=\"lazy\"\/><\/p>\n<p class=\"caption-title \">Crist\u00f3bal Soria, en &#8216;The Wild Project&#8217;<\/p>\n<p>                    YouTube<\/p>\n<p>    Lee tambi\u00e9n<\/p>\n<p data-gtm-element-container=\"modulo-texto-link\" class=\"paragraph\">La cosa no se qued\u00f3 ah\u00ed, Soria desvel\u00f3 c\u00f3mo es realmente el presentador de &#8216;El Chiringuito&#8217;. \u00abEs un enfermo del trabajo, de la perfecci\u00f3n. L<strong>a gente que estamos alrededor tenemos que aprender a saber que es excesivamente pesado.<\/strong> Yo se lo digo a \u00e9l. Es muy demandante. Es un nivel de exigencia&#8230; El nivel para trabajar a su lado es un nivel alto\u00bb, explic\u00f3.<\/p>\n","protected":false},"excerpt":{"rendered":"En los \u00faltimos a\u00f1os, los p\u00f3dcast han pasado de ser un formato alternativo a convertirse en uno de&hellip;\n","protected":false},"author":2,"featured_media":127853,"comment_status":"","ping_status":"","sticky":false,"template":"","format":"standard","meta":{"footnotes":""},"categories":[174],"tags":[255,146,147,25,24,256,23],"class_list":{"0":"post-127852","1":"post","2":"type-post","3":"status-publish","4":"format-standard","5":"has-post-thumbnail","7":"category-famosos","8":"tag-celebrities","9":"tag-entertainment","10":"tag-entretenimiento","11":"tag-es","12":"tag-espana","13":"tag-famosos","14":"tag-spain"},"share_on_mastodon":{"url":"","error":""},"_links":{"self":[{"href":"https:\/\/www.europesays.com\/es\/wp-json\/wp\/v2\/posts\/127852","targetHints":{"allow":["GET"]}}],"collection":[{"href":"https:\/\/www.europesays.com\/es\/wp-json\/wp\/v2\/posts"}],"about":[{"href":"https:\/\/www.europesays.com\/es\/wp-json\/wp\/v2\/types\/post"}],"author":[{"embeddable":true,"href":"https:\/\/www.europesays.com\/es\/wp-json\/wp\/v2\/users\/2"}],"replies":[{"embeddable":true,"href":"https:\/\/www.europesays.com\/es\/wp-json\/wp\/v2\/comments?post=127852"}],"version-history":[{"count":0,"href":"https:\/\/www.europesays.com\/es\/wp-json\/wp\/v2\/posts\/127852\/revisions"}],"wp:featuredmedia":[{"embeddable":true,"href":"https:\/\/www.europesays.com\/es\/wp-json\/wp\/v2\/media\/127853"}],"wp:attachment":[{"href":"https:\/\/www.europesays.com\/es\/wp-json\/wp\/v2\/media?parent=127852"}],"wp:term":[{"taxonomy":"category","embeddable":true,"href":"https:\/\/www.europesays.com\/es\/wp-json\/wp\/v2\/categories?post=127852"},{"taxonomy":"post_tag","embeddable":true,"href":"https:\/\/www.europesays.com\/es\/wp-json\/wp\/v2\/tags?post=127852"}],"curies":[{"name":"wp","href":"https:\/\/api.w.org\/{rel}","templated":true}]}}