{"id":127854,"date":"2025-09-20T17:40:10","date_gmt":"2025-09-20T17:40:10","guid":{"rendered":"https:\/\/www.europesays.com\/es\/127854\/"},"modified":"2025-09-20T17:40:10","modified_gmt":"2025-09-20T17:40:10","slug":"leica-un-siglo-de-fotografia-la-exposicion-gratuita-en-madrid-que-recorre-el-trabajo-de-los-mejores-fotografos-del-mundo","status":"publish","type":"post","link":"https:\/\/www.europesays.com\/es\/127854\/","title":{"rendered":"&#8216;Leica. Un siglo de fotograf\u00eda&#8217;, la exposici\u00f3n gratuita en Madrid que recorre el trabajo de los mejores fot\u00f3grafos del mundo"},"content":{"rendered":"<p data-journey-content=\"true\" data-node-id=\"1\" class=\"body-dropcap css-1vn2egp emevuu60\">Hay c\u00e1maras que hacen fotos y c\u00e1maras que hacen historia. Entre estas \u00faltimas, pocas han sido, y son, tan influyentes como la Leica, convertida en objeto de culto y herramienta esencial para generaciones de fot\u00f3grafos. Este 2025, la marca alemana cumple un siglo de vida y lo celebra con una exposici\u00f3n que promete convertirse en cita obligada para los amantes de la cultura visual. Hasta el 11 de enero de 2026, el <strong data-node-id=\"1.1\">Fern\u00e1n G\u00f3mez Centro Cultural <\/strong>de la<strong data-node-id=\"1.3\"> Villa,<a href=\"https:\/\/www.harpersbazaar.com\/es\/arte\/g246482\/mejores-galerias-arte-madrid\/\" target=\"_blank\" data-vars-ga-outbound-link=\"https:\/\/www.harpersbazaar.com\/es\/arte\/g246482\/mejores-galerias-arte-madrid\/\" data-vars-ga-ux-element=\"Hyperlink\" data-vars-ga-call-to-action=\" en Madrid,\" data-node-id=\"1.3.1\" class=\"body-link css-156jt4g emevuu60\" rel=\"nofollow noopener\"> en Madrid,<\/a> acoge <\/strong><strong data-node-id=\"1.4.0\">Leica. Un siglo de fotograf\u00eda,<\/strong> una muestra de entrada gratuita que re\u00fane 174 im\u00e1genes firmadas por algunos de los nombres m\u00e1s importantes de la industria.<\/p>\n<p data-journey-content=\"true\" data-node-id=\"4\" class=\"body-dropcap css-1vn2egp emevuu60\">Desde Elliott Erwitt, Sebasti\u00e3o Salgado o Steve McCurry hasta Bruce Davidson, Alberto Korda, Ralph Gibson o Jane Evelyn Atwood. La muestra recoge una exquisita selecci\u00f3n de <a href=\"https:\/\/www.harpersbazaar.com\/es\/arte\/a62564578\/henri-cartier-bresson-exposicion-planes-barcelona\/\" target=\"_blank\" data-vars-ga-outbound-link=\"https:\/\/www.harpersbazaar.com\/es\/arte\/a62564578\/henri-cartier-bresson-exposicion-planes-barcelona\/\" data-vars-ga-ux-element=\"Hyperlink\" data-vars-ga-call-to-action=\"obras fotogr\u00e1ficas \" data-node-id=\"4.1\" class=\"body-link css-156jt4g emevuu60\" rel=\"nofollow noopener\">obras fotogr\u00e1ficas <\/a>que permite recorrer la historia de la imagen a trav\u00e9s de la mirada de quienes empu\u00f1aron una Leica para capturar instantes que hoy forman parte de nuestra memoria colectiva.<\/p>\n<p><img draggable=\"true\" alt=\"exposicion leica madrid\" title=\"La exposici\u00f3n de Leica que ver en Madrid\" loading=\"lazy\" width=\"3200\" height=\"4313\" decoding=\"async\" data-nimg=\"1\" style=\"color:transparent;width:100%;height:auto;\"   src=\"https:\/\/www.europesays.com\/es\/wp-content\/uploads\/2025\/09\/ricard-terre-1958-68c2a601d6b2a.jpg\" class=\"css-0 e1g79fud0\"\/>Ricard Terr\u00e9<\/p>\n<p>La ni\u00f1a Isabelita Clemente, Sant Boi de Llobregat1958. C\u00e1mara Leica M3.<\/p>\n<p data-journey-content=\"true\" data-node-id=\"7\" class=\"css-6wxqfj emevuu60\">Adem\u00e1s, esta cita madrile\u00f1a se enriquece con la obra de casi <strong data-node-id=\"7.1\">treinta fot\u00f3grafos espa\u00f1oles<\/strong>, entre ellos Agust\u00edn Centelles, Alberto Garc\u00eda-Alix, Anna Turbau, Javier Campano, Ricard Terr\u00e9 o <a href=\"https:\/\/www.harpersbazaar.com\/es\/arte\/a60730503\/exposicion-fotografia-gonzalo-juanes-madrid-photoespana-2024\/\" target=\"_blank\" data-vars-ga-outbound-link=\"https:\/\/www.harpersbazaar.com\/es\/arte\/a60730503\/exposicion-fotografia-gonzalo-juanes-madrid-photoespana-2024\/\" data-vars-ga-ux-element=\"Hyperlink\" data-vars-ga-call-to-action=\"Gonzalo Juanes\" data-node-id=\"7.3\" class=\"body-link css-156jt4g emevuu60\" rel=\"nofollow noopener\"><strong data-node-id=\"7.3.0\">Gonzalo Juanes<\/strong><\/a>. Un mosaico que refleja lo mejor de nuestra fotograf\u00eda de calle, el retrato social o la experimentaci\u00f3n urbana, dialogando con maestros universales en un mismo espacio.<\/p>\n<p data-journey-content=\"true\" data-node-id=\"11\" class=\"css-6wxqfj emevuu60\">La exposici\u00f3n propone un viaje por el propio legado de la marca, con piezas tan especiales como las primeras c\u00e1maras Leica I (1925) y Leica II (1932), materiales audiovisuales in\u00e9ditos y documentos hist\u00f3ricos llegados desde el <strong data-node-id=\"11.1\">Ernst Leitz Museum<\/strong> en Wetzlar, la cuna alemana de la firma.<\/p>\n<p><img draggable=\"true\" alt=\"exposicion leica madrid\" title=\"La exposici\u00f3n de Leica que ver en Madrid\" loading=\"lazy\" width=\"1185\" height=\"1772\" decoding=\"async\" data-nimg=\"1\" style=\"color:transparent;width:100%;height:auto;\"   src=\"https:\/\/www.europesays.com\/es\/wp-content\/uploads\/2025\/09\/steve-mccurry-magnum-photos-68c2a64824518.jpg\" class=\"css-0 e1g79fud0\"\/>Steve McCurry<\/p>\n<p>Peschawar, Pakist\u00e1n,2002.<\/p>\n<p data-journey-content=\"true\" data-node-id=\"14\" class=\"css-6wxqfj emevuu60\">Dividida en secciones tem\u00e1ticas, la exhibici\u00f3n no es solo un repaso hist\u00f3rico, sino que es tambi\u00e9n un <strong data-node-id=\"14.1\">paseo emocional<\/strong> tan po\u00e9tico como documental. Tal y como ha comentado su comisaria, Karin Rehn-Kaufmann, directora art\u00edstica de Leica, el recorrido hilvana <strong data-node-id=\"14.3\">amor, dolor, iron\u00eda, belleza y cr\u00edtica social<\/strong> con la misma naturalidad con la que el tiempo atraviesa generaciones: \u00abBuscamos im\u00e1genes que cuenten una historia, que hagan tangible la magia de la mirada Leica, a trav\u00e9s de d\u00e9cadas, g\u00e9neros y puntos de vista. La c\u00e1mara Leica es una herramienta, s\u00ed, pero son las personas que hay detr\u00e1s de ella las que dan forma al momento. Por eso nos centramos en la voz visual \u00fanica de cada fot\u00f3grafo\u00bb, ha se\u00f1alado en un comentario. M\u00e1s que una exposici\u00f3n, Leica. Un siglo de fotograf\u00eda es un homenaje a esa c\u00e1mara ligera y revolucionaria que cambi\u00f3 para siempre la forma de mirar el mundo.<\/p>\n<p>exposici\u00f3n<img src=\"https:\/\/www.europesays.com\/es\/wp-content\/uploads\/2025\/09\/1758390010_269_27ba7a4c-edf4-44ff-95a0-45ba0d84a0d0_1686121238.file\" alt=\"Headshot of Paula Mart\u00edns\" title=\"Headshot of Paula Mart\u00edns\" width=\"100%\" height=\"100%\" decoding=\"async\" loading=\"lazy\" class=\"css-o0wq4v ev8dhu53\"\/><\/p>\n<p>\u00a0<\/p>\n<p>Paula Mart\u00edns (1993) es editora de lifestyle y cultura. Es apasionada de moverse de ciudad en ciudad y catadora confesable de cualquier cafeter\u00eda y restaurante. En su tiempo libre la ver\u00e1s moverse entre exposiciones, en cualquier establecimiento devorando libros y probando caf\u00e9s de especialidad o haciendo fotograf\u00edas a las fachadas y de los rincones m\u00e1s secretos cualquier paraje que visite. Por la noche, disfruta\u00a0bailando en los conciertos, enganch\u00e1ndose a toda pel\u00edcula o serie que haya en streaming y buscando festivales de cine.<\/p>\n<p>En sus art\u00edculos ense\u00f1a las ciudades bajo su prisma, descubriendo detalles que no encontrar\u00e1s en ninguna gu\u00eda de viaje. Desentra\u00f1a la personalidad de los personajes sobre los que escribe y\u00a0siempre busca comunicar desde un enfoque social, derribando estereotipos.<\/p>\n<p>Paula Mart\u00edns es una pontevedrea que en su af\u00e1n por estudiar en una gran ciudad termin\u00f3 en Cuenca, estudiando un grado en Periodismo por la UCLM. Guiada por su \u00edmpetu viajero busc\u00f3 unas pr\u00e1cticas en el peri\u00f3dico de El Ib\u00e9rico de Londres y, con una beca de Erasmus + se fue a conocer Reino Unido. A su vuelta a Espa\u00f1a persigui\u00f3 una de las primeras razones que le llevaron a dedicarse al periodismo: la moda. Estudi\u00f3 un m\u00e1ster en Digital Communication and marketing in fashion (s\u00ed, en ingl\u00e9s) en el Istituto Europeo di Design (IED) mientras trabajaba los fines de semana en aquella marca de Inditex llamada Uterq\u00fce. Al mismo tiempo\u00a0realizaba pr\u00e1cticas en revistas como VEIN magazine y en agencias de comunicaci\u00f3n como OnTwice.\u00a0<\/p>\n<p>Con esta misma pasi\u00f3n por el universo textil comenz\u00f3 su andadura en Harper&#8217;s Bazaar Espa\u00f1a desde Madrid: primero como becaria de la edici\u00f3n de papel, y despu\u00e9s como colaboradora web. Dentro de Harper&#8217;s Bazaar fue la encargada de las guardias del fin de semana, community manager, y ahora es la responsable de la secci\u00f3n de lifestyle y cultura, aunque es multidisciplinar y tambi\u00e9n apoya al equipo de moda y celebrities. Adem\u00e1s, como confesa workalcoholic, ocupa su tiempo escribiendo tambi\u00e9n para otros medios como \u00a1HOLA!, donde trata moda y lifestyle. Tambi\u00e9n es coordinadora de la revista cultural de la editorial de Bamba, y realiza notas de prensa y labores de comunicaci\u00f3n para varias agencias de comunicaci\u00f3n. A\u00fan hay m\u00e1s: ha fundado su propia revista digital de arte y cultura, llamada Kaldo magazine y ahora vive la vida n\u00f3mada. Ha vivido en Pontevedra, Cuenca, Londres, Madrid, Lisboa y Barcelona.\u00a0<\/p>\n","protected":false},"excerpt":{"rendered":"Hay c\u00e1maras que hacen fotos y c\u00e1maras que hacen historia. Entre estas \u00faltimas, pocas han sido, y son,&hellip;\n","protected":false},"author":2,"featured_media":127855,"comment_status":"","ping_status":"","sticky":false,"template":"","format":"standard","meta":{"footnotes":""},"categories":[173],"tags":[229,233,231,230,232,253,234,146,147,25,24,23],"class_list":{"0":"post-127854","1":"post","2":"type-post","3":"status-publish","4":"format-standard","5":"has-post-thumbnail","7":"category-arte-y-diseno","8":"tag-arte","9":"tag-arte-y-diseno","10":"tag-arts","11":"tag-arts-and-design","12":"tag-design","13":"tag-discover","14":"tag-diseno","15":"tag-entertainment","16":"tag-entretenimiento","17":"tag-es","18":"tag-espana","19":"tag-spain"},"share_on_mastodon":{"url":"","error":""},"_links":{"self":[{"href":"https:\/\/www.europesays.com\/es\/wp-json\/wp\/v2\/posts\/127854","targetHints":{"allow":["GET"]}}],"collection":[{"href":"https:\/\/www.europesays.com\/es\/wp-json\/wp\/v2\/posts"}],"about":[{"href":"https:\/\/www.europesays.com\/es\/wp-json\/wp\/v2\/types\/post"}],"author":[{"embeddable":true,"href":"https:\/\/www.europesays.com\/es\/wp-json\/wp\/v2\/users\/2"}],"replies":[{"embeddable":true,"href":"https:\/\/www.europesays.com\/es\/wp-json\/wp\/v2\/comments?post=127854"}],"version-history":[{"count":0,"href":"https:\/\/www.europesays.com\/es\/wp-json\/wp\/v2\/posts\/127854\/revisions"}],"wp:featuredmedia":[{"embeddable":true,"href":"https:\/\/www.europesays.com\/es\/wp-json\/wp\/v2\/media\/127855"}],"wp:attachment":[{"href":"https:\/\/www.europesays.com\/es\/wp-json\/wp\/v2\/media?parent=127854"}],"wp:term":[{"taxonomy":"category","embeddable":true,"href":"https:\/\/www.europesays.com\/es\/wp-json\/wp\/v2\/categories?post=127854"},{"taxonomy":"post_tag","embeddable":true,"href":"https:\/\/www.europesays.com\/es\/wp-json\/wp\/v2\/tags?post=127854"}],"curies":[{"name":"wp","href":"https:\/\/api.w.org\/{rel}","templated":true}]}}