{"id":127856,"date":"2025-09-20T17:41:13","date_gmt":"2025-09-20T17:41:13","guid":{"rendered":"https:\/\/www.europesays.com\/es\/127856\/"},"modified":"2025-09-20T17:41:13","modified_gmt":"2025-09-20T17:41:13","slug":"resena-de-libros-de-manuel-rojas-a-julieta-correa","status":"publish","type":"post","link":"https:\/\/www.europesays.com\/es\/127856\/","title":{"rendered":"Rese\u00f1a de libros: de Manuel Rojas a Julieta Correa"},"content":{"rendered":"<p><img alt=\"\" class=\"global-image\" decoding=\"async\"  src=\"https:\/\/www.europesays.com\/es\/wp-content\/uploads\/2025\/09\/BPHLL4P5XRFXRDI4FYNNM3HGAI.jpg\"  fetchpriority=\"low\" loading=\"lazy\"\/>Ensayos completos II, de Manuel Rojas (FCE)<\/p>\n<p class=\"article-body__paragraph\">Uno de los mejores amigos de Manuel Rojas era el escritor Jos\u00e9 Santos Gonz\u00e1lez Vera. De pasado obrero, en su juventud ambos se movieron en los c\u00edrculos del anarquismo. \u201cGonz\u00e1lez Vera, el querido y desaparecido amigo, dec\u00eda que los chilenos no har\u00e1n nunca una revoluci\u00f3n en verano: hace mucho calor; y que, si la empiezan en invierno, pelear\u00e1n solo en la ma\u00f1ana; al mediod\u00eda, es decir a las trece horas, se ir\u00e1n a almorzar a sus casas: la se\u00f1ora se puede enojar\u201d. Manuel Rojas recuerda esta an\u00e9cdota graciosa en un momento serio: tras el asesinato del general Ren\u00e9 Schneider. Y lo hace para advertir respecto del peligro de la violencia pol\u00edtica. \u201cHombre salido del pueblo\u201d, como sol\u00eda definirse, el novelista de Hijo de ladr\u00f3n fue autor de una copiosa obra de no ficci\u00f3n: columnas, art\u00edculos y ensayos breves que public\u00f3 en diarios y revistas. Escritor de la experiencia, en ellos Rojas narra episodios personales para reflexionar sobre temas sociales y pol\u00edticos. Con su prosa directa y transparente, a menudo dotada de iron\u00eda, denunciaba los abusos del capitalismo, escrib\u00eda contra el fascismo y defend\u00eda la libertad; apoyaba las luchas sociales y acusaba el totalitarismo de la Uni\u00f3n Sovi\u00e9tica. <\/p>\n<p><img alt=\"\" class=\"global-image\" decoding=\"async\"  src=\"https:\/\/www.europesays.com\/es\/wp-content\/uploads\/2025\/09\/XECWOMXAORF7XPZN4QQAMPOOVY.jpg\"  fetchpriority=\"low\" loading=\"lazy\"\/>\u00bfPor qu\u00e9 son tan lindos los caballos?, Julieta Correa (Montacerdos)<\/p>\n<p class=\"article-body__paragraph\">A Sari le gustaba pintar, especialmente caballos. Viv\u00eda en la ciudad y amaba el campo. Y sobre todo, le gustaba escribir en su diario. Anotaciones divertidas, curiosas, detalles con dibujitos en los m\u00e1rgenes. Hasta el 5 de octubre de 2020. Entonces Sari, que naci\u00f3 en Buenos Aires en los a\u00f1os 60, comenz\u00f3 a perder la memoria y tambi\u00e9n las palabras. \u201cSari era graciosa, ocurrente, filosa, mordaz. Pero sobre todo jugaba con las palabras, las intercambiaba, las daba vueltas y contaba los mejores cuentos, chistes, an\u00e9cdotas, disparates\u201d, dice su hija. Y se pregunta: \u201c\u00bfC\u00f3mo nos van a dar la espalda a nosotras, las palabras, si siempre nos hab\u00edamos sentido preferidas?\u201d. En fragmentos y breves reflexiones, Boli, la narradora, describe c\u00f3mo su madre, antes una mujer chispeante y conversadora, comienza a apagarse producto de la demencia. Bas\u00e1ndose en recuerdos, conversaciones y en los diarios de la propia Sari, la autora compone un libro conmovedor y delicado en torno a la memoria, el amor y el deterioro.<\/p>\n<p><img alt=\"\" class=\"global-image\" decoding=\"async\"  src=\"https:\/\/www.europesays.com\/es\/wp-content\/uploads\/2025\/09\/ED4CVFTCONF6BC3Z6UZ2AN6ABI.jpg\"  fetchpriority=\"low\" loading=\"lazy\"\/>La Balada de Holt, de Ken Haruf (Random House)<\/p>\n<p class=\"article-body__paragraph\">Al principio nadie pod\u00eda creerlo: Jack hab\u00eda vuelto al pueblo. Jack Burdette hab\u00eda sido un h\u00e9roe en el condado de Holt: era el chico m\u00e1s fuerte y m\u00e1s alto de la escuela y despertaba la admiraci\u00f3n entre los dem\u00e1s. Por sobre todo, era un gran deportista. \u201cJack ten\u00eda talento. Era un atleta magn\u00edfico. Era el as que hac\u00eda que las cosas sucedieran\u201d, dice el narrador de esta historia ambientada en un ficticio pueblo de Colorado. La vida de Jack parec\u00eda destinada al triunfo pero una serie de acontecimientos, entre ellos la tr\u00e1gica muerte de su padre, un bebedor excesivo, lo conducen al fracaso. Aprovech\u00e1ndose del aprecio de la comunidad, Jack organiza un fraude y huye de Holt, dejando a su esposa embarazada y dos hijos. Hasta que vuelve, ocho a\u00f1os despu\u00e9s, conduciendo un Cadillac, y los resentimientos del pueblo reviven. Escrita con una prosa austera y despojada, la novela construye un universo vivo y en torno al poblado de Holt.<\/p>\n","protected":false},"excerpt":{"rendered":"Ensayos completos II, de Manuel Rojas (FCE) Uno de los mejores amigos de Manuel Rojas era el escritor&hellip;\n","protected":false},"author":2,"featured_media":127857,"comment_status":"","ping_status":"","sticky":false,"template":"","format":"standard","meta":{"footnotes":""},"categories":[172],"tags":[224,12327,146,147,25,24,41351,225,41350,12328,23],"class_list":{"0":"post-127856","1":"post","2":"type-post","3":"status-publish","4":"format-standard","5":"has-post-thumbnail","7":"category-libros","8":"tag-books","9":"tag-culto","10":"tag-entertainment","11":"tag-entretenimiento","12":"tag-es","13":"tag-espana","14":"tag-julieta-correa","15":"tag-libros","16":"tag-manuel-rojas","17":"tag-resena-de-libros","18":"tag-spain"},"share_on_mastodon":{"url":"","error":""},"_links":{"self":[{"href":"https:\/\/www.europesays.com\/es\/wp-json\/wp\/v2\/posts\/127856","targetHints":{"allow":["GET"]}}],"collection":[{"href":"https:\/\/www.europesays.com\/es\/wp-json\/wp\/v2\/posts"}],"about":[{"href":"https:\/\/www.europesays.com\/es\/wp-json\/wp\/v2\/types\/post"}],"author":[{"embeddable":true,"href":"https:\/\/www.europesays.com\/es\/wp-json\/wp\/v2\/users\/2"}],"replies":[{"embeddable":true,"href":"https:\/\/www.europesays.com\/es\/wp-json\/wp\/v2\/comments?post=127856"}],"version-history":[{"count":0,"href":"https:\/\/www.europesays.com\/es\/wp-json\/wp\/v2\/posts\/127856\/revisions"}],"wp:featuredmedia":[{"embeddable":true,"href":"https:\/\/www.europesays.com\/es\/wp-json\/wp\/v2\/media\/127857"}],"wp:attachment":[{"href":"https:\/\/www.europesays.com\/es\/wp-json\/wp\/v2\/media?parent=127856"}],"wp:term":[{"taxonomy":"category","embeddable":true,"href":"https:\/\/www.europesays.com\/es\/wp-json\/wp\/v2\/categories?post=127856"},{"taxonomy":"post_tag","embeddable":true,"href":"https:\/\/www.europesays.com\/es\/wp-json\/wp\/v2\/tags?post=127856"}],"curies":[{"name":"wp","href":"https:\/\/api.w.org\/{rel}","templated":true}]}}