{"id":127858,"date":"2025-09-20T17:42:10","date_gmt":"2025-09-20T17:42:10","guid":{"rendered":"https:\/\/www.europesays.com\/es\/127858\/"},"modified":"2025-09-20T17:42:10","modified_gmt":"2025-09-20T17:42:10","slug":"natalia-rodriguez-de-operacion-triunfo-despide-el-verano-con-un-aplaudido-posado-ultimos-dias","status":"publish","type":"post","link":"https:\/\/www.europesays.com\/es\/127858\/","title":{"rendered":"Natalia Rodr\u00edguez, de \u2018Operaci\u00f3n Triunfo\u2019, despide el verano con un aplaudido posado: \u201c\u00daltimos d\u00edas\u201d"},"content":{"rendered":"<p class=\"\">Natalia Rodr\u00edguez salt\u00f3 a la fama con 18 a\u00f1os cuando se anim\u00f3 a participar en un concurso totalmente desconocido hasta ese entonces, \u2018Operaci\u00f3n Triunfo\u2019. La benjamina de la primera edici\u00f3n comparti\u00f3 programa con David Bisbal, Chenoa, David Bustamante o Rosa L\u00f3pez, entre otros, y <b>su estancia en la Academia le sirvi\u00f3 para forjarse una larga trayectoria musical <\/b>que contin\u00faa a d\u00eda de hoy.<\/p>\n<p class=\"\">A punto de cumplir 43 a\u00f1os, <b>la andaluza contin\u00faa imparable entre conciertos y apariciones en distintos canales de televisi\u00f3n.<\/b> \u00bfSu \u00faltimo show? En el festival Brava, donde durante la noche del viernes bail\u00f3 y cant\u00f3 al ritmo de sus mejores hits ante miles de espectadores en Torrej\u00f3n de Ardoz (Madrid).<\/p>\n<p>Natalia Rodr\u00edguez, v\u00edctima de edadismo<\/p>\n<p class=\"\">No obstante, Natalia Rodr\u00edguez manifest\u00f3 recientemente en la revista \u00a1Hola!<b> estar sufriendo edadismo a trav\u00e9s de las redes sociales<\/b>. \u201cSufro mucho edadismo (&#8230;) Hay comentarios que duelen, los que dicen: \u2018\u00bfQu\u00e9 haces bailando con esa edad?\u2019. Yo soy cantante y bailarina\u00bb, confesaba al citado medio. \u201cSufro edadismo con 42 a\u00f1os y a veces es bastante heavy. Una cosa es salir a la calle y otra una actuaci\u00f3n donde me visto adecuada a mi m\u00fasica y con el que me siento a gusto\u201d, a\u00f1ad\u00eda. <\/p>\n<p class=\"\">Cansada de esta situaci\u00f3n, la artista ha decidido hacer caso omiso a los haters y despedir el verano por todo lo alto, con <b>un aplaudido posado en biquini donde muestra su espectacular forma f\u00edsica. <\/b>\u201c\u00daltimos d\u00edas de playa y a seguir con los conciertos\u201d, escribe junto a la foto.<\/p>\n<p>Noticias relacionadas<a href=\"https:\/\/as.com\/tikitakas\/television\/operacion-triunfo-celebra-sus-25-anos-con-un-documental-lleno-de-luces-y-sombras-n\/\" class=\"s_m_w\" title=\"Getmusic ya prepara este especial en el que se rendir\u00e1 homenaje al programa que dio la fama a David Bisbal o Aitana, entre otros.\" data-tb-link=\"\" rel=\"nofollow noopener\" target=\"_blank\"><img decoding=\"async\" src=\"https:\/\/www.europesays.com\/es\/wp-content\/uploads\/2025\/09\/1758390129_446_2E3NSMRBBFBBLA7FUGO37D5F3Q.png\" alt=\"\u2018Operaci\u00f3n Triunfo\u2019 celebra sus 25 a\u00f1os con un documental lleno de luces y sombras\" class=\"\" height=\"1\" width=\"1\"   loading=\"lazy\" data-tb-thumbnail=\"\"\/><\/a><a href=\"https:\/\/as.com\/tikitakas\/television\/operacion-triunfo-responde-a-la-ministra-monica-garcia-tras-la-ultima-polemica-por-la-academia-n\/\" class=\"s_m_w\" title=\"El equipo digital del programa sale al paso despu\u00e9s de que la ministra de Sanidad cuestionara la ley antitabaco de las instalaciones. \" data-tb-link=\"\" rel=\"nofollow noopener\" target=\"_blank\"><img decoding=\"async\" src=\"https:\/\/www.europesays.com\/es\/wp-content\/uploads\/2025\/09\/1758390130_186_56CPTGMIZNEHXB7WJXBJD5Z6JY.png\" alt=\"\u2018Operaci\u00f3n Triunfo\u2019 responde a la ministra M\u00f3nica Garc\u00eda tras la \u00faltima pol\u00e9mica por la Academia\" class=\"\" height=\"1\" width=\"1\"   loading=\"lazy\" data-tb-thumbnail=\"\"\/><\/a><\/p>\n<p class=\"\">\u201cEres preciosa\u201d, le escribe la creadora de contenido Jenni Alcolado. Por su parte, <b>Chenoa se rinde ante su amiga con un emoticono de un fuego<\/b>. \u00a1Qu\u00e9 bien te sienta el mar, hija!\u201c, a\u00f1ade la periodista Marisa Mart\u00edn-Bl\u00e1zquez. \u201dBelleza\u00bb, comenta Ricky Merino, concursante de \u2018Operaci\u00f3n Triunfo\u2019 en el a\u00f1o 2017.<\/p>\n<p class=\"\"><b>\u00a1Tus opiniones importan!<\/b> Comenta en los art\u00edculos y suscr\u00edbete gratis a nuestra <a href=\"https:\/\/asfan.as.com\/newsletters\/\" target=\"_blank\" rel=\"nofollow noopener\" title=\"https:\/\/asfan.as.com\/newsletters\/\">newsletter<\/a> y a las alertas informativas en la <a href=\"https:\/\/as.com\/aplicacion-de-as-n\/\" target=\"_blank\" rel=\"nofollow noopener\" title=\"https:\/\/as.com\/aplicacion-de-as-n\/\">App<\/a> o el canal de <a href=\"https:\/\/www.whatsapp.com\/channel\/0029VaAasdA7j6g745nz9M10\" target=\"_blank\" rel=\"nofollow noopener\" title=\"https:\/\/www.whatsapp.com\/channel\/0029VaAasdA7j6g745nz9M10\">WhatsApp<\/a>. \u00bfBuscas licenciar contenido? Haz clic <a href=\"https:\/\/profesional.elpais.com\/soluciones-sindicacion?utm_medium=interno&amp;utm_source=crosslinking&amp;utm_campaign=sindicacion_as_pie_articulos\" target=\"_blank\" rel=\"nofollow noopener\" title=\"https:\/\/profesional.elpais.com\/soluciones-sindicacion?utm_medium=interno&amp;utm_source=crosslinking&amp;utm_campaign=sindicacion_as_pie_articulos\">aqu\u00ed<\/a><\/p>\n","protected":false},"excerpt":{"rendered":"Natalia Rodr\u00edguez salt\u00f3 a la fama con 18 a\u00f1os cuando se anim\u00f3 a participar en un concurso totalmente&hellip;\n","protected":false},"author":2,"featured_media":127859,"comment_status":"","ping_status":"","sticky":false,"template":"","format":"standard","meta":{"footnotes":""},"categories":[171],"tags":[146,147,25,24,23,214],"class_list":{"0":"post-127858","1":"post","2":"type-post","3":"status-publish","4":"format-standard","5":"has-post-thumbnail","7":"category-tv","8":"tag-entertainment","9":"tag-entretenimiento","10":"tag-es","11":"tag-espana","12":"tag-spain","13":"tag-tv"},"share_on_mastodon":{"url":"","error":""},"_links":{"self":[{"href":"https:\/\/www.europesays.com\/es\/wp-json\/wp\/v2\/posts\/127858","targetHints":{"allow":["GET"]}}],"collection":[{"href":"https:\/\/www.europesays.com\/es\/wp-json\/wp\/v2\/posts"}],"about":[{"href":"https:\/\/www.europesays.com\/es\/wp-json\/wp\/v2\/types\/post"}],"author":[{"embeddable":true,"href":"https:\/\/www.europesays.com\/es\/wp-json\/wp\/v2\/users\/2"}],"replies":[{"embeddable":true,"href":"https:\/\/www.europesays.com\/es\/wp-json\/wp\/v2\/comments?post=127858"}],"version-history":[{"count":0,"href":"https:\/\/www.europesays.com\/es\/wp-json\/wp\/v2\/posts\/127858\/revisions"}],"wp:featuredmedia":[{"embeddable":true,"href":"https:\/\/www.europesays.com\/es\/wp-json\/wp\/v2\/media\/127859"}],"wp:attachment":[{"href":"https:\/\/www.europesays.com\/es\/wp-json\/wp\/v2\/media?parent=127858"}],"wp:term":[{"taxonomy":"category","embeddable":true,"href":"https:\/\/www.europesays.com\/es\/wp-json\/wp\/v2\/categories?post=127858"},{"taxonomy":"post_tag","embeddable":true,"href":"https:\/\/www.europesays.com\/es\/wp-json\/wp\/v2\/tags?post=127858"}],"curies":[{"name":"wp","href":"https:\/\/api.w.org\/{rel}","templated":true}]}}