{"id":127860,"date":"2025-09-20T17:44:19","date_gmt":"2025-09-20T17:44:19","guid":{"rendered":"https:\/\/www.europesays.com\/es\/127860\/"},"modified":"2025-09-20T17:44:19","modified_gmt":"2025-09-20T17:44:19","slug":"batman-day-las-mejores-joyas-ocultas-para-disfrutar-el-dia-del-murcielago-comics-desconocidos-de-batman-que-son-autenticas-joyas-para-celebrar-el-batman-day-el-dia-del-caballero-oscuro","status":"publish","type":"post","link":"https:\/\/www.europesays.com\/es\/127860\/","title":{"rendered":"Batman Day: Las mejores joyas ocultas para disfrutar el d\u00eda del murci\u00e9lago C\u00f3mics desconocidos de Batman que son aut\u00e9nticas joyas para celebrar el Batman Day, el D\u00eda del Caballero Oscuro"},"content":{"rendered":"<p class=\"\">Un a\u00f1o m\u00e1s, el tercer s\u00e1bado de septiembre se celebra por todo lo alto el <b>Batman Day<\/b>, fecha de exaltaci\u00f3n de uno de los m\u00e1s c\u00e9lebres personajes del noveno arte. Los or\u00edgenes de dicha celebraci\u00f3n son relativamente recientes, remont\u00e1ndose a <b>2014<\/b>, cuando se realiz\u00f3 por vez primera como conmemoraci\u00f3n del <b>75 aniversario de la primera aparici\u00f3n de Batman<\/b>. 75 a\u00f1os desde el debut del hombre murci\u00e9lago en el <b>n\u00famero 27 de Detective Comics<\/b>. El primer Batman Day se celebr\u00f3 el <b>23 de julio de 2014<\/b>, para coincidir con la Comic Con de San Diego, en lugar de en marzo que ser\u00eda cuando se cumplir\u00edan los 75 a\u00f1os de la efem\u00e9ride. A partir de 2015, la editorial DC decidi\u00f3 que<b> el Batman Day se celebrar\u00eda todos los a\u00f1os, concretamente el tercer s\u00e1bado de septiembre.<\/b><\/p>\n<p class=\"\">En Meristation nos sumamos a tan importante festividad con un texto de<b> recomendaci\u00f3n de algunos de los mejores tebeos del personaje<\/b>. Al igual que hicimos en el <a href=\"https:\/\/as.com\/meristation\/comics\/los-mejores-comics-alternativos-de-batman-para-celebrar-su-85-aniversario-en-el-batman-day-2024-r\/\" target=\"_self\" rel=\"nofollow noopener\" title=\"https:\/\/as.com\/meristation\/comics\/los-mejores-comics-alternativos-de-batman-para-celebrar-su-85-aniversario-en-el-batman-day-2024-r\/\">texto del a\u00f1o pasado para esta fecha singular<\/a>, nos salimos por la tangente para proponer <b>obras alternativas a los grandes cl\u00e1sicos<\/b> del cruzado de la capa. Seguro que en un d\u00eda tan se\u00f1alado como hoy internet est\u00e1 saturada de textos recomendando joyas seminales como <b>El Regreso del Caballero Oscuro<\/b>, obra con la que <b>Frank Miller<\/b> redefini\u00f3 el g\u00e9nero de c\u00f3mic de superh\u00e9roes en 1986 convirti\u00e9ndose en una de las obras m\u00e1s influyentes del medio, o ese demencial ejercicio de sadismo y perturbaci\u00f3n a cargo de un desatado <b>Alan Moore<\/b> con <b>La Broma Asesina<\/b>. <b>Batman: A\u00f1o Uno, Asilo Arkham, Gotham a Luz de Gas o El Largo Halloween<\/b> son otros c\u00f3mics que sin duda saldr\u00e1n a la palestra hoy, y que ya os recomendamos en <a href=\"https:\/\/as.com\/meristation\/2021\/09\/18\/reportajes\/1631950651_091236.html\" target=\"_self\" rel=\"nofollow noopener\" title=\"https:\/\/as.com\/meristation\/2021\/09\/18\/reportajes\/1631950651_091236.html\">nuestro texto con los mejores t\u00edtulos de Batman <\/a>que preparamos para esta celebraci\u00f3n hace 4 a\u00f1os.<\/p>\n<p class=\"\">Para no caer en la repetici\u00f3n, os proponemos algunas excelentes <b>obras modernas<\/b> protagonizadas por el alter ego de Bruce Wayne. Desde que el pasado marzo la <b>editorial Panini<\/b> comenzara a editar DC en nuestro pa\u00eds, lo cierto es que se han volcado con el personaje, y han editado varias obras recientes en <b>formatos muy interesantes y econ\u00f3micos<\/b>, perfectos para que <b>nuevos lectores<\/b> se sumen a un mercado cada vez m\u00e1s elitista debido a su salvaje escalada de precios que amenazan con convertir los tebeos en un bien de lujo (si no lo son ya). Sin m\u00e1s dilaci\u00f3n, nos enfundamos la capa y la capucha para vivir las aventuras m\u00e1s incre\u00edbles.<\/p>\n<p>Batman Fuera de \u00d3rbita<\/p>\n<ul>\n<li>Formato: Tomo R\u00fastica Tapas Blandas 160 p\u00e1ginas (Panini C\u00f3mics)<\/li>\n<li>Previo: 13 euros<\/li>\n<\/ul>\n<p><img decoding=\"async\" src=\"https:\/\/www.europesays.com\/es\/wp-content\/uploads\/2025\/09\/LIU5IWPXPFDZ7J5FDQRYNFSMLI.jpg\" alt=\"\" class=\"mm__img\"   width=\"403\" height=\"600\" loading=\"lazy\"\/><\/p>\n<p>Ampliar<\/p>\n<p class=\"\"><b>Jason Aaron<\/b> ha sido una de las principales plumas de Marvel en los \u00faltimos a\u00f1os, ofreci\u00e9ndonos entre otras cosas <b>una de las mejores etapas del Dios del Trueno<\/b>. Cierto es que sus \u00faltimos trabajos no han terminado de cuajar, ni con su extensa trayectoria con<b> Los Vengadores<\/b> ni con su radical maxi serie del<b> Castigador <\/b>consigui\u00f3 convencer plenamente a los lectores. Recientemente ha vuelto a la editorial donde publicara su soberbia obra<b> Scalped<\/b> en la l\u00ednea <b>Vertigo<\/b> con esta estupenda obra de Batman, previo paso a hacerse cargo del <b>Superman del nuevo universo Absolute<\/b> cuyo \u00e9xito est\u00e1 siendo apabullante.<\/p>\n<p class=\"\">En<b> Batman: Fuera de \u00d3rbita<\/b>, Aaron hace honor al t\u00edtulo para presentarnos a un <b>h\u00e9roe totalmente fuera de lugar<\/b>, hecho <b>prisionero en una nave espacial esclavista<\/b> y convertido en un paria sometido a trabajos forzados. No sabemos c\u00f3mo ha llegado a tal situaci\u00f3n, y la escala c\u00f3smica de esta epopeya supera a un <b>Batman primerizo<\/b> muy lejos de esa Gotham a la que jur\u00f3 proteger. Con esta excusa vivimos un viaje alucinante donde vemos una importante evoluci\u00f3n en el personaje, contemplando como su esencia se sobrepone a una <b>situaci\u00f3n que lo desbordaba en un principio<\/b>. A mayores del protagonista, Aaron nos ofrece <b>grandes personajes, todos de nuevo cu\u00f1o<\/b>, y se permite varias licencias interesantes al estar ante una obra<b> fuera de continuidad oficial.<\/b> A los l\u00e1pices nos encontramos a un excelente <b>Doug Mahnke<\/b>, al que si bien le cuesta un poco tomarle el pulso a la serie, a medida que esta avanza nos obsequia con su <b>desbordante imaginaci\u00f3n<\/b> y habilidad para plasmar una<b> espectacular pl\u00e9tora de diferentes razas alien\u00edgenas y ex\u00f3ticos parajes c\u00f3smicos<\/b> de gran belleza, con impresionante resultado.<\/p>\n<p><img decoding=\"async\" src=\"https:\/\/www.europesays.com\/es\/wp-content\/uploads\/2025\/09\/33IZN6PCEBDJVABPUAVPQD62NU.jpg\" alt=\"\" class=\"mm__img\"   width=\"403\" height=\"600\" loading=\"lazy\"\/><\/p>\n<p>Ampliar<\/p>\n<p class=\"\">Un tebeo muy divertido, con un gui\u00f3n que atrapa y con un trabajo gr\u00e1fico excelso.<b> No requiere ning\u00fan tipo de conocimiento previo<\/b> de la extensa trayectoria del personaje, y es una<b> obra cerrada y autoconclusiva<\/b> (aunque dada su calidad y el buen recibimiento que ha tenido no descartamos continuaci\u00f3n en un futuro) lo hace <b>perfecto para nuevos lectores<\/b> y sumar aficionados al medio. A destacar lo <b>econ\u00f3mico de su publicaci\u00f3n<\/b>, ya que estamos ante 6 grapas que en USA se publicaron a 3,99 d\u00f3lares cada uno, y aqu\u00ed Panini las ha editado en un tomito en r\u00fastica tama\u00f1o c\u00f3mic book al ajustad\u00edsimo precio de <b>solo 13 euros<\/b>, ojal\u00e1 m\u00e1s iniciativas as\u00ed. No es una obra maestra, pero nos parece <b>uno de los c\u00f3mics recientes de Batman m\u00e1s recomendables.<\/b><\/p>\n<p>Batman Patrones Oscuros<\/p>\n<ul>\n<li>Formato: Tomo R\u00fastica Tapas Blandas 144 p\u00e1ginas (Panini C\u00f3mics)<\/li>\n<li>Previo: 13 euros<\/li>\n<\/ul>\n<p><img decoding=\"async\" src=\"https:\/\/www.europesays.com\/es\/wp-content\/uploads\/2025\/09\/7QXLRDH5KFEO7PKXGYD3FX6XJ4.jpg\" alt=\"\" class=\"mm__img\"   width=\"403\" height=\"600\" loading=\"lazy\"\/><\/p>\n<p>Ampliar<\/p>\n<p class=\"\">Continuamos con una obra radicalmente diferente de la anterior en su propuesta, pero similar en la<b> excelente y econ\u00f3mica edici\u00f3n<\/b> para todos los bolsillos editada en Espa\u00f1a por Panini. Dentro de la serie<b> Patrones Oscuros <\/b>se van a incluir <b>cuatro arcos cerrados de tres n\u00fameros <\/b>protagonizados por Batman. En este tomo se recogen las <b>dos primeras historias<\/b>, Nosotros Somos Los Heridos y La Voz de la Torre. De manera muy acertada, el guionista<b> Dan Watters<\/b> nos devuelve la <b>esencia primeriza del cruzado de la capa<\/b>, volviendo a su vena m\u00e1s<b> detectivesca<\/b> y buscando un <b>enfoque muy urbano<\/b>, a pi\u00e9 de calle, lejos de la ampulosidad y los fuegos de artificio tan presentes en su trayectoria moderna. Este tomo contiene <b>dos excelentes obras autoconclusivas<\/b> que nos han encantado, nuevamente perfectas para todo tipo de lectores <b>sin necesidad de ning\u00fan tipo de bagaje previo.<\/b><\/p>\n<p class=\"\">En el primer arco Batman investigar\u00e1 unos horrendos asesinatos realizados a cabo por<b> una de las m\u00e1s grotescas y originales n\u00e9mesis <\/b>a las que nunca se ha enfrentado el hombre murci\u00e9lago, debiendo llevar a cabo una <b>concienzuda investigaci\u00f3n<\/b> para descubrir qu\u00e9 est\u00e1 ocurriendo realmente. El segundo relato resulta muy interesante al transcurrir toda la aventura en un <b>edificio de pisos donde Batman se ve situado y hostigado por sus violentos inquilinos<\/b>, con un desarrollo que evoca a la pel\u00edcula de <b>Juez Dredd <\/b>protagonizada por <b>Karl Urban<\/b>. Waters dota a la trama de un toque muy original recuperando a un viejo villano de la extensa caterva de antagonistas del personaje y rodeando todo ello de un <b>aura ominosa y sobrenatural. <\/b>Ambos relatos son excelentes, y destilan la mejor <b>esencia cl\u00e1sica<\/b> del personaje, esa que se echa un tanto de menos en la actualidad.<\/p>\n<p><img decoding=\"async\" src=\"https:\/\/www.europesays.com\/es\/wp-content\/uploads\/2025\/09\/SSZWL63P3VHY5HQJQGN5RYML6Q.jpg\" alt=\"\" class=\"mm__img\"   width=\"403\" height=\"600\" loading=\"lazy\"\/><\/p>\n<p>Ampliar<\/p>\n<p class=\"\">Del dibujo se encarga uno de los artistas m\u00e1s pujantes en la actualidad, <b>Hayden Sherman<\/b>, cuyo trabajo nos enamor\u00f3 en <b>Absolute Wonder Woman<\/b> y que aqu\u00ed se confirma con unos <b>trazos oscuros y decadentes<\/b> que encajan a la perfecci\u00f3n con el tono de los guiones. Nuevamente tenemos 6 grapas USA en tomito en r\u00fastica por solo <b>13 euros<\/b>, un precio de esc\u00e1ndalo (para bien, al contrario que la mayor\u00eda de publicaciones que salen al mercado). Tanto esta Patrones Oscuros como la anterior Fuera de \u00d3rbita nos parecen<b> tebeos ideales para acercarse al personaje<\/b>, tanto si somos seguidores de toda la vida como si no hemos le\u00eddo un c\u00f3mic nunca, tebeos de lo m\u00e1s divertidos de esos que atrapan de verdad. Perfectos para regalar y enganchar a nuevos lectores, aplaudimos esta l\u00ednea editorial y esperamos que la buena gente de Panini siga apostando por ella.<\/p>\n<p>Dc Premiere: Batman\/Superman World\u00b4s Finest 01: El diablo Nezha<\/p>\n<ul>\n<li>Formato: Tomo R\u00fastica Tapas Blandas 144 p\u00e1ginas (Panini C\u00f3mics)<\/li>\n<li>Previo: 14 euros<\/li>\n<\/ul>\n<p><img decoding=\"async\" src=\"https:\/\/www.europesays.com\/es\/wp-content\/uploads\/2025\/09\/USEMGMOSRNAAJKWLHGTECR7R3Q.jpg\" alt=\"\" class=\"mm__img\"   width=\"403\" height=\"600\" loading=\"lazy\"\/><\/p>\n<p>Ampliar<\/p>\n<p class=\"\">Una de las<b> mejores series actuales de DC<\/b> es esta <b>Los Mejores del Mundo donde Batman une fuerzas con Superman<\/b> para vivir las aventuras m\u00e1s incre\u00edbles. Dada su calidad y \u00e9xito resultaba sorprendente la lamentable pol\u00edtica de publicaci\u00f3n con que la editorial ecc la estaba maltratando en nuestro pa\u00eds, suponemos que por el hecho de que dicha editorial estaba dando sus \u00faltimos estertores antes de desaparecer. Panini ha decidido reeditar dicha serie dentro de su l\u00ednea Premiere, en <b>tomitos en r\u00fastica que agrupan cada uno de los arcos de la serie<\/b>. En concreto este El Diablo Nezha compila los <b>5 primeros n\u00fameros de la misma.<\/b><\/p>\n<p class=\"\">En Batman\/Superman World\u00b4s Finest nos encontramos <b>uno de los equipos creativos m\u00e1s en forma del momento<\/b>, el veterano guionista <b>Mark Waid<\/b> y el magn\u00edfico <b>Dan Mora<\/b>, uno de los mejores y m\u00e1s prol\u00edficos dibujantes de c\u00f3mics de la actualidad. La extensa trayectoria del se\u00f1or Waid est\u00e1 repleta de grandes obras tanto en DC como en Marvel, ya sea su soberbio <b>Kingdom Come<\/b> como su espl\u00e9ndida etapa en <a href=\"https:\/\/as.com\/meristation\/noticias\/los-comics-imprescindibles-para-acompanar-a-la-pelicula-de-los-4-fantasticos-n\/\" target=\"_self\" rel=\"nofollow noopener\" title=\"https:\/\/as.com\/meristation\/noticias\/los-comics-imprescindibles-para-acompanar-a-la-pelicula-de-los-4-fantasticos-n\/\">Los 4 Fant\u00e1sticos<\/a>. El peso del se\u00f1or Waid en la DC actual es enorme. Para esta serie, el escritor de Alabama destila <b>la mejor esencia del c\u00f3mic de superh\u00e9roes<\/b>, en una obra que tiene absolutamente<b> lo mejor del g\u00e9nero<\/b>: una pareja protagonista que desborda carisma y que est\u00e1 escrita maravillosamente, multitud de personajes invitados, un villano a la altura del d\u00fao protagonista y una trama llena de acci\u00f3n y aventuras a lo largo y ancho del globo. Uno de esos c\u00f3mics que se devora, <b>divertid\u00edsimo y con una puesta en escena apabullante.<\/b><\/p>\n<p><img decoding=\"async\" src=\"https:\/\/www.europesays.com\/es\/wp-content\/uploads\/2025\/09\/SCQCBGPEK5FOPHEMPKAVSTUIBQ.jpg\" alt=\"\" class=\"mm__img\"   width=\"403\" height=\"600\" loading=\"lazy\"\/><\/p>\n<p>Ampliar<\/p>\n<p class=\"\">El dibujo del inigualable Dan Mora es impactante, lleno de colorido y dinamismo, perfecto para ilustrar la descarnada batalla de los se\u00f1ores Wayne y Kent contra un<b> ancestral demonio<\/b> que se ha liberado de su prisi\u00f3n milenaria y amenaza con arrasar la Tierra.<b> C\u00f3mic de super h\u00e9roes en su en\u00e9sima potencia<\/b>, a cargo de dos creadores<b> tocados por la musa de la inspiraci\u00f3n<\/b>. Este primer arco es una <b>aventura totalmente cerrada<\/b>, por lo que pod\u00e9is disfrutarla sin necesidad de continuar la serie, aunque dada la tremenda calidad de este c\u00f3mic no dudamos que os picar\u00e1 a seguir con ella. Esto es <b>c\u00f3mic palomitero con may\u00fasculas<\/b>, a cargo de dos maestros que se criaron bajo el influjo de esa forma de hacer tebeos y son capaces de plasmarla de maneras que muy pocos creativos son capaces de igualar.<\/p>\n<p>Batman: The Brave and the Bold 01 &#8211; La Carta Ganadora<\/p>\n<ul>\n<li>Formato: Tomo R\u00fastica Tapas Blandas 112 p\u00e1ginas (Panini C\u00f3mics)<\/li>\n<li>Previo: 11 euros<\/li>\n<\/ul>\n<p><img decoding=\"async\" src=\"https:\/\/www.europesays.com\/es\/wp-content\/uploads\/2025\/09\/LG4DKKTCKFCK3ABUPCVVWIRHZQ.jpg\" alt=\"\" class=\"mm__img\"   width=\"403\" height=\"600\" loading=\"lazy\"\/><\/p>\n<p>Ampliar<\/p>\n<p class=\"\">Hablando de equipos creativos de talento, aqu\u00ed tenemos nada menos que <b>Tom King y Mitch Gerads,<\/b> casi nada al aparato. Habiendo perpetrado juntos genialidades como <b>Mister Milagro, El Sheriff de Babilonia o Strange Adventures,<\/b> no resultan extra\u00f1as las enormes expectativas puestas en torno a esta <b>reinvenci\u00f3n\/reinterpretaci\u00f3n del primer encuentro de Batman con el Joker<\/b>. El se\u00f1or King, ex agente de la CIA, es uno de los principales guionistas de la DC moderna, y fue responsable de una extensa etapa al frente de la cabecera mensual del hombre murci\u00e9lago. En <b>La Carta Ganadora<\/b> nos ofrece una<b> opresiva y asfixiante obra<\/b> que deja un tanto de lado el c\u00f3mic de superh\u00e9roes para adquirir tono de<b> thriller con coqueteos con el terror psicol\u00f3gico.<\/b><\/p>\n<p class=\"\">El terrible payaso se nos presenta aqu\u00ed como una <b>incontrolable fuerza del caos<\/b>, un asesino impredecible y desbocado al que un novato Batman malamente puede hacer frente. Si la caracterizaci\u00f3n del Joker es tremenda, no menos certera resulta la presentaci\u00f3n y construcci\u00f3n de la peculiar relaci\u00f3n de este con Batman que definir\u00e1 por completo las carreras de ambos. Para rematar, tenemos magn\u00edficas apariciones de secundarios imprescindibles de este universo, como un totalmente desbordado Jim Gordon o un Alfred que se erige como apoyo indispensable y ancla moral decisiva de Batman y al que tanto se le echa de menos actualmente.<\/p>\n<p><img decoding=\"async\" src=\"https:\/\/www.europesays.com\/es\/wp-content\/uploads\/2025\/09\/4MSWVI3Z4JGQLHMNAXD4EGZU5U.jpg\" alt=\"\" class=\"mm__img\"   width=\"403\" height=\"600\" loading=\"lazy\"\/><\/p>\n<p>Ampliar<\/p>\n<p class=\"\">A lo largo de este texto hemos hablado de grandes dibujantes, pero lo de Mitch Gerads en este c\u00f3mic es de esos trabajos que desencajan mand\u00edbulas. Con su<b> trazo sucio e hiperrealista plasma en vi\u00f1etas una violenta pesadilla de manera colosal, un despliegue soberbio digno de premio Eisner<\/b>. La <b>atm\u00f3sfera opresiva<\/b> que teje con su obra es cosa nunca vista, inquietante como pocas. Una maravilla que se queda a un pasito de ser un imprescindible del personaje y quiz\u00e1 de la categor\u00eda de obra maestra por tratar un argumento algo manido y no superar obras anteriores que ya nos lo presentaron, pero que en cualquier caso nos parece una lectura deliciosa que conquistar\u00e1 cualquier paladar. Panini la ha editado dentro de su publicaci\u00f3n de la serie The Brave and The Bold, siendo nuevamente un arco totalmente cerrado, por 11 euros en tomito r\u00fastica. Todav\u00eda se puede encontrar por ah\u00ed la edici\u00f3n de ecc, en tapas duras por 19,50.<\/p>\n<p>Batman: La Era Oscura<\/p>\n<ul>\n<li>Formato: Tomo Tapas Duras 264 p\u00e1ginas (Panini C\u00f3mics)<\/li>\n<li>Previo: 32 euros<\/li>\n<\/ul>\n<p><img decoding=\"async\" src=\"https:\/\/www.europesays.com\/es\/wp-content\/uploads\/2025\/09\/RPPP6WBAHJBJ3KLMR2YVTI7U4Y.jpg\" alt=\"\" class=\"mm__img\"   width=\"403\" height=\"600\" loading=\"lazy\"\/><\/p>\n<p>Ampliar<\/p>\n<p class=\"\">Continuamos con una de las obras m\u00e1s recientes protagonizadas por el hombre murci\u00e9lago, en este <b>interesant\u00edsimo elseworld<\/b> a cargo de un equipo creativo por el que rendimos total y absoluta pleites\u00eda, y que ya nos obsequi\u00f3 con una obra similar a esta protagonizada por el hijo de Krypton no hace mucho. Del gui\u00f3n se encarga el siempre <b>incisivo y mordaz Mark Russell<\/b> (leed sus <b>Picapiedra<\/b> y<b> Las Cr\u00f3nicas de Le\u00f3n Melqu\u00edades<\/b> para DC, dos obras maestras, junto con joyas como <b>Second Coming<\/b> o <b>Not All Robots<\/b>), y en el apartado gr\u00e1fico nos encontramos a esa pareja cuyo estilo es tan \u00fanico y personal, <b>Mike Allred al dibujo y Laura Allred al color,<\/b> ofreci\u00e9ndonos una <b>explosi\u00f3n de pop art<\/b> como solo ellos saben hacer.<\/p>\n<p class=\"\">En La Era Oscura Russell nos ubica en un<b> universo alternativo<\/b>, con narraci\u00f3n a dos tiempos, a cargo de un anciano Bruce Wayne recluido en un asilo, y de los recuerdos del mismo desde su infancia hasta adoptar la identidad del vengador enmascarado. Como buen elseworld, <b>muchos acontecimientos de la vida del h\u00e9roe fluyen aqu\u00ed por otro cauce<\/b>, ofreciendo multitud de sorpresas y situaciones inesperadas de lo m\u00e1s interesantes. Pero lejos de ser un otromundo m\u00e1s, y al igual que hiciera con Superman: La Era Espacial, Russell sazona gustosamente todo el c\u00f3mic de<b> punzante s\u00e1tira y cr\u00edtica social<\/b>, con ese estilo humor\u00edstico tan suyo, cercano y que casi parece did\u00e1ctico por momentos, gamberro y deslenguado en ocasiones, e inteligente y certero en todo instante. Una maravilla llena de situaciones para el recuerdo y di\u00e1logos inteligentes escritos con maestr\u00eda. Todo ello aderezado con ese <b>estilo \u00fanico de los Allred<\/b>, <b>pop art desatado a lo Andy Warhol<\/b>, realmente vistoso, con un tono un poquit\u00edn m\u00e1s sombr\u00edo del que suelen emplear pero siendo a la vez una explosi\u00f3n de color que pone un interesante contraste al tono de la obra.<\/p>\n<p><img decoding=\"async\" src=\"https:\/\/www.europesays.com\/es\/wp-content\/uploads\/2025\/09\/6MDC3QLXKNGRNPHUFF7BIIK47Y.jpg\" alt=\"\" class=\"mm__img\"   width=\"3000\" height=\"4000\" loading=\"lazy\"\/><\/p>\n<p>Ampliar<\/p>\n<p class=\"\">Es una gozada disfrutar de un c\u00f3mic de Batman tan diferente como este con semejante nivel art\u00edstico, y en nuestra opini\u00f3n al igual que el citado <b>Superm\u00e1n: La Era Espacial<\/b>, son<b> dos obras imprescindibles <\/b>tanto para amantes del c\u00f3mic en general como para quien quiera disfrutar de una lectura inteligente y mordaz, que no deja t\u00edtere con cabeza. En este caso Panini ha apostado por una <b>edici\u00f3n de lo m\u00e1s lujosa, a mayor tama\u00f1o y con sobrecubiertas, en carton\u00e9 de tapa dura<\/b>. El precio es mayor al de los anteriores c\u00f3mics, pero tanto por edici\u00f3n como sobre todo por calidad de la obra os la recomendamos muy mucho, uno de esos t\u00edtulos que dan lustre a las comictecas m\u00e1s selectas.<\/p>\n<p>Batman Ciudad de Locura<\/p>\n<ul>\n<li>Formato: Tomo Tapas Duras 176 p\u00e1ginas (Panini C\u00f3mics)<\/li>\n<li>Previo: 38 euros<\/li>\n<\/ul>\n<p><img decoding=\"async\" src=\"https:\/\/www.europesays.com\/es\/wp-content\/uploads\/2025\/09\/7Q6ZP6CS5VETBCFTVALDB7ZOVM.jpg\" alt=\"\" class=\"mm__img\"   width=\"403\" height=\"600\" loading=\"lazy\"\/><\/p>\n<p>Ampliar<\/p>\n<p class=\"\">Rematamos con una aut\u00e9ntica locura, una obra espectacular en fondo y forma y que adem\u00e1s Panini ha editado en nuestro pa\u00eds en una<b> lujos\u00edsima edici\u00f3n<\/b>, algo cara pero espectacular y que hace justicia a la <b>may\u00fascula puesta en escena<\/b> de este salvaje c\u00f3mic. El dibujante<b> Christian Ward<\/b> se lanza a la piscina por primera vez como autor completo, sumando a su habitual majestuoso trabajo a los l\u00e1pices un estupendo gui\u00f3n. El se\u00f1or Ward se ha mostrado de lo m\u00e1s ambicioso en su inicio como escritor, tomando como <b>inspiraci\u00f3n<\/b> nada menos que ese cl\u00e1sico del hombre murci\u00e9lago que es <b>Asilo Arkham de Grant Morrison y Dave McKean <\/b>y mezcl\u00e1ndolo con <b>influencias del horror c\u00f3smico del mism\u00edsimo Lovecraft<\/b>.<\/p>\n<p class=\"\">El resultado es este magistral Batman: Ciudad de Locura, donde Ward nos presenta un<b> reflejo oscuro y retorcido de Gotham <\/b>oculta en las entra\u00f1as de la propia ciudad, con <b>grotescas versiones de los personajes que conocemos<\/b>. Batman deber\u00e1 formar una alianza impensable e imposible con sus enemigos jurados de la Corte de los B\u00fahos para cerrar el nexo con semejante realidad de pesadilla, de la cual est\u00e1n surgiendo <b>horrores sin nombre dignos de la imaginaci\u00f3n del citado escritor de Providence<\/b>. Ward acompa\u00f1a a tan interesante trama de <b>trazos on\u00edricos y surrealistas que evocan el trabajo de McKean<\/b> en la citada Asilo Arkham, ofreciendo un despliegue espectacular, sin duda uno de los mejores trabajos gr\u00e1ficos de los \u00faltimos tiempos.<\/p>\n<p><img decoding=\"async\" src=\"https:\/\/www.europesays.com\/es\/wp-content\/uploads\/2025\/09\/NBLCTNL65NEIHJ2GW6RQPEGSPA.jpg\" alt=\"\" class=\"mm__img\"   width=\"403\" height=\"600\" loading=\"lazy\"\/><\/p>\n<p>Ampliar<\/p>\n<p class=\"\">Como hemos comentado, la<b> edici\u00f3n de Panini a gran tama\u00f1o <\/b>permite que el arte de Ward luzca en todo su esplendor, conlleva un importante sobreprecio pero en obras de semejante calidad pict\u00f3rica no resulta tan doloroso el elevado coste. Otra <b>joya moderna indiscutible del personaje,<\/b> y una nueva demostraci\u00f3n de que la salud del cruzado de la capa atraviesa tiempos de bonanza. Siempre es un placer volver a<b> A\u00f1o Uno, El Retorno del Caballero Oscuro o La Broma Asesina, pero hay muchas aventuras imprescindibles m\u00e1s all\u00e1 <\/b>protagonizadas por este aut\u00e9ntico icono de la cultura popular.<\/p>\n<p>Noticias relacionadas<\/p>\n<p class=\"\">Suscr\u00edbete al <a href=\"https:\/\/www.youtube.com\/@meristation\" target=\"_self\" rel=\"nofollow noopener\" title=\"https:\/\/www.youtube.com\/@meristation\">canal de MeriStation en YouTube<\/a>, tu web de videojuegos y entretenimiento, para conocer todas las noticias y novedades sobre el mundo del videojuego, cine, series, manga y anime. An\u00e1lisis, entrevistas, tr\u00e1ileres, gameplays, p\u00f3dcast y mucho m\u00e1s. Tambi\u00e9n te animamos a seguir <a href=\"https:\/\/www.tiktok.com\/@meristation\" rel=\"nofollow noopener\" title=\"https:\/\/www.tiktok.com\/@meristation\" target=\"_blank\">nuestra cuenta de TikTok<\/a>. <\/p>\n<p class=\"\">\u00a1S\u00edguenos en ambas y, si est\u00e1s interesado en licenciar este contenido, pincha <a href=\"https:\/\/profesional.elpais.com\/soluciones-sindicacion?utm_medium=interno&amp;utm_source=crosslinking&amp;utm_campaign=sindicacion_as_pie_articulos\" target=\"_blank\" rel=\"nofollow noopener\" title=\"https:\/\/profesional.elpais.com\/soluciones-sindicacion?utm_medium=interno&amp;utm_source=crosslinking&amp;utm_campaign=sindicacion_as_pie_articulos\">aqu\u00ed<\/a>!<\/p>\n<p><script async src=\"\/\/www.tiktok.com\/embed.js\"><\/script><\/p>\n","protected":false},"excerpt":{"rendered":"Un a\u00f1o m\u00e1s, el tercer s\u00e1bado de septiembre se celebra por todo lo alto el Batman Day, fecha&hellip;\n","protected":false},"author":2,"featured_media":127861,"comment_status":"","ping_status":"","sticky":false,"template":"","format":"standard","meta":{"footnotes":""},"categories":[169],"tags":[177,146,147,25,24,176,175,23],"class_list":{"0":"post-127860","1":"post","2":"type-post","3":"status-publish","4":"format-standard","5":"has-post-thumbnail","7":"category-cine","8":"tag-cine","9":"tag-entertainment","10":"tag-entretenimiento","11":"tag-es","12":"tag-espana","13":"tag-film","14":"tag-movies","15":"tag-spain"},"share_on_mastodon":{"url":"","error":""},"_links":{"self":[{"href":"https:\/\/www.europesays.com\/es\/wp-json\/wp\/v2\/posts\/127860","targetHints":{"allow":["GET"]}}],"collection":[{"href":"https:\/\/www.europesays.com\/es\/wp-json\/wp\/v2\/posts"}],"about":[{"href":"https:\/\/www.europesays.com\/es\/wp-json\/wp\/v2\/types\/post"}],"author":[{"embeddable":true,"href":"https:\/\/www.europesays.com\/es\/wp-json\/wp\/v2\/users\/2"}],"replies":[{"embeddable":true,"href":"https:\/\/www.europesays.com\/es\/wp-json\/wp\/v2\/comments?post=127860"}],"version-history":[{"count":0,"href":"https:\/\/www.europesays.com\/es\/wp-json\/wp\/v2\/posts\/127860\/revisions"}],"wp:featuredmedia":[{"embeddable":true,"href":"https:\/\/www.europesays.com\/es\/wp-json\/wp\/v2\/media\/127861"}],"wp:attachment":[{"href":"https:\/\/www.europesays.com\/es\/wp-json\/wp\/v2\/media?parent=127860"}],"wp:term":[{"taxonomy":"category","embeddable":true,"href":"https:\/\/www.europesays.com\/es\/wp-json\/wp\/v2\/categories?post=127860"},{"taxonomy":"post_tag","embeddable":true,"href":"https:\/\/www.europesays.com\/es\/wp-json\/wp\/v2\/tags?post=127860"}],"curies":[{"name":"wp","href":"https:\/\/api.w.org\/{rel}","templated":true}]}}