{"id":127875,"date":"2025-09-20T17:53:07","date_gmt":"2025-09-20T17:53:07","guid":{"rendered":"https:\/\/www.europesays.com\/es\/127875\/"},"modified":"2025-09-20T17:53:07","modified_gmt":"2025-09-20T17:53:07","slug":"el-atletico-benavente-se-lleva-el-derbi-provincial-en-el-ultimo-minuto","status":"publish","type":"post","link":"https:\/\/www.europesays.com\/es\/127875\/","title":{"rendered":"El Atl\u00e9tico Benavente se lleva el derbi provincial en el \u00faltimo minuto"},"content":{"rendered":"<p class=\"ft-text\">El Atl\u00e9tico Benavente rescat\u00f3 en los instantes finales del derbi provincial una victoria que tuvo muy cuesta arriba en el resto del partido, pero una acci\u00f3n a falta de 51 minutos de Charly supuso el 2-3 que todav\u00eda incrementaron los zamoranos al 2-4 con un gol a puerta vac\u00eda de Ch\u00e1vez.<\/p>\n<p class=\"ft-text\">El Atl\u00e9tico Benavente afrontaba el partido con la moral que le hab\u00eda dado la victoria en la primera jornada, pero tambi\u00e9n el empate 5-5 del R\u00edver le hab\u00eda dado alas para jugar su primer partido en casa.<\/p>\n<p class=\"ft-text\">Fue el R\u00edver el que llev\u00f3 casi siempre la iniciativa en el juego frente a un R\u00edver que sali\u00f3 a la cancha sin complejos y dispuesto a darlo todo con posesi\u00f3n y sin miedo a irse arriba. As\u00ed los zamoranos llegaron a la porter\u00eda contraria en un par de ocasiones aunque sin acierto en el disparo, y Dani Sim\u00f3n tuvo que realizar una buena intervenci\u00f3n en un tiro de Iv\u00e1n. Pero cuando m\u00e1s cerca parec\u00eda estar el gol del R\u00edver, el Atl\u00e9tico Benavente gole\u00f3 por primera vez haciendo gala de una gran efectividad y Guancho adelantaba en el marcador al equipo benaventano cuando corr\u00eda el minuto 7. E incluso Guancho tuvo otra oportunidad clar\u00edsima a los pocos segundos pero esta vez no encontr\u00f3 porter\u00eda.<\/p>\n<p class=\"ft-text\">El R\u00edver sigui\u00f3 a lo suyo, tocando con criterio el bal\u00f3n frente a un enemigo que le esperaba atr\u00e1s y que sal\u00eda al contragolpe con enorme peligro, pero las tareas defensivas pod\u00edan con el ataque en ambos bandos.<\/p>\n<p class=\"ft-text\">\u00c1ngel Marchena cre\u00f3 una gran jugada personal que culmin\u00f3 con un buen tiro que rechaz\u00f3 el portero zamorano, y el bal\u00f3n le qued\u00f3 en el pie a Cristian que, con toda la porter\u00eda para \u00e9l, remat\u00f3 fuera ya en el minuto 15 cuando el R\u00edver hab\u00eda acumulado ya cinco faltas.<\/p>\n<p class=\"ft-text\">Y en una falta sin aparente peligro, Peru recibi\u00f3 en la frontal del \u00e1rea y dispar\u00f3 con potencia y su tiro lo rechaz\u00f3 Dani Sim\u00f3n pero el bal\u00f3n entr\u00f3 en la porter\u00eda para establecer el 1-1.<\/p>\n<p class=\"ft-text\">El R\u00edver regres\u00f3 tras el descanso de nuevo centrado y fruto de su intenso trabajo en la presi\u00f3n lleg\u00f3 una incursi\u00f3n en el \u00e1rea en la que Magui fue derribado aunque el \u00e1rbitro sac\u00f3 el lanzamiento fuera. Y en la consiguiente falta se produc\u00eda un rechace que aprovech\u00f3 Sa\u00fal en el punto de penalti para marcar el 2-1. Fueron momentos de desconcierto en el Atl\u00e9tico Benavente y tanto Joseca como Iv\u00e1n pudieron volver a marcar pero Dani Sim\u00f3n estuvo muy atento.<\/p>\n<p class=\"ft-text\">El partido sigui\u00f3 muy abierto y los ataques se sucedieron en las dos porter\u00edas, aunque la ocasi\u00f3n de Ch\u00e1vez que desbarat\u00f3 el portero Barran estuvo a punto de subir al marcador. Los benaventanos buscaban a Charly en el pivote, pero el gran jugador benaventano no parece haber recuperado todav\u00eda la forma anterior a su larga lesi\u00f3n.<\/p>\n<p class=\"ft-text\">Lejos de producirse la reacci\u00f3n benaventana, Perucho envi\u00f3 al poste una falta y Dani Sim\u00f3n tuvo que volver a intervenir para evitar el gol de Nico en un doble penalti.<\/p>\n<p class=\"ft-text\">El equipo benaventano opt\u00f3 tras un tiempo muerto por colocar a Charly como portero-jugador, y la decisi\u00f3n se convirti\u00f3 en el 2-2 que marcaba Guancho de potente disparo desde lejos en el minuto 34. Y el partido se puso al rojo vivo porque los numerosos aficionados benaventanos que hab\u00eda en el \u00c1ngel Nieto no paraban de animar a su equipo.<\/p>\n<p class=\"ft-text\">Pod\u00eda pasar cualquier cosa porque el Atl\u00e9tico segu\u00eda jugando con cinco y ya los dos rivales ten\u00edan su cupo de faltas cuando quedaban cinco minutos para el final. As\u00ed Charly dispuso de un doble penalti que estrell\u00f3 en el poste.Los benaventanos se hab\u00edan hecho due\u00f1os del bal\u00f3n y parec\u00edan aprovechar el desgaste f\u00edsico de su rival. Y pudo desequilibrarse el empate en una jugada de Sergio Sim\u00f3n que no acert\u00f3 a rematar Marchena pero si lo hizo el gran Charliente con la camiseta de portero-jugador para poner el 2-3.<\/p>\n<p class=\"ft-text\">Aunque ya daba igual, el Benavente todav\u00eda tuvo tiempo para que Ch\u00e1vez marcase el definitivo 2-4.<\/p>\n","protected":false},"excerpt":{"rendered":"El Atl\u00e9tico Benavente rescat\u00f3 en los instantes finales del derbi provincial una victoria que tuvo muy cuesta arriba&hellip;\n","protected":false},"author":2,"featured_media":127876,"comment_status":"","ping_status":"","sticky":false,"template":"","format":"standard","meta":{"footnotes":""},"categories":[278],"tags":[1517,41352,376,4066,168,18298,25,24,375,6414,5794,23,167,2433],"class_list":{"0":"post-127875","1":"post","2":"type-post","3":"status-publish","4":"format-standard","5":"has-post-thumbnail","7":"category-balonmano","8":"tag-atletico","9":"tag-atletico-benavente","10":"tag-balonmano","11":"tag-benavente","12":"tag-deportes","13":"tag-derbi","14":"tag-es","15":"tag-espana","16":"tag-handball","17":"tag-lleva","18":"tag-provincial","19":"tag-spain","20":"tag-sports","21":"tag-zamorano"},"share_on_mastodon":{"url":"","error":""},"_links":{"self":[{"href":"https:\/\/www.europesays.com\/es\/wp-json\/wp\/v2\/posts\/127875","targetHints":{"allow":["GET"]}}],"collection":[{"href":"https:\/\/www.europesays.com\/es\/wp-json\/wp\/v2\/posts"}],"about":[{"href":"https:\/\/www.europesays.com\/es\/wp-json\/wp\/v2\/types\/post"}],"author":[{"embeddable":true,"href":"https:\/\/www.europesays.com\/es\/wp-json\/wp\/v2\/users\/2"}],"replies":[{"embeddable":true,"href":"https:\/\/www.europesays.com\/es\/wp-json\/wp\/v2\/comments?post=127875"}],"version-history":[{"count":0,"href":"https:\/\/www.europesays.com\/es\/wp-json\/wp\/v2\/posts\/127875\/revisions"}],"wp:featuredmedia":[{"embeddable":true,"href":"https:\/\/www.europesays.com\/es\/wp-json\/wp\/v2\/media\/127876"}],"wp:attachment":[{"href":"https:\/\/www.europesays.com\/es\/wp-json\/wp\/v2\/media?parent=127875"}],"wp:term":[{"taxonomy":"category","embeddable":true,"href":"https:\/\/www.europesays.com\/es\/wp-json\/wp\/v2\/categories?post=127875"},{"taxonomy":"post_tag","embeddable":true,"href":"https:\/\/www.europesays.com\/es\/wp-json\/wp\/v2\/tags?post=127875"}],"curies":[{"name":"wp","href":"https:\/\/api.w.org\/{rel}","templated":true}]}}