{"id":127877,"date":"2025-09-20T17:54:09","date_gmt":"2025-09-20T17:54:09","guid":{"rendered":"https:\/\/www.europesays.com\/es\/127877\/"},"modified":"2025-09-20T17:54:09","modified_gmt":"2025-09-20T17:54:09","slug":"siga-en-directo-la-corrida-de-la-prensa-de-murcia-con-sebastian-castella-emilio-de-justo-y-marco-perez","status":"publish","type":"post","link":"https:\/\/www.europesays.com\/es\/127877\/","title":{"rendered":"Siga en directo la Corrida de la Prensa de Murcia, con Sebasti\u00e1n Castella, Emilio de Justo y Marco P\u00e9rez"},"content":{"rendered":"<p>Apunt\u00f3 buena condici\u00f3n el primero de la tarde de la ganader\u00eda de <strong>Juan Pedro Domecq<\/strong>. <strong>Sebasti\u00e1n Castella<\/strong> anduvo lucido y variado con el capote, tanto en su recibo con suaves ver\u00f3nicas a pies juntos intercalando unas chicuelinas; llevando al toro al caballo con el capote a la espalda, como en un posterior quite por chicuelinas y tafalleras. Sin embargo, lleg\u00f3 el juanpedro a la muleta de <strong>Castella<\/strong> movi\u00e9ndose pero soltando la cara siempre al final del muletazo. El franc\u00e9s anduvo firme y solvente, intentando pulsear las embestidas de un toro deslucido. Se atasc\u00f3 con la espada siendo silenciado.<\/p>\n<p>El segundo de la tarde tambi\u00e9n apunt\u00f3 buena condici\u00f3n en los primeros tercios. <strong>Emilio de Justo<\/strong> le recibi\u00f3 de capote toreando por chicuelinas sin probaturas. Sin embargo, al llegar a la muleta, el de <strong>Juan Pedro<\/strong>, haciendo un buen embroque, embisti\u00f3 sin humillar y soltando la cara de mitad de muletazos en adelante. Tuvo paciencia <strong>Emilio de Justo<\/strong> en un trasteo en el que anduvo firme y muy asentado intentando pulsear y encauzar sus informales embestidas. Lo mejor lleg\u00f3 con la mano izquierda donde el extreme\u00f1o consigui\u00f3 dibujar varios naturales de extraordinario trazo. Al entrar a matar en el primer intento, el toro le tap\u00f3 la salida y le parti\u00f3 el chaleco, antes de cobrar una gran estocada. Oreja de peso para el diestro extreme\u00f1o.<\/p>\n<p><strong>Murcia<\/strong>. S\u00e1bado 20 de septiembre de 2025. Feria de Septiembre. Corrida de la Prensa. Toros de <strong>Juan Pedro Domecq<\/strong>. <strong>Sebasti\u00e1n Castella<\/strong>, silencio; <strong>Emilio de Justo<\/strong>, oreja; y <strong>Marco P\u00e9rez<\/strong>, . <strong>Entrada<\/strong>: Casi media plaza.<\/p>\n","protected":false},"excerpt":{"rendered":"Apunt\u00f3 buena condici\u00f3n el primero de la tarde de la ganader\u00eda de Juan Pedro Domecq. Sebasti\u00e1n Castella anduvo&hellip;\n","protected":false},"author":2,"featured_media":127878,"comment_status":"","ping_status":"","sticky":false,"template":"","format":"standard","meta":{"footnotes":""},"categories":[277],"tags":[45,373,41353,168,962,25,24,41354,17374,21103,1478,10,1226,1227,13756,23,167,625,374,444],"class_list":{"0":"post-127877","1":"post","2":"type-post","3":"status-publish","4":"format-standard","5":"has-post-thumbnail","7":"category-toreo","8":"tag-45","9":"tag-bullfighting","10":"tag-corrida-de-la-prensa","11":"tag-deportes","12":"tag-emilio-de-justo","13":"tag-es","14":"tag-espana","15":"tag-feria-de-septiembre","16":"tag-juan-pedro-domecq","17":"tag-marco-perez","18":"tag-murcia","19":"tag-noticias","20":"tag-noticias-de-toros","21":"tag-noticias-taurinas","22":"tag-sebastian-castella","23":"tag-spain","24":"tag-sports","25":"tag-tauromaquia","26":"tag-toreo","27":"tag-toros"},"share_on_mastodon":{"url":"","error":""},"_links":{"self":[{"href":"https:\/\/www.europesays.com\/es\/wp-json\/wp\/v2\/posts\/127877","targetHints":{"allow":["GET"]}}],"collection":[{"href":"https:\/\/www.europesays.com\/es\/wp-json\/wp\/v2\/posts"}],"about":[{"href":"https:\/\/www.europesays.com\/es\/wp-json\/wp\/v2\/types\/post"}],"author":[{"embeddable":true,"href":"https:\/\/www.europesays.com\/es\/wp-json\/wp\/v2\/users\/2"}],"replies":[{"embeddable":true,"href":"https:\/\/www.europesays.com\/es\/wp-json\/wp\/v2\/comments?post=127877"}],"version-history":[{"count":0,"href":"https:\/\/www.europesays.com\/es\/wp-json\/wp\/v2\/posts\/127877\/revisions"}],"wp:featuredmedia":[{"embeddable":true,"href":"https:\/\/www.europesays.com\/es\/wp-json\/wp\/v2\/media\/127878"}],"wp:attachment":[{"href":"https:\/\/www.europesays.com\/es\/wp-json\/wp\/v2\/media?parent=127877"}],"wp:term":[{"taxonomy":"category","embeddable":true,"href":"https:\/\/www.europesays.com\/es\/wp-json\/wp\/v2\/categories?post=127877"},{"taxonomy":"post_tag","embeddable":true,"href":"https:\/\/www.europesays.com\/es\/wp-json\/wp\/v2\/tags?post=127877"}],"curies":[{"name":"wp","href":"https:\/\/api.w.org\/{rel}","templated":true}]}}