{"id":127881,"date":"2025-09-20T17:58:09","date_gmt":"2025-09-20T17:58:09","guid":{"rendered":"https:\/\/www.europesays.com\/es\/127881\/"},"modified":"2025-09-20T17:58:09","modified_gmt":"2025-09-20T17:58:09","slug":"la-vuelta-a-espana-fue-solo-el-principio-crece-la-presion-para-apartar-a-israel-de-los-eventos-deportivos-pero-las-organizaciones-guardan-silencio","status":"publish","type":"post","link":"https:\/\/www.europesays.com\/es\/127881\/","title":{"rendered":"\u00bfLa Vuelta a Espa\u00f1a fue solo el principio? Crece la presi\u00f3n para apartar a Israel de los eventos deportivos, pero las organizaciones guardan silencio"},"content":{"rendered":"<p>Nuevas detenciones por las protestas en la Vuelta contra la participaci\u00f3n del equipo Israel.<\/p>\n<p class=\"paragraph\"><a href=\"https:\/\/www.infobae.com\/espana\/2025\/09\/14\/la-vuelta-cambia-el-recorrido-de-entrada-a-madrid-mientras-los-manifestantes-ocupan-la-gran-via-y-hay-disturbios-en-atocha\/\" target=\"_blank\" rel=\"noreferrer nofollow noopener\" title=\"https:\/\/www.infobae.com\/espana\/2025\/09\/14\/la-vuelta-cambia-el-recorrido-de-entrada-a-madrid-mientras-los-manifestantes-ocupan-la-gran-via-y-hay-disturbios-en-atocha\/\"><b>La Vuelta ciclista a Espa\u00f1a<\/b><\/a><b> <\/b>concluy\u00f3 el pasado domingo 14 de septiembre, pero los hechos a\u00fan permanecen en el debate p\u00fablico. Las protestas <b>propalestinas<\/b> llevadas a cabo durante la competici\u00f3n han puesto sobre la mesa un interrogante: \u00bfdebe Israel participar en los eventos deportivos? Desde distintos gobiernos, han solicitado a los organismos correspondientes que tomen medidas para excluir a <b>Israel <\/b>de las competiciones, pero de momento nadie mueve ficha.<\/p>\n<p class=\"paragraph\">Desde que comenzara la Vuelta a Espa\u00f1a, <b>las manifestaciones propalestinas<\/b> no dejaron de intensificarse, con el objetivo central de excluir de la competici\u00f3n al equipo <a href=\"https:\/\/www.infobae.com\/espana\/deportes\/2025\/09\/03\/la-vuelta-a-espana-se-blinda-ante-el-auge-de-protestas-pro-palestina-contra-el-equipo-israel-premier-tech\/\" target=\"_blank\" rel=\"noreferrer nofollow noopener\" title=\"https:\/\/www.infobae.com\/espana\/deportes\/2025\/09\/03\/la-vuelta-a-espana-se-blinda-ante-el-auge-de-protestas-pro-palestina-contra-el-equipo-israel-premier-tech\/\"><b>Israel Premier- Tech<\/b><\/a>, cuyos propietarios mantienen v\u00ednculos con la \u00e9lite empresarial y pol\u00edtica israel\u00ed. R\u00e1pidamente, el entorno de la carrera se acostumbr\u00f3 a convivir con <b>pancartas, c\u00e1nticos y cortes de carretera<\/b>, mientras las autoridades reforzaron la seguridad e iban modificando los recorridos para garantizar la protecci\u00f3n de los corredores. <\/p>\n<p class=\"paragraph\">En la primera etapa celebrada en Figueras, un grupo intent\u00f3 cortar la carretera durante el paso del equipo Israel-Premier Tech, y el suceso provoc\u00f3 una interrupci\u00f3n peligrosa durante la contrarreloj por equipos. Una situaci\u00f3n similar se produjo durante la d\u00e9cima etapa, cuando el ciclista italiano <b>Simone Petilli<\/b>, del <b>Intermarch\u00e9-Wanty<\/b>, sufri\u00f3 una ca\u00edda tras la irrupci\u00f3n de varios activistas en la carretera, en el paso por <b>Lumbier<\/b>. En <b>Bilbao<\/b>, la etapa tuvo que acortarse por motivos de seguridad y se qued\u00f3 sin final ni ganador, mientras que otro manifestante provoc\u00f3 la ca\u00edda de<a rel=\"noopener noreferrer nofollow\" href=\"https:\/\/www.infobae.com\/espana\/deportes\/2025\/09\/09\/el-ciclista-espanol-javier-romo-dice-adios-a-la-vuelta-a-espana-tras-una-caida-provocada-por-un-manifestante-pro-palestina\/\" target=\"_blank\" title=\"https:\/\/www.infobae.com\/espana\/deportes\/2025\/09\/09\/el-ciclista-espanol-javier-romo-dice-adios-a-la-vuelta-a-espana-tras-una-caida-provocada-por-un-manifestante-pro-palestina\/\"> <b>Javier Romo<\/b>.<\/a><\/p>\n<p><img alt=\"Los manifestantes pro Palestina durante\" class=\"global-image\" decoding=\"async\" fetchpriority=\"low\" height=\"3100\" loading=\"lazy\" src=\"https:\/\/www.europesays.com\/es\/wp-content\/uploads\/2025\/09\/5XYDJQU7PJAIRG7B4ZZZR23W4Y.jpg\" width=\"4650\"\/>Los manifestantes pro Palestina durante La Vuelta a Espa\u00f1a. (AP Photo\/Miguel Oses)<\/p>\n<p class=\"paragraph\">Entre Poio y Mos, el final previsto en el Puerto de Castro de Herville no lleg\u00f3 a disputarse, y varios corredores sufrieron pinchazos por la presencia de chinchetas en el asfalto, un hecho confirmado m\u00e1s tarde por <b>Joxean Fern\u00e1ndez Matxin<\/b>, director del <b>UAE Team Emirates<\/b>. \u201cHay mucha incertidumbre entre los ciclistas por la seguridad. Ayer las banderas se bajaron y golpearon a varios ciclistas, tambi\u00e9n pinchazos\u2026\u201d, explic\u00f3 el t\u00e9cnico en declaraciones a Radio Marca. <\/p>\n<p class=\"paragraph\"><b>El culmen fue Madrid<\/b>. La capital deb\u00eda acoger la \u00faltima etapa de la competici\u00f3n. <a href=\"https:\/\/www.infobae.com\/espana\/2025\/09\/13\/madrid-se-prepara-para-el-fin-de-la-vuelta-mas-tenso-en-decadas-detenciones-denuncias-y-miles-de-agentes-desplegados-por-las-protestas-contra-israel\/\" target=\"_blank\" rel=\"noreferrer nofollow noopener\" title=\"https:\/\/www.infobae.com\/espana\/2025\/09\/13\/madrid-se-prepara-para-el-fin-de-la-vuelta-mas-tenso-en-decadas-detenciones-denuncias-y-miles-de-agentes-desplegados-por-las-protestas-contra-israel\/\">La ciudad se blind\u00f3<\/a> para evitar altercados y despleg\u00f3 un operativo de seguridad sin precedentes. Nada fue suficiente para frenar a los manifestantes que alzaron la voz para <b>denunciar la situaci\u00f3n en Gaza<\/b>. La oleada de protestas \u2014en las que los asistentes derribaron las vallas y ocuparon parte del recorrido, impidiendo el paso a los ciclistas\u2014 oblig\u00f3 a la cancelaci\u00f3n de la etapa y desat\u00f3 una nueva discusi\u00f3n acerca del papel que deben asumir las competiciones deportivas en medio de conflictos internacionales. Un interrogante que todav\u00eda sigue en el plano medi\u00e1tico. <\/p>\n<p class=\"paragraph\">El d\u00eda despu\u00e9s de que concluyera La Vuelta a Espa\u00f1a, la Uni\u00f3n de Ciclistas Internacional (UCI) emiti\u00f3 un comunicado sobre la situaci\u00f3n vivida en la competici\u00f3n. \u201cLa UCI expresa su total desaprobaci\u00f3n y profunda preocupaci\u00f3n por los acontecimientos que han marcado la edici\u00f3n de 2025 de la <a rel=\"noopener noreferrer nofollow\" href=\"https:\/\/www.infobae.com\/espana\/2025\/09\/13\/madrid-se-prepara-para-el-fin-de-la-vuelta-mas-tenso-en-decadas-detenciones-denuncias-y-miles-de-agentes-desplegados-por-las-protestas-contra-israel\/\" target=\"_blank\" title=\"https:\/\/www.infobae.com\/espana\/2025\/09\/13\/madrid-se-prepara-para-el-fin-de-la-vuelta-mas-tenso-en-decadas-detenciones-denuncias-y-miles-de-agentes-desplegados-por-las-protestas-contra-israel\/\">Vuelta Ciclista a Espa\u00f1a<\/a>, en particular por la abrupta interrupci\u00f3n de la <b>\u00faltima etapa disputada ayer en Madrid<\/b>, consecuencia directa de una serie de incidentes vinculados a manifestaciones a favor de Palestina\u201d, comenzaba el escrito.<\/p>\n<p><img alt=\"Manifestantes propalestinos con banderas y\" class=\"global-image\" decoding=\"async\" fetchpriority=\"low\" height=\"524\" loading=\"lazy\" src=\"https:\/\/www.europesays.com\/es\/wp-content\/uploads\/2025\/09\/TOXF6BOJGNESLICHFBCD2I4FVE.JPG\" width=\"800\"\/>Manifestantes propalestinos con banderas y pancarta. (Bruna Casas\/Reuters)<\/p>\n<p class=\"paragraph\">Adem\u00e1s, consideraron que los actos producidos durante la etapa constituyen \u201c<b>una grave violaci\u00f3n de la Carta Ol\u00edmpica <\/b>y de los principios fundamentales del deporte\u201d. La organizaci\u00f3n tambi\u00e9n lament\u00f3 que el presidente de Espa\u00f1a y su equipo respaldaran las manifestaciones propalestinas. Aunque las declaraciones m\u00e1s controvertidas fueron: \u201cEsta postura contradice totalmente los valores ol\u00edmpicos de uni\u00f3n, respeto mutuo y paz. Adem\u00e1s, <b>pone en tela de juicio la capacidad de Espa\u00f1a<\/b> para acoger grandes eventos deportivos internacionales, garantizando su buen desarrollo en condiciones de seguridad y de conformidad con los principios de la Carta Ol\u00edmpica\u201d. Infobae Espa\u00f1a ha tratado de hablar con UCI sobre el comunicado y la posible presencia de Israel en la edici\u00f3n de La Vuelta a Espa\u00f1a 2026, pero han rechazado contestar: \u201c<b>La UCI no har\u00e1 m\u00e1s comentarios <\/b>m\u00e1s all\u00e1 del comunicado emitido el lunes\u201d.<\/p>\n<p class=\"paragraph\">Desde la Vuelta a Espa\u00f1a, no han querido hacer ning\u00fan comentario respecto al comunicado de la Uni\u00f3n de Ciclistas Internacional. Pero s\u00ed han informado a Infobae Espa\u00f1a de qui\u00e9n decide los participantes en la Vuelta: \u201cUnipublic no decide si participa <b>un equipo WorldTour o ProTeam<\/b>, esos los decide la <a href=\"https:\/\/www.infobae.com\/espana\/deportes\/2025\/09\/15\/la-union-ciclista-internacional-carga-contra-pedro-sanchez-y-contra-el-apoyo-del-gobierno-a-las-protestas-pro-palestinas\/\" target=\"_blank\" rel=\"noreferrer nofollow noopener\" title=\"https:\/\/www.infobae.com\/espana\/deportes\/2025\/09\/15\/la-union-ciclista-internacional-carga-contra-pedro-sanchez-y-contra-el-apoyo-del-gobierno-a-las-protestas-pro-palestinas\/\">UCI<\/a>. Unipublic solo decide 3 equipos invitados, que este a\u00f1o han sido <b>Caja Rural, Burgos y Q36<\/b>\u2033. Lo que todav\u00eda no se conoce es si el equipo Israel-Premier Tech participar\u00e1 el curso que viene en la Vuelta. <\/p>\n<p class=\"paragraph\">El presidente del<a href=\"https:\/\/www.infobae.com\/espana\/deportes\/2025\/09\/16\/el-consejo-superior-de-deportes-pide-al-comite-olimpico-internacional-la-expulsion-de-israel-de-los-eventos-deportivos\/\" target=\"_blank\" rel=\"noreferrer nofollow noopener\" title=\"https:\/\/www.infobae.com\/espana\/deportes\/2025\/09\/16\/el-consejo-superior-de-deportes-pide-al-comite-olimpico-internacional-la-expulsion-de-israel-de-los-eventos-deportivos\/\"> Consejo Superior de Deportes <\/a>(CSD), <b>Jos\u00e9 Manuel Rodr\u00edguez Uribes<\/b>, fue el encargado de transmitir la posici\u00f3n del Ejecutivo y del sector deportivo espa\u00f1ol: \u201cEl Gobierno de Espa\u00f1a est\u00e1 liderando en la comunidad internacional un planteamiento, una posici\u00f3n de remover conciencias frente a algo que es absolutamente intolerable, que es un<b> genocidio<\/b>, como dice Naciones Unidas\u201d. Adem\u00e1s, critic\u00f3 el comunicado de la UCI, al calificarlo como \u201c<b>injusto y falso<\/b>\u201d, y solicit\u00f3 al Comit\u00e9 Ol\u00edmpico Internacional (COI) que tome la iniciativa para que otras organizaciones deportivas consideren excluir a Israel. <\/p>\n<p class=\"paragraph\">\u201cEstamos haciendo lo que se hizo con Rusia, o en la <a href=\"https:\/\/www.infobae.com\/espana\/2025\/09\/18\/asi-aparto-el-mundo-del-deporte-a-sudafrica-por-el-apartheid-el-ejemplo-que-uribes-pide-aplicar-a-israel\/\" target=\"_blank\" rel=\"noreferrer nofollow noopener\" title=\"https:\/\/www.infobae.com\/espana\/2025\/09\/18\/asi-aparto-el-mundo-del-deporte-a-sudafrica-por-el-apartheid-el-ejemplo-que-uribes-pide-aplicar-a-israel\/\"><b>Sud\u00e1frica del <\/b><b>Apartheid<\/b><\/a><b>. <\/b>No estamos hablando de un conflicto menor, que hay muchos en el mundo y el deporte no se paraliza, estamos hablando de un genocidio, de un crimen de lesa humanidad, de los que se llaman imprescriptibles, imperdonables y, por tanto, el deporte tiene que actuar en consecuencia\u201d, asegur\u00f3 Uribes. Tras \u00e9l, fue <b>Patxi L\u00f3pez<\/b>, el portavoz del Grupo Socialista en el Congreso, quien advirti\u00f3 de que la participaci\u00f3n de <b>Espa\u00f1a en el Mundial de F\u00fatbol <\/b>de 2026 podr\u00eda verse comprometida en caso de que el combinado israel\u00ed logre clasificarse. \u201cLo valoraremos en su momento\u201d, se\u00f1al\u00f3, abriendo la puerta a un eventual boicot. <\/p>\n<p class=\"paragraph\">Por su parte, el Comit\u00e9 Ol\u00edmpico Internacional ha reafirmado su decisi\u00f3n de mantener al pa\u00eds israel\u00ed en competiciones ol\u00edmpicas internacionales. \u201c<b>Cumple con la Carta Ol\u00edmpica<\/b>\u201d, han argumentado. La presidenta del COI, <b>Kirsty Coventry<\/b>, ha sido la encargada de transmitir esta posici\u00f3n, as\u00ed como la postura de neutralidad pol\u00edtica de la organizaci\u00f3n. En este sentido, ha destacado: \u201cTenemos dos Comit\u00e9s Ol\u00edmpicos Nacionales: el de Israel y el de Palestina, que han sido reconocidos por el COI y<b> gozan de los mismos derechos<\/b>\u201d. Y ha destacado: \u201cSeguimos trabajando con ellos para intentar <b>mitigar el impacto del actual conflicto en los atletas<\/b>. Equipos de ambas delegaciones participaron en los Juegos Ol\u00edmpicos de Par\u00eds y sus atletas convivieron pac\u00edficamente bajo un mismo techo en la Villa Ol\u00edmpica\u201d.<\/p>\n<p>Los manifestantes propalestinos obligan a suspender la Vuelta a Espa\u00f1a en Madrid.<\/p>\n<p class=\"paragraph\">El <b>Campeonato Europeo de Voley<\/b> est\u00e1 en la lista de competiciones en las que participar\u00e1 Israel en los pr\u00f3ximos meses. En concreto, este torneo se llevar\u00e1 a cabo en 2026 e Israel ya est\u00e1 clasificada. Este medio se ha puesto en contacto con la <b>Confederaci\u00f3n Europea de Voley <\/b>(CEV) para saber si pretende tomar medidas contra dicho pa\u00eds. \u201cLa CEV sigue de cerca los \u00faltimos acontecimientos y <b>espera que se restablezca la paz<\/b>, a la vez que expresa su solidaridad con todos los afectados. En cuanto a la elegibilidad de los atletas, seguiremos aline\u00e1ndonos con las \u00faltimas medidas y recomendaciones emitidas por el Comit\u00e9 Ol\u00edmpico Internacional y la FIVB\u201d, han detallado. <\/p>\n<p class=\"paragraph\"><a href=\"https:\/\/www.infobae.com\/espana\/deportes\/2025\/09\/08\/vingegaard-lider-de-la-vuelta-a-espana-tambien-encabeza-la-defensa-de-los-manifestantes-pro-palestina-lo-hacen-por-un-motivo\/\" target=\"_blank\" rel=\"noreferrer nofollow noopener\" title=\"https:\/\/www.infobae.com\/espana\/deportes\/2025\/09\/08\/vingegaard-lider-de-la-vuelta-a-espana-tambien-encabeza-la-defensa-de-los-manifestantes-pro-palestina-lo-hacen-por-un-motivo\/\">Israel <\/a>tambi\u00e9n estar\u00e1 presente en el <b>Mundial 2026<\/b>, as\u00ed como en la <b>Champions<\/b>, a trav\u00e9s de los clubes el Maccabi Haifa y el Hapoel Be\u2019er Sheva; en la <b>Europa League<\/b>, con Maccabi Tel Aviv y el Beitar Jerusal\u00e9n; y en la <b>Conference League<\/b>, con Maccabi Netanya, Hapoel Tel Aviv, Hapoel Haifa, Maccabi Petah Tikva y Hapoel Ironi Kiryat Shmona. Adem\u00e1s, la selecci\u00f3n de Israel ha participado en el <b>Eurobasket <\/b>y disputar\u00e1 la <b>Euroliga <\/b>lo har\u00e1n los clubes Maccabi Rapyd Tel Aviv y el debutante Hapoel IBI Tel Aviv. El <b>Giro de Lombard\u00eda<\/b> contar\u00e1 tambi\u00e9n con Israel Premier-Tech. Israel tambi\u00e9n est\u00e1 participando en la <b>Copa Davis<\/b>, as\u00ed como en el <b>Mundial de Atletismo<\/b> de Tokio, donde cuenta con varios deportistas repartidos en distintas categor\u00edas. De momento, el pa\u00eds no ha sido excluido de ninguna competici\u00f3n, a pesar de que Espa\u00f1a est\u00e9 presionando para ello. <\/p>\n","protected":false},"excerpt":{"rendered":"Nuevas detenciones por las protestas en la Vuelta contra la participaci\u00f3n del equipo Israel. La Vuelta ciclista a&hellip;\n","protected":false},"author":2,"featured_media":127882,"comment_status":"","ping_status":"","sticky":false,"template":"","format":"standard","meta":{"footnotes":""},"categories":[273],"tags":[313,312,168,25,24,406,5638,205,23,3020,167],"class_list":{"0":"post-127881","1":"post","2":"type-post","3":"status-publish","4":"format-standard","5":"has-post-thumbnail","7":"category-ciclismo","8":"tag-ciclismo","9":"tag-cycling","10":"tag-deportes","11":"tag-es","12":"tag-espana","13":"tag-europe","14":"tag-government-politics","15":"tag-madrid","16":"tag-spain","17":"tag-sport","18":"tag-sports"},"share_on_mastodon":{"url":"","error":""},"_links":{"self":[{"href":"https:\/\/www.europesays.com\/es\/wp-json\/wp\/v2\/posts\/127881","targetHints":{"allow":["GET"]}}],"collection":[{"href":"https:\/\/www.europesays.com\/es\/wp-json\/wp\/v2\/posts"}],"about":[{"href":"https:\/\/www.europesays.com\/es\/wp-json\/wp\/v2\/types\/post"}],"author":[{"embeddable":true,"href":"https:\/\/www.europesays.com\/es\/wp-json\/wp\/v2\/users\/2"}],"replies":[{"embeddable":true,"href":"https:\/\/www.europesays.com\/es\/wp-json\/wp\/v2\/comments?post=127881"}],"version-history":[{"count":0,"href":"https:\/\/www.europesays.com\/es\/wp-json\/wp\/v2\/posts\/127881\/revisions"}],"wp:featuredmedia":[{"embeddable":true,"href":"https:\/\/www.europesays.com\/es\/wp-json\/wp\/v2\/media\/127882"}],"wp:attachment":[{"href":"https:\/\/www.europesays.com\/es\/wp-json\/wp\/v2\/media?parent=127881"}],"wp:term":[{"taxonomy":"category","embeddable":true,"href":"https:\/\/www.europesays.com\/es\/wp-json\/wp\/v2\/categories?post=127881"},{"taxonomy":"post_tag","embeddable":true,"href":"https:\/\/www.europesays.com\/es\/wp-json\/wp\/v2\/tags?post=127881"}],"curies":[{"name":"wp","href":"https:\/\/api.w.org\/{rel}","templated":true}]}}