{"id":127885,"date":"2025-09-20T18:00:10","date_gmt":"2025-09-20T18:00:10","guid":{"rendered":"https:\/\/www.europesays.com\/es\/127885\/"},"modified":"2025-09-20T18:00:10","modified_gmt":"2025-09-20T18:00:10","slug":"rio-breogan-real-madrid-83-78-acb-com","status":"publish","type":"post","link":"https:\/\/www.europesays.com\/es\/127885\/","title":{"rendered":"R\u00edo Breog\u00e1n-Real Madrid (83-78) | ACB.COM"},"content":{"rendered":"<p>El Real Madrid encaj\u00f3 su primera derrota de pretemporada ante el R\u00edo Breog\u00e1n, que levant\u00f3 una desventaja de 19 puntos en la segunda mitad para mandar el partido a la pr\u00f3rroga, donde estuvo m\u00e1s acertado, con un triple decisivo del let\u00f3n Arturs Kurucs despu\u00e9s del fallo de Garuba desde la l\u00ednea de tiros libres.<\/p>\n<p>Faltaban once segundos y Sergio Scariolo pidi\u00f3 tiempo muerto. Su equipo busc\u00f3 al internacional alem\u00e1n David Kramer para forzar una nueva pr\u00f3rroga, pero su lanzamiento desde la l\u00ednea de tres puntos lo punte\u00f3 Cook para certificar el triunfo gallego.<\/p>\n<p>El Real Madrid empez\u00f3 mandando en el electr\u00f3nico. Golpe\u00f3 de salida con un parcial 1-13, pero la segunda unidad del R\u00edo Breog\u00e1n le dio otro aire a su ataque. Aleksandar Aranitovic, con ocho puntos en diez minutos, sostuvo a los suyos en el partido hasta que las p\u00e9rdidas dieron vida al equipo blanco (18-25).<\/p>\n<p>El desacierto breoganista dispar\u00f3 definitivamente al equipo de Scariolo, obligando a Luis Casimiro a pedir tiempo muerto (31-50, min.24). El choque parec\u00eda sentenciado (33-52, 48-62), pero un ejercicio de fe del Breog\u00e1n le hizo meterse en el partido a falta de cuatro minutos para el final (58-62).<\/p>\n<p>El Real Madrid, con muchas dudas en ataque, no encontraba soluciones y Cook empat\u00f3 el partido. La igualdad era m\u00e1xima. A falta de 18 segundos, Sergi Garc\u00eda fall\u00f3 un tiro libre para poner 3 arriba a su equipo. <\/p>\n<p>La respuesta breoganista fue muy r\u00e1pida con una canasta en penetraci\u00f3n de Cook, que forz\u00f3 un tiro adicional para poner por delante a los suyos. Lo fall\u00f3. Al cuadro madridista le qued\u00f3 la \u00faltima posesi\u00f3n, pero a Feliz se le escap\u00f3 el bal\u00f3n. El choque se decidir\u00eda en la pr\u00f3rroga, y ah\u00ed mand\u00f3 el acierto breoganista.<\/p>\n<p><strong>83 (16+13+14+26+14)- R\u00edo Breog\u00e1n:<\/strong> Keandre Cook (13), Dewayne Roberts (6), Francis Alonso (6), Dario Dreznjak (4) y Brankovic (11) -cinco inicial- Apic (4), Aranitovic (15), Sakho (2), Erik Quintela (3), Arturs Kurucs (13) y Cvetkovic (6).<\/p>\n<p><strong>78 (21+21+14+13+9)-Real Madrid:<\/strong> Campazzo (7), Sergio Llull (8), Kr\u00e4mer (5), Okeke (14) y Tavares (6) -cinco inicial- Sergi Garc\u00eda (4), Almansa (-), Garuba (7), Fernando (1), Feliz (5), Trey Lyles (14) y Gabriel Procida (7).<\/p>\n<p><strong>\u00c1rbitros<\/strong>: Mart\u00edn Caballero, Iy\u00e1n Gonz\u00e1lez y Guillermo R\u00edos.<\/p>\n<p><strong>Incidencias<\/strong>: Encuentro correspondiente a la primera semifinal del X Torneo EncestaR\u00edas disputado en el pabell\u00f3n municipal de Pontevedra. <\/p>\n","protected":false},"excerpt":{"rendered":"El Real Madrid encaj\u00f3 su primera derrota de pretemporada ante el R\u00edo Breog\u00e1n, que levant\u00f3 una desventaja de&hellip;\n","protected":false},"author":2,"featured_media":127886,"comment_status":"","ping_status":"","sticky":false,"template":"","format":"standard","meta":{"footnotes":""},"categories":[269],"tags":[299,298,168,25,24,23,167],"class_list":{"0":"post-127885","1":"post","2":"type-post","3":"status-publish","4":"format-standard","5":"has-post-thumbnail","7":"category-baloncesto","8":"tag-baloncesto","9":"tag-basketball","10":"tag-deportes","11":"tag-es","12":"tag-espana","13":"tag-spain","14":"tag-sports"},"share_on_mastodon":{"url":"","error":""},"_links":{"self":[{"href":"https:\/\/www.europesays.com\/es\/wp-json\/wp\/v2\/posts\/127885","targetHints":{"allow":["GET"]}}],"collection":[{"href":"https:\/\/www.europesays.com\/es\/wp-json\/wp\/v2\/posts"}],"about":[{"href":"https:\/\/www.europesays.com\/es\/wp-json\/wp\/v2\/types\/post"}],"author":[{"embeddable":true,"href":"https:\/\/www.europesays.com\/es\/wp-json\/wp\/v2\/users\/2"}],"replies":[{"embeddable":true,"href":"https:\/\/www.europesays.com\/es\/wp-json\/wp\/v2\/comments?post=127885"}],"version-history":[{"count":0,"href":"https:\/\/www.europesays.com\/es\/wp-json\/wp\/v2\/posts\/127885\/revisions"}],"wp:featuredmedia":[{"embeddable":true,"href":"https:\/\/www.europesays.com\/es\/wp-json\/wp\/v2\/media\/127886"}],"wp:attachment":[{"href":"https:\/\/www.europesays.com\/es\/wp-json\/wp\/v2\/media?parent=127885"}],"wp:term":[{"taxonomy":"category","embeddable":true,"href":"https:\/\/www.europesays.com\/es\/wp-json\/wp\/v2\/categories?post=127885"},{"taxonomy":"post_tag","embeddable":true,"href":"https:\/\/www.europesays.com\/es\/wp-json\/wp\/v2\/tags?post=127885"}],"curies":[{"name":"wp","href":"https:\/\/api.w.org\/{rel}","templated":true}]}}