{"id":127887,"date":"2025-09-20T18:01:08","date_gmt":"2025-09-20T18:01:08","guid":{"rendered":"https:\/\/www.europesays.com\/es\/127887\/"},"modified":"2025-09-20T18:01:08","modified_gmt":"2025-09-20T18:01:08","slug":"el-girona-cae-goleado-de-manera-espantosa-frente-al-levante","status":"publish","type":"post","link":"https:\/\/www.europesays.com\/es\/127887\/","title":{"rendered":"El Girona cae goleado de manera espantosa frente al Levante"},"content":{"rendered":"<p data-gtm-element-container=\"modulo-texto-link\" class=\"paragraph\">El <strong>Girona<\/strong> cay\u00f3 goleado ante el <strong>Levante<\/strong> en un partido con poca emoci\u00f3n tras las expulsiones de <strong>Witsel<\/strong> a la media hora y la de <strong>Vitor<\/strong> <strong>Reis<\/strong> a los pocos segundos de iniciar el segundo tiempo. <strong>Eyong<\/strong>, <strong>Carlos \u00c1lvarez <\/strong>y <strong>Romero<\/strong> se apuntaron los tantos en la fiesta levantinista con su primera victoria.<\/p>\n<p data-gtm-element-container=\"modulo-texto-link\" class=\"paragraph\">Fue el d\u00eda para cambiar el rumbo. En <strong>Montilivi<\/strong>, por supuesto, se respir\u00f3 m\u00e1s optimismo del que luego mostr\u00f3 las condiciones de la cita. La etiqueta de reci\u00e9n ascendido de los granotas, la din\u00e1mica de los de <strong>Calero<\/strong> y las buenas sensaciones de los \u2018gironins\u2019 en Vigo fueron motivos de una esperanza que empez\u00f3 a disiparse a la media hora de partido.<\/p>\n<p>[+] Mira el resumen en datos del partido:<\/p>\n<p>            <img decoding=\"async\" alt=\"El Girona cae goleado de manera espantosa frente al Levante\" heigth=\"3000\" width=\"544\" src=\"https:\/\/www.europesays.com\/es\/wp-content\/uploads\/2025\/09\/68cec3c4348bb.jpeg\" class=\"lazy\"\/><\/p>\n<p>                 Video<\/p>\n<p class=\"caption-title video-caption-title \">El Levante desarbola al Girona en Montilivi<\/p>\n<p>            <video data-source=\"jwplatform\" video-id=\"CLrl5zIC\"\/><\/p>\n<p data-gtm-element-container=\"modulo-texto-link\" class=\"paragraph\">Por supuesto, los de <strong>M\u00edchel<\/strong> optaron por el protagonismo con el bal\u00f3n, aunque no siempre sali\u00f3 como en los planes se imagina uno. Los de <strong>Calero<\/strong> pujaron por minutos con el cuero, sin temblores, esperando la presi\u00f3n del rival para tomar acci\u00f3n. El combinado levantinista, adem\u00e1s, opt\u00f3 por no salir descaradamente a la presi\u00f3n, dejando tres hombres en ataque en una posici\u00f3n m\u00e1s retrasada.<\/p>\n<p data-gtm-element-container=\"modulo-texto-link\" class=\"paragraph\">Fue entonces cuando tuvo m\u00e1s faena de lo com\u00fan <strong>Alejandro<\/strong> <strong>Quintero<\/strong>. El colegiado empez\u00f3 a ense\u00f1ar varias cartulinas, momentos en los que le cost\u00f3 controlar el partido por el contexto. Todo se pod\u00eda protestar. Uno de los que se llev\u00f3 la amonestaci\u00f3n fue <strong>Witsel<\/strong> en una decisi\u00f3n arbitral que no convenci\u00f3 al cuerpo t\u00e9cnico, quien coment\u00f3 la jugada varias veces. Esa acci\u00f3n tuvo consecuencias negativas para los \u2018blanc-i-vermells\u2019, quienes se quedaron con uno menos a la media hora de choque tras un duelo. El belga se pas\u00f3 frenado e impact\u00f3 con sus tacos en <strong>Unai Vencedor<\/strong>. La cara de <strong>M\u00edchel<\/strong> era un cuadro.<\/p>\n<p data-gtm-element-container=\"modulo-texto-link\" class=\"paragraph\">Poco despu\u00e9s lleg\u00f3 otro mazazo para los catalanes y una alegr\u00eda por parte de los visitantes. Tras la madera de <strong>Brugu\u00e9<\/strong> lleg\u00f3 el remate de <strong>Eyong<\/strong> en un buen centro de <strong>Toljan<\/strong> (44\u2019). Los fantasmas corr\u00edan por <strong>Montilivi<\/strong> como Pedro por su casa. El Levante cog\u00eda buenas sensaciones: marcador a favor y uno m\u00e1s sobre el verde.<\/p>\n<p>                     Galer\u00eda<\/p>\n<p>                <img loading=\"lazy\" decoding=\"async\" data-full-src=\"https:\/\/www.mundodeportivo.com\/uploads\/2025\/09\/20\/68cebc5609c69.jpeg\" alt=\"Horizontal\" src=\"https:\/\/www.europesays.com\/es\/wp-content\/uploads\/2025\/09\/68cebc5609c69.jpeg\" class=\"lazy\" width=\"449\" height=\"296\"\/><\/p>\n<p>                    <a class=\"caption-title \" href=\"https:\/\/www.mundodeportivo.com\/futbol\/laliga\/20250920\/1002535709\/girona-levante-imagenes.html\" rel=\"nofollow noopener\" target=\"_blank\">Girona &#8211; Levante, en im\u00e1genes<\/a><\/p>\n<p>                    Pere Punt\u00ed \/ Propias<\/p>\n<p data-gtm-element-container=\"modulo-texto-link\" class=\"paragraph\">Fue solo el aperitivo de lo que sucedi\u00f3 sobre el feudo gerundense. Ni un minuto pas\u00f3 hasta que volvi\u00f3 a verse una nueva roja. <strong>Vitor<\/strong> <strong>Reis<\/strong> impact\u00f3 de manera involuntaria sobre <strong>Carlos \u00c1lvarez<\/strong> y el juez no titube\u00f3. Para colmo, la herida se agrand\u00f3 con el gol de <strong>Carlos<\/strong> <strong>\u00c1lvarez<\/strong> (49\u2019), con <strong>Gazzaniga<\/strong> sin poder evitar un disparo centrado que pas\u00f3 por medio de una barrera que dej\u00f3 huecos.<\/p>\n<p data-gtm-element-container=\"modulo-texto-link\" class=\"paragraph\">El <strong>Levante<\/strong>, bien trabajado y m\u00e1s c\u00f3modo que nunca, opt\u00f3 por esperar a encontrar una nueva oportunidad que permitiera ampliar la ventaja. De ello se encarg\u00f3 <strong>Romero<\/strong>, que marc\u00f3 a placer el tercero (70\u2019), mientras algunos aficionados locales aprovecharon para marcharse. Otros cantaron, por primera vez en mucho tiempo, \u2018<strong>directiva dimisi\u00f3n<\/strong>\u2019. Fue un d\u00eda negro en <strong>Montilivi<\/strong>.<\/p>\n<p data-gtm-element-container=\"modulo-texto-link\" class=\"paragraph\">Los \u2018gironins\u2019 lo intentaron con alg\u00fan t\u00edmido ataque, pero el pescado estuvo todo. Nada est\u00e1 saliendo como <strong>M\u00edchel<\/strong> imaginaba, y es algo que ya se arrastra desde enero.<\/p>\n<p>    Lee tambi\u00e9n<\/p>\n<p data-gtm-element-container=\"modulo-texto-link\" class=\"paragraph\">Sin nada en juego, y con un nuevo tanto de <strong>Koyalipou<\/strong> en el a\u00f1adido que escoci\u00f3 a la afici\u00f3n local como pocas veces (90\u2019+2), Alejandro <strong>Quintero<\/strong> dio por finalizado el encuentro con la primera alegr\u00eda granota antes de recibir el <strong>Real Madrid <\/strong>y con un nuevo mazazo para el <strong>Girona<\/strong>, que afrontar\u00e1 la pr\u00f3xima semana con serias dudas.<\/p>\n<tr>\n<td align=\"left\" valign=\"middle\" width=\"36.79%\">\n13 P. Gazzaniga <\/td>\n<td valign=\"middle\" align=\"right\" width=\"18.49\">\n<p class=\"ficha_confe estrellita\">&#8211;<\/p>\n<\/td>\n<td align=\"left\" valign=\"middle\" width=\"36.79%\">\n13 M. Ryan <\/td>\n<td valign=\"middle\" align=\"right\" width=\"18.49\"\/>\n<\/tr>\n<tr>\n<td align=\"left\" valign=\"middle\" width=\"36.79%\">\n4 Arnau Mart\u00ednez 46&#8242;<\/td>\n<td valign=\"middle\" align=\"right\" width=\"18.49\"\/>\n<td align=\"left\" valign=\"middle\" width=\"36.79%\">\n22 Jeremy Toljan <\/td>\n<td valign=\"middle\" align=\"right\" width=\"18.49\"\/>\n<\/tr>\n<tr>\n<td align=\"left\" valign=\"middle\" width=\"36.79%\">\n(16 A. Franc\u00e9s)\n<\/td>\n<td valign=\"middle\" align=\"right\" width=\"18.49\"\/>\n<td align=\"left\" valign=\"middle\" width=\"36.79%\">\n5 U. Elgezabal <\/td>\n<td valign=\"middle\" align=\"right\" width=\"18.49\"\/>\n<\/tr>\n<tr>\n<td align=\"left\" valign=\"middle\" width=\"36.79%\">\n12 Vitor Reis <\/td>\n<td valign=\"middle\" align=\"right\" width=\"18.49\">\n<p class=\"ficha_confe estrellita\">&#8211;<\/p>\n<\/td>\n<td align=\"left\" valign=\"middle\" width=\"36.79%\">\n2 M. Moreno <\/td>\n<td valign=\"middle\" align=\"right\" width=\"18.49\"\/>\n<\/tr>\n<tr>\n<td align=\"left\" valign=\"middle\" width=\"36.79%\">\n17 Daley Blind <\/td>\n<td valign=\"middle\" align=\"right\" width=\"18.49\">\n<p class=\"ficha_confe estrellita\">&#8211;<\/p>\n<\/td>\n<td align=\"left\" valign=\"middle\" width=\"36.79%\">\n23 Manu S\u00e1nchez <\/td>\n<td valign=\"middle\" align=\"right\" width=\"18.49\"\/>\n<\/tr>\n<tr>\n<td align=\"left\" valign=\"middle\" width=\"36.79%\">\n24 \u00c1lex Moreno <\/td>\n<td valign=\"middle\" align=\"right\" width=\"18.49\"\/>\n<td align=\"left\" valign=\"middle\" width=\"36.79%\">\n24 Carlos \u00c1lvarez 72&#8242;<\/td>\n<td valign=\"middle\" align=\"right\" width=\"18.49\"\/>\n<\/tr>\n<tr>\n<td align=\"left\" valign=\"middle\" width=\"36.79%\">\n10 Y\u00e1ser Asprilla 46&#8242;<\/td>\n<td valign=\"middle\" align=\"right\" width=\"18.49\"\/>\n<td align=\"left\" valign=\"middle\" width=\"36.79%\">\n(15 G. Koyalipou)\n<\/td>\n<td valign=\"middle\" align=\"right\" width=\"18.49\"\/>\n<\/tr>\n<tr>\n<td align=\"left\" valign=\"middle\" width=\"36.79%\">\n(2 Hugo Rinc\u00f3n)\n<\/td>\n<td valign=\"middle\" align=\"right\" width=\"18.49\">\n<p class=\"ficha_confe estrellita\">sc<\/p>\n<\/td>\n<td align=\"left\" valign=\"middle\" width=\"36.79%\">\n12 Unai Vencedor 55&#8242;<\/td>\n<td valign=\"middle\" align=\"right\" width=\"18.49\"\/>\n<\/tr>\n<tr>\n<td align=\"left\" valign=\"middle\" width=\"36.79%\">\n23 Iv\u00e1n Mart\u00edn <\/td>\n<td valign=\"middle\" align=\"right\" width=\"18.49\"\/>\n<td align=\"left\" valign=\"middle\" width=\"36.79%\">\n(8 Olasagasti)\n<\/td>\n<td valign=\"middle\" align=\"right\" width=\"18.49\"\/>\n<\/tr>\n<tr>\n<td align=\"left\" valign=\"middle\" width=\"36.79%\">\n20 Axel Witsel <\/td>\n<td valign=\"middle\" align=\"right\" width=\"18.49\">\n<p class=\"ficha_confe estrellita\">&#8211;<\/p>\n<\/td>\n<td align=\"left\" valign=\"middle\" width=\"36.79%\">\n20 Oriol Rey 71&#8242;<\/td>\n<td valign=\"middle\" align=\"right\" width=\"18.49\">\n<p class=\"ficha_confe estrellita\">&#8211;<\/p>\n<\/td>\n<\/tr>\n<tr>\n<td align=\"left\" valign=\"middle\" width=\"36.79%\">\n18 A. Ounahi 75&#8242;<\/td>\n<td valign=\"middle\" align=\"right\" width=\"18.49\"\/>\n<td align=\"left\" valign=\"middle\" width=\"36.79%\">\n(11 Morales)\n<\/td>\n<td valign=\"middle\" align=\"right\" width=\"18.49\"\/>\n<\/tr>\n<tr>\n<td align=\"left\" valign=\"middle\" width=\"36.79%\">\n(21 Bryan Gil)\n<\/td>\n<td valign=\"middle\" align=\"right\" width=\"18.49\"\/>\n<td align=\"left\" valign=\"middle\" width=\"36.79%\">\n7 Roger Brugu\u00e9 <\/td>\n<td valign=\"middle\" align=\"right\" width=\"18.49\"\/>\n<\/tr>\n<tr>\n<td align=\"left\" valign=\"middle\" width=\"36.79%\">\n19 V. Vanat 53&#8242;<\/td>\n<td valign=\"middle\" align=\"right\" width=\"18.49\"\/>\n<td align=\"left\" valign=\"middle\" width=\"36.79%\">\n21 Etta Eyong 72&#8242;<\/td>\n<td valign=\"middle\" align=\"right\" width=\"18.49\"\/>\n<\/tr>\n<tr>\n<td align=\"left\" valign=\"middle\" width=\"36.79%\">\n(8 Portu)\n<\/td>\n<td valign=\"middle\" align=\"right\" width=\"18.49\"\/>\n<td align=\"left\" valign=\"middle\" width=\"36.79%\">\n(16 K. Arriaga)\n<\/td>\n<td valign=\"middle\" align=\"right\" width=\"18.49\"\/>\n<\/tr>\n<tr>\n<td align=\"left\" valign=\"middle\" width=\"36.79%\">\n3 J. Roca 53&#8242;<\/td>\n<td valign=\"middle\" align=\"right\" width=\"18.49\"\/>\n<td align=\"left\" valign=\"middle\" width=\"36.79%\">\n9 Iv\u00e1n Romero 72&#8242;<\/td>\n<td valign=\"middle\" align=\"right\" width=\"18.49\"\/>\n<\/tr>\n<tr>\n<td align=\"left\" valign=\"middle\" width=\"36.79%\">\n(22 Jhon Sol\u00eds)\n<\/td>\n<td valign=\"middle\" align=\"right\" width=\"18.49\"\/>\n<td align=\"left\" valign=\"middle\" width=\"36.79%\">\n(10 Pablo Mart\u00ednez)\n<\/td>\n<td valign=\"middle\" align=\"right\" width=\"18.49\"\/>\n<\/tr>\n<tr>\n<td align=\"left\" valign=\"middle\" width=\"36.79%\">\n <\/td>\n<td valign=\"middle\" align=\"right\" width=\"18.49\"\/>\n<td align=\"left\" valign=\"middle\" width=\"36.79%\">\n <\/td>\n<td valign=\"middle\" align=\"right\" width=\"18.49\"\/>\n<\/tr>\n<p class=\"negrita\">Goles:(0-1) Etta Eyong (43&#8242;), (0-2) Carlos \u00c1lvarez (49&#8242;), (0-3) Iv\u00e1n Romero (70&#8242;), (0-4) G. Koyalipou (92&#8242;) <\/p>\n<p class=\"negrita\">Tarjetas:L Arnau Mart\u00ednez (8&#8242;), Axel Witsel (18&#8242;), Unai Vencedor (24&#8242;), Carlos \u00c1lvarez (37&#8242;), Manu S\u00e1nchez (57&#8242;), Hugo Rinc\u00f3n (62&#8242;)L Axel Witsel (30&#8242;), Vitor Reis (46&#8242;)<\/p>\n<p class=\"negrita\">\u00c1rbitro: Alejandro Quintero Gonz\u00e1lez<\/p>\n<p class=\"negrita\">Espectadores: 11.048 en el Municipal Montilivi<\/p>\n<tr class=\"lomejor\">\n<td class=\"topo mejor\"\/>\n<td align=\"left\" class=\"comentario\">\nLO MEJOR La primera alegr\u00eda levantinista<\/td>\n<\/tr>\n<tr class=\"lopeor\">\n<td class=\"topo peor\"\/>\n<td align=\"left\" class=\"comentario\">\nLO PEOR El pozo en el que se encuentra el Girona<\/td>\n<\/tr>\n","protected":false},"excerpt":{"rendered":"El Girona cay\u00f3 goleado ante el Levante en un partido con poca emoci\u00f3n tras las expulsiones de Witsel&hellip;\n","protected":false},"author":2,"featured_media":127888,"comment_status":"","ping_status":"","sticky":false,"template":"","format":"standard","meta":{"footnotes":""},"categories":[268],"tags":[168,25,24,280,282,281,23,167],"class_list":{"0":"post-127887","1":"post","2":"type-post","3":"status-publish","4":"format-standard","5":"has-post-thumbnail","7":"category-futbol","8":"tag-deportes","9":"tag-es","10":"tag-espana","11":"tag-football","12":"tag-futbol","13":"tag-soccer","14":"tag-spain","15":"tag-sports"},"share_on_mastodon":{"url":"","error":""},"_links":{"self":[{"href":"https:\/\/www.europesays.com\/es\/wp-json\/wp\/v2\/posts\/127887","targetHints":{"allow":["GET"]}}],"collection":[{"href":"https:\/\/www.europesays.com\/es\/wp-json\/wp\/v2\/posts"}],"about":[{"href":"https:\/\/www.europesays.com\/es\/wp-json\/wp\/v2\/types\/post"}],"author":[{"embeddable":true,"href":"https:\/\/www.europesays.com\/es\/wp-json\/wp\/v2\/users\/2"}],"replies":[{"embeddable":true,"href":"https:\/\/www.europesays.com\/es\/wp-json\/wp\/v2\/comments?post=127887"}],"version-history":[{"count":0,"href":"https:\/\/www.europesays.com\/es\/wp-json\/wp\/v2\/posts\/127887\/revisions"}],"wp:featuredmedia":[{"embeddable":true,"href":"https:\/\/www.europesays.com\/es\/wp-json\/wp\/v2\/media\/127888"}],"wp:attachment":[{"href":"https:\/\/www.europesays.com\/es\/wp-json\/wp\/v2\/media?parent=127887"}],"wp:term":[{"taxonomy":"category","embeddable":true,"href":"https:\/\/www.europesays.com\/es\/wp-json\/wp\/v2\/categories?post=127887"},{"taxonomy":"post_tag","embeddable":true,"href":"https:\/\/www.europesays.com\/es\/wp-json\/wp\/v2\/tags?post=127887"}],"curies":[{"name":"wp","href":"https:\/\/api.w.org\/{rel}","templated":true}]}}