{"id":12789,"date":"2025-07-30T00:00:08","date_gmt":"2025-07-30T00:00:08","guid":{"rendered":"https:\/\/www.europesays.com\/es\/12789\/"},"modified":"2025-07-30T00:00:08","modified_gmt":"2025-07-30T00:00:08","slug":"edgar-chairez-se-perdera-la-noche-de-ufc-por-lesion-en-el-pie","status":"publish","type":"post","link":"https:\/\/www.europesays.com\/es\/12789\/","title":{"rendered":"Edgar Chairez se perder\u00e1 la Noche de UFC por lesi\u00f3n en el pie"},"content":{"rendered":"<p><a href=\"https:\/\/www.record.com.mx\/extremo\" rel=\"nofollow noopener\" target=\"_blank\"><strong>\u00c9dgar Chairez<\/strong><\/a> sufre lesi\u00f3n y queda fuera de <a href=\"https:\/\/www.record.com.mx\/extremo\" rel=\"nofollow noopener\" target=\"_blank\"><strong>Noche UFC<\/strong><\/a>. El m\u00e1ximo representante del americanismo en las artes marciales mixtas no podr\u00e1 estar presente en la gran fiesta que UFC organiza para los mexicanos. \u00c9dgar Ch\u00e1irez se medir\u00eda ante <a href=\"https:\/\/www.record.com.mx\/extremo\" rel=\"nofollow noopener\" target=\"_blank\"><strong>Alessandro Costa<\/strong><\/a>, pero una <strong>fractura lo dejar\u00e1 fuera de acci\u00f3n al menos por un mes.<\/strong><\/p>\n<p>El \u201cCachanilla\u201d, con r\u00e9cord de 12-6 y uno de los peleadores favoritos de la afici\u00f3n tricolor, comparti\u00f3 la noticia a trav\u00e9s de sus redes sociales, \u201c<strong>No voy a estar peleando en Noche UFC<\/strong>. Desafortunadamente me es imposible competir ya que me quebr\u00e9 el pie\u201d, escribi\u00f3. <img loading=\"lazy\" decoding=\"async\" src=\"https:\/\/www.europesays.com\/es\/wp-content\/uploads\/2025\/07\/Gwf0Ib6awAAaxQp.jpg\" data-entity-uuid=\"56f35f82-34e5-415f-bfda-7c2b10ef04c0\" data-entity-type=\"file\" width=\"960\" height=\"1200\" data-caption=\"No se podr\u00e1 llevar a cabo la pelea | X\"\/><\/p>\n<p>No se podr\u00e1 llevar a cabo la pelea | X<\/p>\n<p>Han pasado diez d\u00edas desde que el \u2018Puro Chicali\u2019 sufri\u00f3 la lesi\u00f3n. Aunque intent\u00f3 continuar con su preparaci\u00f3n, confes\u00f3 que ni siquiera puede caminar.<\/p>\n<p>\u201c<strong>Tengo que estar fuera alrededor de un mes, sin apoyar el pie<\/strong>, y ya despu\u00e9s empezar a entrenar. Pero como ya estoy en ritmo, voy a seguir con la dieta\u201d, explic\u00f3. Seg\u00fan revel\u00f3, podr\u00eda regresar al oct\u00e1gono m\u00e1s importante del mundo en octubre, ya sea frente al brasile\u00f1o o contra otro rival.<\/p>\n<p><img loading=\"lazy\" decoding=\"async\" src=\"https:\/\/www.europesays.com\/es\/wp-content\/uploads\/2025\/07\/GHNtnajakAEHKjo.jpg\" data-entity-uuid=\"18bb7c8d-475c-4d79-8f79-b7fac7962b05\" data-entity-type=\"file\" width=\"1200\" height=\"800\" data-caption=\"Sufri\u00f3 una lesi\u00f3n en el pie | X\"\/><\/p>\n<p>Sufri\u00f3 una lesi\u00f3n en el pie | X<\/p>\n<p>El oriundo de Mexicali no est\u00e1 dispuesto a regalar ninguna ventaja, pues ya lo hizo en dos ocasiones y le cost\u00f3 un par de derrotas. Ahora que est\u00e1 encaminado a entrar al ranking de peso mosca, lo tiene claro:<\/p>\n<p>\u201cTengo que recuperarme porque <strong>no le voy a dar ventaja a nadie<\/strong>. Yo quiero ser campe\u00f3n y ya vamos escalando. Ahorita estoy en el mejor punto de mi carrera. Desafortunadamente las lesiones no me han dejado, pero a darle\u201d, concluy\u00f3.<\/p>\n<p><img loading=\"lazy\" decoding=\"async\" src=\"https:\/\/www.europesays.com\/es\/wp-content\/uploads\/2025\/07\/GnX2JI6XwAA-EG8.jpg\" data-entity-uuid=\"c6f157e6-4508-48d4-bf8c-d9359e47df1c\" data-entity-type=\"file\" width=\"1179\" height=\"911\" data-caption=\"Prometi\u00f3 recuperarse | X\"\/><\/p>\n<p>Prometi\u00f3 recuperarse | X<\/p>\n<p><a href=\"https:\/\/www.record.com.mx\/extremo\/illia-topuria-noqueo-charles-olivera-y-es-nuevo-campeon-ligero-de-la-ufc\" rel=\"nofollow noopener\" target=\"_blank\"><strong>TAMBI\u00c9N TE PUEDE INTERESAR: Illia Topuria noque\u00f3 a Charles Olivera y es nuevo Campe\u00f3n Ligero de la UFC<\/strong><\/a><\/p>\n","protected":false},"excerpt":{"rendered":"\u00c9dgar Chairez sufre lesi\u00f3n y queda fuera de Noche UFC. El m\u00e1ximo representante del americanismo en las artes&hellip;\n","protected":false},"author":2,"featured_media":12790,"comment_status":"","ping_status":"","sticky":false,"template":"","format":"standard","meta":{"footnotes":""},"categories":[276],"tags":[4555,168,8867,25,24,8868,23,167,343],"class_list":{"0":"post-12789","1":"post","2":"type-post","3":"status-publish","4":"format-standard","5":"has-post-thumbnail","7":"category-ufc","8":"tag-artes-marciales-mixtas","9":"tag-deportes","10":"tag-edgar-chairez","11":"tag-es","12":"tag-espana","13":"tag-extremo","14":"tag-spain","15":"tag-sports","16":"tag-ufc"},"share_on_mastodon":{"url":"","error":""},"_links":{"self":[{"href":"https:\/\/www.europesays.com\/es\/wp-json\/wp\/v2\/posts\/12789","targetHints":{"allow":["GET"]}}],"collection":[{"href":"https:\/\/www.europesays.com\/es\/wp-json\/wp\/v2\/posts"}],"about":[{"href":"https:\/\/www.europesays.com\/es\/wp-json\/wp\/v2\/types\/post"}],"author":[{"embeddable":true,"href":"https:\/\/www.europesays.com\/es\/wp-json\/wp\/v2\/users\/2"}],"replies":[{"embeddable":true,"href":"https:\/\/www.europesays.com\/es\/wp-json\/wp\/v2\/comments?post=12789"}],"version-history":[{"count":0,"href":"https:\/\/www.europesays.com\/es\/wp-json\/wp\/v2\/posts\/12789\/revisions"}],"wp:featuredmedia":[{"embeddable":true,"href":"https:\/\/www.europesays.com\/es\/wp-json\/wp\/v2\/media\/12790"}],"wp:attachment":[{"href":"https:\/\/www.europesays.com\/es\/wp-json\/wp\/v2\/media?parent=12789"}],"wp:term":[{"taxonomy":"category","embeddable":true,"href":"https:\/\/www.europesays.com\/es\/wp-json\/wp\/v2\/categories?post=12789"},{"taxonomy":"post_tag","embeddable":true,"href":"https:\/\/www.europesays.com\/es\/wp-json\/wp\/v2\/tags?post=12789"}],"curies":[{"name":"wp","href":"https:\/\/api.w.org\/{rel}","templated":true}]}}