{"id":127893,"date":"2025-09-20T18:05:10","date_gmt":"2025-09-20T18:05:10","guid":{"rendered":"https:\/\/www.europesays.com\/es\/127893\/"},"modified":"2025-09-20T18:05:10","modified_gmt":"2025-09-20T18:05:10","slug":"pablo-superbloquea-a-malu-y-rompe-el-deseo-de-esta-talent-me-ha-escocido-mucho","status":"publish","type":"post","link":"https:\/\/www.europesays.com\/es\/127893\/","title":{"rendered":"Pablo superbloquea a Mal\u00fa y rompe el deseo de esta talent: \u201cMe ha escocido mucho\u201d"},"content":{"rendered":"<p><b>Nela <\/b>ha sido la encargada de abrir las<b> Audiciones a ciegas<\/b> de la nueva edici\u00f3n de <b>La Voz<\/b> y su <b><a title=\"actuaci\u00f3n\" href=\"https:\/\/www.antena3.com\/programas\/la-voz\/esta-talent-consigue-primer-pleno-temporada-esto-has-provocado-voz_2025091968cdbd131b05386b62a66231.html\" target=\"_blank\" rel=\"nofollow noopener\">actuaci\u00f3n<\/a><\/b> no ha pasado nada desapercibida. <b>Pablo ha bloqueado a Sebasti\u00e1n Yatra <\/b>durante la actuaci\u00f3n y minutos despu\u00e9s\u2026 <b>\u00a1ha superbloqueado a Mal\u00fa!<\/b><\/p>\n<p>Antes de que la cantante pudiese hablar con la talent,<b> Pablo L\u00f3pez<\/b> ha apretado el bot\u00f3n sin ser visto y ha dejado sin palabras a su compa\u00f1era. <b>\u201cLa justicia existe\u201d<\/b>, ha bromeado <b>Sebasti\u00e1n Yatra<\/b> al ver a su compa\u00f1era en la misma situaci\u00f3n que \u00e9l.<\/p>\n<p>A <b>Pablo <\/b>no le ha quedado m\u00e1s remedio que <b>confesar <\/b>lo que hab\u00eda hecho, pero con lo que no contaba era con que a <b>Nela <\/b>no le hiciera ninguna gracia el superbloqueo de la cantante. <b>\u201cA m\u00ed me encanta Mal\u00fa\u201d<\/b>, le confesaba la talent a Yatra.<\/p>\n<p>\u201cVamos a tener un problema en alg\u00fan momento porque <b>me ha escocido mucho<\/b>\u201d: aseguraba <b>Mal\u00fa <\/b>despu\u00e9s de corroborar que Nela se hubiese ido a su equipo. <b>\u00a1Revive este momentazo en el v\u00eddeo de arriba! <\/b><\/p>\n<p>   <img decoding=\"async\" title=\"Sheila, talent de La Voz 2025\" alt=\"Sheila, talent de La Voz 2025\" width=\"480\" height=\"270\" src=\"https:\/\/www.europesays.com\/es\/wp-content\/uploads\/2025\/09\/sheila-talent-voz-2025_70.jpg\" loading=\"lazy\" class=\"lazy\"\/><\/p>\n","protected":false},"excerpt":{"rendered":"Nela ha sido la encargada de abrir las Audiciones a ciegas de la nueva edici\u00f3n de La Voz&hellip;\n","protected":false},"author":2,"featured_media":127894,"comment_status":"","ping_status":"","sticky":false,"template":"","format":"standard","meta":{"footnotes":""},"categories":[171],"tags":[146,147,25,24,23,214],"class_list":{"0":"post-127893","1":"post","2":"type-post","3":"status-publish","4":"format-standard","5":"has-post-thumbnail","7":"category-tv","8":"tag-entertainment","9":"tag-entretenimiento","10":"tag-es","11":"tag-espana","12":"tag-spain","13":"tag-tv"},"share_on_mastodon":{"url":"","error":""},"_links":{"self":[{"href":"https:\/\/www.europesays.com\/es\/wp-json\/wp\/v2\/posts\/127893","targetHints":{"allow":["GET"]}}],"collection":[{"href":"https:\/\/www.europesays.com\/es\/wp-json\/wp\/v2\/posts"}],"about":[{"href":"https:\/\/www.europesays.com\/es\/wp-json\/wp\/v2\/types\/post"}],"author":[{"embeddable":true,"href":"https:\/\/www.europesays.com\/es\/wp-json\/wp\/v2\/users\/2"}],"replies":[{"embeddable":true,"href":"https:\/\/www.europesays.com\/es\/wp-json\/wp\/v2\/comments?post=127893"}],"version-history":[{"count":0,"href":"https:\/\/www.europesays.com\/es\/wp-json\/wp\/v2\/posts\/127893\/revisions"}],"wp:featuredmedia":[{"embeddable":true,"href":"https:\/\/www.europesays.com\/es\/wp-json\/wp\/v2\/media\/127894"}],"wp:attachment":[{"href":"https:\/\/www.europesays.com\/es\/wp-json\/wp\/v2\/media?parent=127893"}],"wp:term":[{"taxonomy":"category","embeddable":true,"href":"https:\/\/www.europesays.com\/es\/wp-json\/wp\/v2\/categories?post=127893"},{"taxonomy":"post_tag","embeddable":true,"href":"https:\/\/www.europesays.com\/es\/wp-json\/wp\/v2\/tags?post=127893"}],"curies":[{"name":"wp","href":"https:\/\/api.w.org\/{rel}","templated":true}]}}