{"id":127911,"date":"2025-09-20T18:16:20","date_gmt":"2025-09-20T18:16:20","guid":{"rendered":"https:\/\/www.europesays.com\/es\/127911\/"},"modified":"2025-09-20T18:16:20","modified_gmt":"2025-09-20T18:16:20","slug":"el-angel-nieto-un-castillo-que-vuelve-a-abrir-sus-puertas-para-acoger-el-estreno-liguero-del-balonmano-zamora","status":"publish","type":"post","link":"https:\/\/www.europesays.com\/es\/127911\/","title":{"rendered":"El \u00c1ngel Nieto, un castillo que vuelve a abrir sus puertas para acoger el estreno liguero del Balonmano Zamora"},"content":{"rendered":"<p class=\"paragraph-atom &#10;        A-500-300-700-N A-550-300-700-N--md  \"><strong>El \u00c1ngel Nieto vuelve a vestirse de gala para recibir a uno de sus equipos, a uno de sus hijos predilectos.<\/strong> El Balonmano Zamora disputa este s\u00e1bado, a las 20:00 horas, el primer encuentro de la temporada en casa, en ese castillo que esperan que nadie pueda trepar ni asaltar. Tras sumar su primer triunfo ante el Cl\u00ednicas Maravillas, los Guerreros de Viriato se enfrentan a un viejo conocido al que le tienen bien tomada la medida: el Astander Astillero. Su \u00faltima visita al pabell\u00f3n zamorano se sald\u00f3 con una contundente victoria local por 42-23.<\/p>\n<p class=\"paragraph-atom &#10;        A-500-300-700-N A-550-300-700-N--md  \">\u201cEl Astillero es un equipo muy f\u00edsico, con centrales defensivos fuertes y un jugador determinante como Rub\u00e9n Carbajal, que destaca por su gran calidad t\u00e9cnica y su comprensi\u00f3n del juego. Est\u00e1 bien acompa\u00f1ado por un pivote y dos laterales que se mueven muy bien al espacio y tienen buen lanzamiento exterior. Se han reforzado bien, vienen de ganar con solvencia en la primera jornada y eso los convierte en un rival peligroso\u201d, explic\u00f3 F\u00e9lix Moj\u00f3n en la previa del partido.<\/p>\n<p class=\"paragraph-atom &#10;        A-500-300-700-N A-550-300-700-N--md  \">Sobre lo que espera del choque, el t\u00e9cnico pistacho lo tiene claro: le gusta el v\u00e9rtigo. \u201cQuiero llevar el partido a nuestro terreno, que tenga mucho ritmo y velocidad. Ellos hacen cambios ataque-defensa, as\u00ed que espero que sufran ah\u00ed, o que al menos lleguen tarde y que la pelota circule muy r\u00e1pido\u201d, sostuvo. Adem\u00e1s, subray\u00f3 la importancia de atar en corto a Rub\u00e9n, el pivote del conjunto c\u00e1ntabro.<\/p>\n","protected":false},"excerpt":{"rendered":"El \u00c1ngel Nieto vuelve a vestirse de gala para recibir a uno de sus equipos, a uno de&hellip;\n","protected":false},"author":2,"featured_media":127912,"comment_status":"","ping_status":"","sticky":false,"template":"","format":"standard","meta":{"footnotes":""},"categories":[278],"tags":[3360,2594,376,3101,168,25,24,375,3881,23,167,739],"class_list":{"0":"post-127911","1":"post","2":"type-post","3":"status-publish","4":"format-standard","5":"has-post-thumbnail","7":"category-balonmano","8":"tag-abrir","9":"tag-angel","10":"tag-balonmano","11":"tag-castillo","12":"tag-deportes","13":"tag-es","14":"tag-espana","15":"tag-handball","16":"tag-nieto","17":"tag-spain","18":"tag-sports","19":"tag-vuelve"},"share_on_mastodon":{"url":"","error":""},"_links":{"self":[{"href":"https:\/\/www.europesays.com\/es\/wp-json\/wp\/v2\/posts\/127911","targetHints":{"allow":["GET"]}}],"collection":[{"href":"https:\/\/www.europesays.com\/es\/wp-json\/wp\/v2\/posts"}],"about":[{"href":"https:\/\/www.europesays.com\/es\/wp-json\/wp\/v2\/types\/post"}],"author":[{"embeddable":true,"href":"https:\/\/www.europesays.com\/es\/wp-json\/wp\/v2\/users\/2"}],"replies":[{"embeddable":true,"href":"https:\/\/www.europesays.com\/es\/wp-json\/wp\/v2\/comments?post=127911"}],"version-history":[{"count":0,"href":"https:\/\/www.europesays.com\/es\/wp-json\/wp\/v2\/posts\/127911\/revisions"}],"wp:featuredmedia":[{"embeddable":true,"href":"https:\/\/www.europesays.com\/es\/wp-json\/wp\/v2\/media\/127912"}],"wp:attachment":[{"href":"https:\/\/www.europesays.com\/es\/wp-json\/wp\/v2\/media?parent=127911"}],"wp:term":[{"taxonomy":"category","embeddable":true,"href":"https:\/\/www.europesays.com\/es\/wp-json\/wp\/v2\/categories?post=127911"},{"taxonomy":"post_tag","embeddable":true,"href":"https:\/\/www.europesays.com\/es\/wp-json\/wp\/v2\/tags?post=127911"}],"curies":[{"name":"wp","href":"https:\/\/api.w.org\/{rel}","templated":true}]}}