{"id":127915,"date":"2025-09-20T18:20:11","date_gmt":"2025-09-20T18:20:11","guid":{"rendered":"https:\/\/www.europesays.com\/es\/127915\/"},"modified":"2025-09-20T18:20:11","modified_gmt":"2025-09-20T18:20:11","slug":"la-alicantina-charo-esquiva-disputara-la-final-europea-sub-18","status":"publish","type":"post","link":"https:\/\/www.europesays.com\/es\/127915\/","title":{"rendered":"La alicantina Charo Esquiva disputar\u00e1 la final europea sub-18"},"content":{"rendered":"<p class=\"ft-text ft-helper-closenews\">La tenista alicantina <strong>Charo Esquiva<\/strong> se ha clasificado este s\u00e1bado por la ma\u00f1ana para la final del <strong>Campeonato de Europa sub-18<\/strong> que se est\u00e1 disputando esta semana en la localidad austriaca de Oberpullendorf, al derrotar en semifinales, sin excesivos problemas, a la sueca Linea Bajraliu.<\/p>\n<p class=\"ft-text\">La joven deportista de Bigastro, patrocinada por <a class=\"ft-link ft-link--decoration\" href=\"https:\/\/www.informacion.es\/tags\/tm-grupo-inmobiliario\/\" rel=\"nofollow noopener\" target=\"_blank\">TM Grupo Inmobiliario<\/a>, se ha impuesto en dos sets, por 6-2 y 6-4, en una hora y 18 de minutos de duelo que se decant\u00f3 a su favor tras una primera manga en la que fue muy superior a su oponente y un segundo set en el que supo administrar en el tramo decisivo un break favorable.<\/p>\n<p class=\"ft-text\">Esquiva, que viene de ser <a class=\"ft-link ft-link--decoration\" href=\"https:\/\/www.informacion.es\/deportes\/2025\/09\/05\/alicantina-charo-esquiva-debuta-victoria-121139921.html\" target=\"_blank\" rel=\"nofollow noopener\">cuartofinalista j\u00fanior en el US Open<\/a>, tanto en individuales como en dobles, se enfrentar\u00e1 este domingo por el t\u00edtulo continental a la tambi\u00e9n sueca Nellie Taraba Wallberg, que arroll\u00f3 en su semifinal a la alemana Sonja Zhenikhova (6-0 y 6-1).<\/p>\n<p>Derrota en dobles<\/p>\n<p class=\"ft-text\">La alicantina y Taraba Wallberg se conocen bien, ya que sin ir m\u00e1s lejos formaron pareja de dobles en el mencionado US Open. Curiosamente, en este Europeo sub-18 ya se han enfrentado en esta misma modalidad, en la que la sueca result\u00f3 vencedora junto a la \u00faltima v\u00edctima de Esquiva, que form\u00f3 d\u00fao con Gabriela Paun. Las espa\u00f1olas cedieron en cuartos de final por 6-4 y 6-3.<\/p>\n<p><img decoding=\"async\" src=\"https:\/\/www.europesays.com\/es\/wp-content\/uploads\/2025\/09\/f62813d0-5ec7-40b4-bff0-460b79dc5ccf_alta-libre-aspect-ratio_default_0.jpg\" width=\"1200\" height=\"1801\" alt=\"Charo Esquiva realiza un servicio\" class=\"ft-helper-img-rd\" loading=\"lazy\" hasdataaida=\"true\"\/><\/p>\n<p class=\"ft-helper-fontColor-quaternary ft-helper-fontSize-body-S ft-helper-spacer-t-xxs\">Charo Esquiva realiza un servicio  \/ Tennis Europe<\/p>\n<p class=\"ft-text\">Hasta el momento, Esquiva lleva un torneo inmaculado, en el que part\u00eda como primera cabeza de serie: estuvo exenta de jugar la primera ronda, gan\u00f3 a la suiza Sarina Schnyder en segunda ronda por 6-1 y 7-5, a la polaca Amelia Paszun en octavos por 6-3 y 6-1, a la checa Hejmanek en cuartos por 6-3 y 7-6 y a Bajraliu en semifinales, tambi\u00e9n sin ceder ni un set.<\/p>\n<p data-close=\"closedContent\" class=\"subscribeHideForDisplay\">Suscr\u00edbete para seguir leyendo<\/p>\n","protected":false},"excerpt":{"rendered":"La tenista alicantina Charo Esquiva se ha clasificado este s\u00e1bado por la ma\u00f1ana para la final del Campeonato&hellip;\n","protected":false},"author":2,"featured_media":127916,"comment_status":"","ping_status":"","sticky":false,"template":"","format":"standard","meta":{"footnotes":""},"categories":[274],"tags":[22702,33876,33878,634,168,7222,25,24,33877,1058,23,167,327,326],"class_list":{"0":"post-127915","1":"post","2":"type-post","3":"status-publish","4":"format-standard","5":"has-post-thumbnail","7":"category-tenis","8":"tag-alicantina","9":"tag-charo","10":"tag-charo-esquiva","11":"tag-deporte","12":"tag-deportes","13":"tag-disputara","14":"tag-es","15":"tag-espana","16":"tag-esquiva","17":"tag-final","18":"tag-spain","19":"tag-sports","20":"tag-tenis","21":"tag-tennis"},"share_on_mastodon":{"url":"","error":""},"_links":{"self":[{"href":"https:\/\/www.europesays.com\/es\/wp-json\/wp\/v2\/posts\/127915","targetHints":{"allow":["GET"]}}],"collection":[{"href":"https:\/\/www.europesays.com\/es\/wp-json\/wp\/v2\/posts"}],"about":[{"href":"https:\/\/www.europesays.com\/es\/wp-json\/wp\/v2\/types\/post"}],"author":[{"embeddable":true,"href":"https:\/\/www.europesays.com\/es\/wp-json\/wp\/v2\/users\/2"}],"replies":[{"embeddable":true,"href":"https:\/\/www.europesays.com\/es\/wp-json\/wp\/v2\/comments?post=127915"}],"version-history":[{"count":0,"href":"https:\/\/www.europesays.com\/es\/wp-json\/wp\/v2\/posts\/127915\/revisions"}],"wp:featuredmedia":[{"embeddable":true,"href":"https:\/\/www.europesays.com\/es\/wp-json\/wp\/v2\/media\/127916"}],"wp:attachment":[{"href":"https:\/\/www.europesays.com\/es\/wp-json\/wp\/v2\/media?parent=127915"}],"wp:term":[{"taxonomy":"category","embeddable":true,"href":"https:\/\/www.europesays.com\/es\/wp-json\/wp\/v2\/categories?post=127915"},{"taxonomy":"post_tag","embeddable":true,"href":"https:\/\/www.europesays.com\/es\/wp-json\/wp\/v2\/tags?post=127915"}],"curies":[{"name":"wp","href":"https:\/\/api.w.org\/{rel}","templated":true}]}}