{"id":127925,"date":"2025-09-20T18:25:12","date_gmt":"2025-09-20T18:25:12","guid":{"rendered":"https:\/\/www.europesays.com\/es\/127925\/"},"modified":"2025-09-20T18:25:12","modified_gmt":"2025-09-20T18:25:12","slug":"es-el-unico-fallo-que-yo-le-puedo-poner","status":"publish","type":"post","link":"https:\/\/www.europesays.com\/es\/127925\/","title":{"rendered":"\u201cEs el \u00fanico fallo que yo le puedo poner\u201d"},"content":{"rendered":"<p>Los concursantes de \u2018Supervivientes All Stars 2\u2019 est\u00e1n sufriendo bastante en Honduras. Esta edici\u00f3n es mucho m\u00e1s extrema que las habituales, ya que las condiciones climatol\u00f3gicas suelen ser m\u00e1s adversas en esta \u00e9poca del a\u00f1o. Pero ello no quita que los participantes lo sigan dando todo para permanecer el mayor tiempo posible en el reality. Por ello, <a href=\"https:\/\/www.lecturas.com\/television\/rocio-flores-contundente-durante-la-llamada-en-la-que-ortega-cano-ha-dado-informacion-del-exterior-a-gloria-camila_181457\" rel=\"nofollow noopener\" target=\"_blank\">las nominaciones a veces no sientan del todo bien<\/a>, como la que ha sufrido esta semana Gloria Camila. Su sobrina <strong>Roc\u00edo Flores ha querido pronunciarse<\/strong> a este respecto.<\/p>\n<p>Cada semana los supervivientes tienen que decir adi\u00f3s a uno de sus compa\u00f1eros. En esta ocasi\u00f3n no hay segundas oportunidades, ya que el expulsado regresa inmediatamente a nuestro pa\u00eds. A pesar de la dureza de la experiencia, ninguno de ellos quiere coger su saco y abandonar la Palapa. Por ello, lo dan todo en las pruebas de l\u00edder para tratar de no salir nominados y as\u00ed <strong>permanecer el mayor tiempo posible<\/strong> en los Cayos Cochinos e intentar llegar a la final del reality.<\/p>\n<p>Defensa a su t\u00eda<\/p>\n<p>El pasado jueves los participantes se enfrentaron a una nueva gala y como es habitual todo lo que conlleva la misma. Tras la expulsi\u00f3n de Elena Rodr\u00edguez, los nuevos nominados son Adara Molinero, Fani Carbajo, Jessica Bueno y Gloria Camila. La hija de Jos\u00e9 Ortega Cano vuelve a repetir como nominada, ya que en la primera semana fue Alejandro Albal\u00e1 quien la nomin\u00f3 de manera directa, teniendo<strong> un cruce de acusaciones <\/strong>al no esper\u00e1rselo por la relaci\u00f3n que tienen fuera del concurso.<\/p>\n<p>Aunque esta semana ha sido Iv\u00e1n Gonz\u00e1lez, el l\u00edder de su playa, quien ha nominado a la hija de Roc\u00edo Jurado, en el plat\u00f3 de \u2018\u00a1De viernes!\u2019 han querido recordar ese momento de hace unas semanas cuando hablaban tanto de las nominaciones como del que fuera pareja de Isa Pantoja. Adem\u00e1s, en el plat\u00f3 de Telecinco hab\u00eda <strong>dos presencias para defender a ambos concursantes:<\/strong> por un lado, Roc\u00edo Flores por parte de Gloria Camila y, por otro, Paz, madre de Alejandro Abal\u00e1.<\/p>\n<p><img loading=\"lazy\" decoding=\"async\"   src=\"https:\/\/www.europesays.com\/es\/wp-content\/uploads\/2025\/09\/rocio-flores_e7655337_250920183906_1200x670.webp.webp\" alt=\"Roc\u00edo Flores\" class=\"lazyload\" width=\"1200\" height=\"670\" data-aspectratio=\"1200\/670\"\/>&#13;Telecinco<br \/>\n<img decoding=\"async\" src=\"https:\/\/www.europesays.com\/es\/wp-content\/uploads\/2025\/09\/ana-maria-aldon-no-usar_420bfb70_250919123247_800x800.webp.webp\" alt=\"Ana Maria Aldon NO USAR\" class=\"image lazyload\"\/><img loading=\"lazy\" decoding=\"async\" src=\"https:\/\/www.europesays.com\/es\/wp-content\/uploads\/2025\/09\/ana-maria-aldon-no-usar_420bfb70_250919123257_1280x720.webp.webp\" alt=\"As\u00ed se sincer\u00f3 Ana Mar\u00eda Ald\u00f3n en la revista Lecturas: \u201cMe quise quitar de en medio por culpa de mi familia pol\u00edtico&quot;\" class=\"image lazyload\" width=\"1280\" height=\"720\" data-aspectratio=\"1280\/720\"\/><\/p>\n<p>De hecho, algunos de los colaboradores se\u00f1alaban no saber por el camino que va Alejandro, algo que Roc\u00edo ha querido aclarar y dirigirse de manera directa a la madre del superviviente. \u201cMira Paz, con todo el respeto y el cari\u00f1o del mundo que sabes que te tengo y te lo he dicho antes fuera lo del tema de las nominaciones. S\u00ed que es cierto que aunque sea l\u00edcito que nomine a Gloria, <strong>al menos podr\u00eda haber sido claro<\/strong> y decirle \u2018mira Gloria te nomino de manera estrat\u00e9gica\u2019 y, sin embargo, se qued\u00f3 callado y no lo ha dicho\u201d, explicaba la hija de Roc\u00edo Carrasco.<\/p>\n<p>Pero iba m\u00e1s all\u00e1 en su argumentaci\u00f3n para que se pudiera entender su malestar ante esta situaci\u00f3n que no se esperaba para nada. \u201cEse es el \u00fanico fallo que yo le puedo poner, a que teniendo una relaci\u00f3n fuera de amistad o de colegueo no haya sido capaz de dec\u00edrselo. <strong>Por eso Gloria est\u00e1 tan molesta con \u00e9l<\/strong>, no por la nominaci\u00f3n, si no por no hab\u00e9rselo dicho\u201d, sentenciaba la sobrina de la concursante. De este modo, pon\u00eda de manifiesto que fuera del reality han coincidido en numerosas ocasiones y de ah\u00ed su sorpresa.<\/p>\n<p><img decoding=\"async\" src=\"https:\/\/www.europesays.com\/es\/wp-content\/uploads\/2025\/09\/ana-maria-aldon_52e0902d_250920120259_800x800.webp.webp\" alt=\"Ana Mar\u00eda Ald\u00f3n\" class=\"image lazyload\"\/><img loading=\"lazy\" decoding=\"async\" src=\"https:\/\/www.europesays.com\/es\/wp-content\/uploads\/2025\/09\/ana-maria-aldon_52e0902d_250920120302_1280x720.webp.webp\" alt=\"Ana Mar\u00eda Ald\u00f3n, tajante sobre si Ortega Cano est\u00e1 capacitado para ejercer de abuelo de la hija de Michu y Jos\u00e9 Fernando: &quot;No me cabe la m\u00e1s m\u00ednima duda&quot;\" class=\"image lazyload\" width=\"1280\" height=\"720\" data-aspectratio=\"1280\/720\"\/><\/p>\n<p>No obstante, ha habido respuestas de todo tipo en el plat\u00f3 de Telecinco, aunque la gran mayor\u00eda de ellos han aplaudido las palabras de <strong>Roc\u00edo en defensa de su t\u00eda<\/strong> para su permanencia en Honduras. Si te apuntas a la newsletter de \u2018Supervivientes All Stars 2\u2019 cada viernes recibir\u00e1s en tu bandeja de entrada un bolet\u00edn con lo m\u00e1s destacado de la gala de los jueves. Solo tienes que apuntarte en <a href=\"https:\/\/www.lecturas.com\/newsletters\" rel=\"nofollow noopener\" target=\"_blank\">este enlace<\/a>.<\/p>\n<p>La defensa de la madre de Albal\u00e1<\/p>\n<p>La primera que ha tomado la palabra ha sido la madre de Alejandro. \u201cPor eso le dijo que perdona pero has pasado por mi mente\u201d, justificaba Paz en defensa de su hijo. \u201c<strong>Alejandro y Gloria han estado junto en Chipiona<\/strong>, se conocen las familias&#8230; teniendo a Jessica, lo m\u00e1s normal es que no le nomine\u201d, a\u00f1ad\u00eda Olga Moreno que declaraba haber estado presente en alguno de estos encuentros entre los dos participantes.<\/p>\n<p>Aunque la madre de Albal\u00e1 no ha querido ofrecer m\u00e1s explicaciones que las anteriores, Marta Pe\u00f1ate ha dejado claro que no quiere que el hijo de Paz contin\u00fae en los Cayos Cochinos. \u201c<strong>Yo en un concurso quiero gente real<\/strong>. T\u00fa no puedes decir nomino a Gloria Camila pero no dices por qu\u00e9\u201d, se\u00f1alaba la ganadora de la primera edici\u00f3n de leyendas del reality de supervivencia sobre esta tesitura.<\/p>\n","protected":false},"excerpt":{"rendered":"Los concursantes de \u2018Supervivientes All Stars 2\u2019 est\u00e1n sufriendo bastante en Honduras. Esta edici\u00f3n es mucho m\u00e1s extrema&hellip;\n","protected":false},"author":2,"featured_media":127926,"comment_status":"","ping_status":"","sticky":false,"template":"","format":"standard","meta":{"footnotes":""},"categories":[174],"tags":[255,146,147,25,24,256,23],"class_list":{"0":"post-127925","1":"post","2":"type-post","3":"status-publish","4":"format-standard","5":"has-post-thumbnail","7":"category-famosos","8":"tag-celebrities","9":"tag-entertainment","10":"tag-entretenimiento","11":"tag-es","12":"tag-espana","13":"tag-famosos","14":"tag-spain"},"share_on_mastodon":{"url":"","error":""},"_links":{"self":[{"href":"https:\/\/www.europesays.com\/es\/wp-json\/wp\/v2\/posts\/127925","targetHints":{"allow":["GET"]}}],"collection":[{"href":"https:\/\/www.europesays.com\/es\/wp-json\/wp\/v2\/posts"}],"about":[{"href":"https:\/\/www.europesays.com\/es\/wp-json\/wp\/v2\/types\/post"}],"author":[{"embeddable":true,"href":"https:\/\/www.europesays.com\/es\/wp-json\/wp\/v2\/users\/2"}],"replies":[{"embeddable":true,"href":"https:\/\/www.europesays.com\/es\/wp-json\/wp\/v2\/comments?post=127925"}],"version-history":[{"count":0,"href":"https:\/\/www.europesays.com\/es\/wp-json\/wp\/v2\/posts\/127925\/revisions"}],"wp:featuredmedia":[{"embeddable":true,"href":"https:\/\/www.europesays.com\/es\/wp-json\/wp\/v2\/media\/127926"}],"wp:attachment":[{"href":"https:\/\/www.europesays.com\/es\/wp-json\/wp\/v2\/media?parent=127925"}],"wp:term":[{"taxonomy":"category","embeddable":true,"href":"https:\/\/www.europesays.com\/es\/wp-json\/wp\/v2\/categories?post=127925"},{"taxonomy":"post_tag","embeddable":true,"href":"https:\/\/www.europesays.com\/es\/wp-json\/wp\/v2\/tags?post=127925"}],"curies":[{"name":"wp","href":"https:\/\/api.w.org\/{rel}","templated":true}]}}