{"id":127935,"date":"2025-09-20T18:33:06","date_gmt":"2025-09-20T18:33:06","guid":{"rendered":"https:\/\/www.europesays.com\/es\/127935\/"},"modified":"2025-09-20T18:33:06","modified_gmt":"2025-09-20T18:33:06","slug":"belleza-y-cine-se-unen-en-la-cena-de-vanity-fair-x-armani-beauty-en-el-festival-de-cine-san-sebastian","status":"publish","type":"post","link":"https:\/\/www.europesays.com\/es\/127935\/","title":{"rendered":"Belleza y cine se unen en la cena de Vanity Fair x Armani beauty en el Festival de cine San Sebasti\u00e1n"},"content":{"rendered":"<p>Las estrellas no paran de llegar al <strong>Festival Internacional de cine de San Sebasti\u00e1n<\/strong>, que este a\u00f1o ha celebrado su 73\u00aa edici\u00f3n con una fiesta por todo lo alto: la cena de gala organizada por <strong>Vanity Fair x Armani beauty en Tabakalera<\/strong>. Cine, talento y glamour se dieron la mano para recibir a invitados del universo del cine, la moda y la belleza, el arte y el panorama social en una noche de esas en las que se generan recuerdos para toda la vida.<\/p>\n<p>\u00a9 Ux\u00edo Da Vila<\/p>\n<p>De Miguel \u00c1ngel Silvestre, Eugenia Silva, Laura Ponte o Andr\u00e9s Velencoso a Silvia Abascal, pasando por Zoe Bonafonte, Greta Fern\u00e1ndez, Clara Galle, Clara Lago, \u00c1lvaro Morte, Julio Pe\u00f1a, Ingrid Garc\u00eda-Johnsson, Diego Mart\u00edn, Chacha Huang, Alfonso Bassave, Loreto Maule\u00f3n, Marta Nieto, Manuela Velasco, Fernando Guallar, Marina Guerola, Mar\u00eda Herv\u00e1s, Dafne Fern\u00e1ndez, Mar\u00eda Romanillos, Andrea, Duro, George Steane, Luc\u00eda Jim\u00e9nez, Carlos Serrano, Jorge L\u00f3pez, Iv\u00e1n S\u00e1nchez, Irene Esser, Mar\u00eda Pombo, Luc\u00eda Rivera, Roc\u00edo Crusset, Oriol Elcacho, Davinia Pelegrini, Pau Ramis, Xavi Serrano, Godeliv Van Den Brandt, Clara Mas o Fernando Llorente. Todos pudieron disfrutar de un c\u00f3ctel y una cena con el sello de las deliciosas creaciones de Basque Culinary Center junto a los mejores maridajes.<\/p>\n<p>Silvia Abascal\u00a9 Cecilia \u00c1lvarez<\/p>\n<p>Greta Fern\u00e1ndez\u00a9 Cecilia \u00c1lvarez<\/p>\n<p>Este a\u00f1o, adem\u00e1s, la cita era doblemente especial, pues la velada no dej\u00f3 pasar la oportunidad de homenajear la figura del eterno Giorgio Armani. Seg\u00fan <strong>Alberto Moreno, Head of Editorial Content de Vanity Fair Espa\u00f1a<\/strong>, \u201cArmani no era s\u00f3lo sin\u00f3nimo de estilo y elegancia, sino que era un estilo de vida en s\u00ed mismo. En una de mis vertientes profesionales, que es la de profesor, me toca explicar a veces qu\u00e9 es eso del lifestyle, y la mejor definici\u00f3n que he encontrado hasta la fecha es la gu\u00eda para disfrutar de una vida bien vivida. La idea que tengo yo de Armani era ese estilo perpetuado en el cine mediante alter egos como Richard Gere, Jessica Chastain, Kevin Costner, Sean Connery, Jodie Foster o Brad Pitt. \u2018A menudo me he preguntado c\u00f3mo habr\u00eda sido mi vida sin la gran pantalla&#8230; Sin duda, no habr\u00eda sido ni el hombre ni el dise\u00f1ador que soy hoy. Para m\u00ed, el cine no solo fue una gran pasi\u00f3n que se prolong\u00f3 desde mi infancia hasta la edad adulta, sino una fuente constante de ideas e inspiraci\u00f3n a la que recurr\u00ed a lo largo de los a\u00f1os y que contribuy\u00f3 a la creaci\u00f3n de mi est\u00e9tica\u2019, nos reconoci\u00f3 por correo electr\u00f3nico en la \u00faltima entrevista que nos concedi\u00f3\u201d.<\/p>\n<p>\u00a9 Cecilia \u00c1lvarez<\/p>\n<p>\u00a9 Cecilia \u00c1lvarez<\/p>\n<p>Laura Ponte.\u00a9 Ux\u00edo Da Vila<\/p>\n<p>Con esta cita tan deseada, Armani beauty y Vanity Fair han vuelto a demostrar c\u00f3mo contin\u00faan transitando ese camino de eventos internacionales que definen el panorama cinematogr\u00e1fico internacional. La colaboraci\u00f3n entre ambas en esta ocasi\u00f3n, refuerza a\u00fan m\u00e1s ese lazo con la industria cinematogr\u00e1fica. Este dueto de cine y belleza no podr\u00eda gustarnos m\u00e1s.<\/p>\n<p>Roc\u00edo Crusset\u00a9 Cecilia \u00c1lvarez<\/p>\n<p>Mar\u00eda Pombo\u00a9 Cecilia \u00c1lvarez<\/p>\n","protected":false},"excerpt":{"rendered":"Las estrellas no paran de llegar al Festival Internacional de cine de San Sebasti\u00e1n, que este a\u00f1o ha&hellip;\n","protected":false},"author":2,"featured_media":127936,"comment_status":"","ping_status":"","sticky":false,"template":"","format":"standard","meta":{"footnotes":""},"categories":[91],"tags":[146,147,25,24,23,35838],"class_list":{"0":"post-127935","1":"post","2":"type-post","3":"status-publish","4":"format-standard","5":"has-post-thumbnail","7":"category-entretenimiento","8":"tag-entertainment","9":"tag-entretenimiento","10":"tag-es","11":"tag-espana","12":"tag-spain","13":"tag-vanity-fair"},"share_on_mastodon":{"url":"","error":""},"_links":{"self":[{"href":"https:\/\/www.europesays.com\/es\/wp-json\/wp\/v2\/posts\/127935","targetHints":{"allow":["GET"]}}],"collection":[{"href":"https:\/\/www.europesays.com\/es\/wp-json\/wp\/v2\/posts"}],"about":[{"href":"https:\/\/www.europesays.com\/es\/wp-json\/wp\/v2\/types\/post"}],"author":[{"embeddable":true,"href":"https:\/\/www.europesays.com\/es\/wp-json\/wp\/v2\/users\/2"}],"replies":[{"embeddable":true,"href":"https:\/\/www.europesays.com\/es\/wp-json\/wp\/v2\/comments?post=127935"}],"version-history":[{"count":0,"href":"https:\/\/www.europesays.com\/es\/wp-json\/wp\/v2\/posts\/127935\/revisions"}],"wp:featuredmedia":[{"embeddable":true,"href":"https:\/\/www.europesays.com\/es\/wp-json\/wp\/v2\/media\/127936"}],"wp:attachment":[{"href":"https:\/\/www.europesays.com\/es\/wp-json\/wp\/v2\/media?parent=127935"}],"wp:term":[{"taxonomy":"category","embeddable":true,"href":"https:\/\/www.europesays.com\/es\/wp-json\/wp\/v2\/categories?post=127935"},{"taxonomy":"post_tag","embeddable":true,"href":"https:\/\/www.europesays.com\/es\/wp-json\/wp\/v2\/tags?post=127935"}],"curies":[{"name":"wp","href":"https:\/\/api.w.org\/{rel}","templated":true}]}}