{"id":127940,"date":"2025-09-20T18:36:08","date_gmt":"2025-09-20T18:36:08","guid":{"rendered":"https:\/\/www.europesays.com\/es\/127940\/"},"modified":"2025-09-20T18:36:08","modified_gmt":"2025-09-20T18:36:08","slug":"los-pilotos-rusos-que-sobrevolaron-estonia-ignoraron-las-senales-de-advertencia-de-la-otan","status":"publish","type":"post","link":"https:\/\/www.europesays.com\/es\/127940\/","title":{"rendered":"Los pilotos rusos que sobrevolaron Estonia ignoraron las se\u00f1ales de advertencia de la OTAN"},"content":{"rendered":"<p>\n  Por&amp;nbsp<b>euronews<\/b>&amp;nbspcon&amp;nbsp<b>AP<\/b>\n<\/p>\n<p>\n         Publicado<br \/>\n            20\/09\/2025 &#8211; 19:25 CEST\n            <\/p>\n<p>          <img decoding=\"async\" class=\"c-ad__placeholder__logo\" src=\"https:\/\/static.euronews.com\/website\/images\/logos\/logo-euronews-stacked-outlined-72x72-grey-9.svg\" width=\"72\" height=\"72\" alt=\"\" loading=\"lazy\"\/><br \/>\n          PUBLICIDAD<\/p>\n<p>Al parecer, los tres cazas rusos que <a href=\"https:\/\/es.euronews.com\/2025\/09\/19\/aviones-de-combate-rusos-violan-el-espacio-aereo-de-estonia\" rel=\"nofollow noopener\" target=\"_blank\"><strong>penetraron el viernes en el espacio a\u00e9reo de Estonia<\/strong><\/a>, miembro de la OTAN, <strong>hicieron caso omiso de las advertencias de los pilotos italianos<\/strong> que respond\u00edan a la misi\u00f3n de Polic\u00eda a\u00e9rea de la OTAN en el B\u00e1ltico.<\/p>\n<p><strong>Los MIG-31 rusos entraron en el espacio a\u00e9reo estonio entre las 9:58 y las 10:10 hora local del viernes<\/strong> en la zona de Vaindloo, una peque\u00f1a isla situada en el golfo de Finlandia, en el mar B\u00e1ltico, inform\u00f3 el Ej\u00e9rcito estonio. Seg\u00fan un comunicado del Ministerio, se trata de la cuarta violaci\u00f3n del espacio a\u00e9reo por parte de Rusia en lo que va de a\u00f1o.<\/p>\n<p>La incursi\u00f3n de 12 minutos fue la \u00faltima prueba de la capacidad de la alianza para responder a las amenazas a\u00e9reas rusas, despu\u00e9s de que unos 20 drones rusos <a href=\"https:\/\/es.euronews.com\/2025\/09\/10\/polonia-activa-el-articulo-4-de-la-otan-para-consultar-a-sus-aliados-tras-la-violacion-rus\" rel=\"nofollow noopener\" target=\"_blank\"><strong>entraran en el espacio a\u00e9reo polaco el 10 de septiembre.<\/strong><\/a><\/p>\n<p><strong>El Ministerio de Defensa ruso neg\u00f3 el s\u00e1bado que sus aviones hubieran entrado en el espacio a\u00e9reo estonio<\/strong>, despu\u00e9s de que Tallin denunciara que tres cazas rusos hab\u00edan cruzado su territorio sin autorizaci\u00f3n. Las autoridades estonias rechazaron las acusaciones de Rusia, afirmando que la violaci\u00f3n fue confirmada por radar y contacto visual, y sugirieron que podr\u00eda tratarse de una t\u00e1ctica para desviar los recursos occidentales de Ucrania.<\/p>\n<p>Todav\u00eda <strong>\u00abhay que confirmar\u00bb si la violaci\u00f3n de la frontera fue deliberada o no<\/strong>, declar\u00f3 a Associated Press el coronel Ants Kiviselg, comandante del Centro de Inteligencia Militar de Estonia.<\/p>\n<p>Pero aunque reconocieron la comunicaci\u00f3n de <strong>los pilotos italianos que pilotaban cazas F-35, al parecer la ignoraron y \u00abno siguieron las se\u00f1ales\u00bb<\/strong>, raz\u00f3n en parte por la que permanecieron tanto tiempo en el espacio a\u00e9reo estonio, a\u00f1adi\u00f3 Kiviselg. \u00abLos cazas rusos deb\u00edan saber que estaban en el espacio a\u00e9reo (estonio)\u00bb, a\u00f1adi\u00f3.<\/p>\n<p>Seg\u00fan Kiviselg, <strong>los pilotos rusos no supon\u00edan una \u00abamenaza militar\u00bb inmediata<\/strong>, pero se pregunt\u00f3 por qu\u00e9 no hicieron caso de las se\u00f1ales de los pilotos de la OTAN. \u00abPodr\u00eda ser un gran problema\u00bb, concluy\u00f3.<\/p>\n<p>Se dirig\u00edan a Kaliningrado<\/p>\n<p>Los jets rusos partieron de un aer\u00f3dromo cercano a la ciudad de Petrozavodsk, en el noroeste de Rusia, y se dirig\u00edan a Kaliningrado, el enclave ruso en el mar B\u00e1ltico, situado entre Lituania y Polonia. <strong>Su ruta fue rastreada por dos cazas finlandeses antes de ser escoltados por dos aviones italianos<\/strong> que despegaron de la base a\u00e9rea de \u00c4mari (Estonia) y los siguieron hasta el espacio a\u00e9reo internacional, explic\u00f3 Kiviselg.<\/p>\n<p>Margus Tsahkna, ministro de Asuntos Exteriores de Estonia, declar\u00f3 a AP que el incidente era \u00abuna violaci\u00f3n muy grave del espacio a\u00e9reo de la OTAN\u00bb. La \u00faltima vez que el espacio a\u00e9reo de Estonia fue violado durante tanto tiempo fue en 2003, dijo, \u00abjusto antes de que Estonia se uniera a la OTAN\u00bb.<\/p>\n<p>El Gobierno estonio respondi\u00f3 diciendo que solicitar\u00eda consultas <strong>en virtud del art\u00edculo 4 del tratado de la OTAN<\/strong>, que permite a un miembro consultar formalmente con sus aliados siempre que su integridad territorial, independencia pol\u00edtica o seguridad se vean amenazadas. <a href=\"https:\/\/es.euronews.com\/2025\/09\/15\/polonia-derriba-un-dron-que-sobrevolaba-edificios-gubernamentales-en-varsovia\" rel=\"nofollow noopener\" target=\"_blank\">Polonia tambi\u00e9n recurri\u00f3 a este mecanismo despu\u00e9s de que su espacio a\u00e9reo fuera violado por drones rusos<\/a> y la OTAN lanzara posteriormente su misi\u00f3n Eastern Sentry para reforzar las defensas a lo largo de su frontera oriental.<\/p>\n<p>En un post en X, el ministro lituano de Defensa, Dovil\u0117 \u0160akalien\u0117, sugiri\u00f3 que <strong>Turqu\u00eda<\/strong>, miembro de la OTAN, \u00abdio ejemplo\u00bb de c\u00f3mo responder a este tipo de incidentes en 2015, cuando <strong>derrib\u00f3 un caza ruso que viol\u00f3 su espacio a\u00e9reo durante unos 17 segundos<\/strong>.<\/p>\n<p>Pero <strong>esa situaci\u00f3n era \u00abtotalmente diferente\u00bb<\/strong>, dijo Hanno Pevkur, ministro de Defensa de Estonia, a\u00f1adiendo que \u00ablos rusos en realidad mataron a turcos\u00bb cuando Mosc\u00fa utiliz\u00f3 aviones de combate para atacar lo que afirmaba eran grupos militantes cerca de la frontera siria con Turqu\u00eda.<\/p>\n<p>Durante el incidente del viernes, Estonia y sus aliados observaron la <strong>ruta de los aviones rusos, la comunicaci\u00f3n y reacci\u00f3n de los pilotos<\/strong>, as\u00ed como los sistemas de armamento que llevaban, y estaban \u00abmuy seguros de que no hab\u00eda necesidad de derribarlos\u00bb, dijo Pevkur.<\/p>\n<p>Las autoridades estonias afirmaron el s\u00e1bado que <strong>no hab\u00eda necesidad de activar el Art\u00edculo 5, la cl\u00e1usula de defensa colectiva de la OTAN<\/strong>, a pesar de las repetidas violaciones por parte de aviones y drones rusos, as\u00ed como de las acusaciones de funcionarios occidentales de que Mosc\u00fa est\u00e1 librando una guerra h\u00edbrida contra Occidente, que incluye una campa\u00f1a de sabotaje, ciberataques y operaciones de influencia.<\/p>\n<p>Radares e identificaci\u00f3n visual<\/p>\n<p>En un comunicado online publicado el s\u00e1bado, <strong>el Ministerio de Defensa ruso afirm\u00f3 que sus cazas permanec\u00edan en aguas neutrales del mar B\u00e1ltico<\/strong>, a m\u00e1s de 3 kil\u00f3metros (1,8 millas) de la isla de Vaindloo. Seg\u00fan el comunicado, los tres cazas MiG-31 \u00abcompletaron un vuelo programado desde Carelia a un aer\u00f3dromo de la regi\u00f3n de Kaliningrado\u00bb y \u00abno violaron las fronteras de otros Estados\u00bb.<\/p>\n<p>Pevkur rechaz\u00f3 la afirmaci\u00f3n, afirmando que Estonia y sus aliados de la OTAN disponen de <strong>\u00abm\u00faltiples\u00bb sistemas de radar e identificaci\u00f3n visual que confirman que los jets rusos entraron en el espacio a\u00e9reo del pa\u00eds<\/strong>. Sugiri\u00f3 que la \u00abcausa principal\u00bb de las violaciones a\u00e9reas, la guerra h\u00edbrida y los ciberataques era distraer la atenci\u00f3n occidental de Ucrania.<\/p>\n<p>Mosc\u00fa, dijo Pevkur, puede estar tratando de provocar a los pa\u00edses de la OTAN para que env\u00eden recursos adicionales de defensa a\u00e9rea a Estonia, con la esperanza de que los aliados de Kiev hagan m\u00e1s \u00abpor nuestra propia defensa\u00bb y menos para apoyar a Kiev.<\/p>\n","protected":false},"excerpt":{"rendered":"Por&amp;nbspeuronews&amp;nbspcon&amp;nbspAP Publicado 20\/09\/2025 &#8211; 19:25 CEST PUBLICIDAD Al parecer, los tres cazas rusos que penetraron el viernes en&hellip;\n","protected":false},"author":2,"featured_media":127941,"comment_status":"","ping_status":"","sticky":false,"template":"","format":"standard","meta":{"footnotes":""},"categories":[42],"tags":[17,18,14552,13,14,11,61,62,63,64,628,19,20,9,10,15,16,1613,1614,12,21,22,65,66,67],"class_list":{"0":"post-127940","1":"post","2":"type-post","3":"status-publish","4":"format-standard","5":"has-post-thumbnail","7":"category-internacional","8":"tag-breaking-news","9":"tag-breakingnews","10":"tag-estonia","11":"tag-featured-news","12":"tag-featurednews","13":"tag-headlines","14":"tag-internacional","15":"tag-international","16":"tag-international-news","17":"tag-internationalnews","18":"tag-italia","19":"tag-latest-news","20":"tag-latestnews","21":"tag-news","22":"tag-noticias","23":"tag-noticias-destacadas","24":"tag-noticiasdestacadas","25":"tag-otan","26":"tag-rusia","27":"tag-titulares","28":"tag-ultimas-noticias","29":"tag-ultimasnoticias","30":"tag-world","31":"tag-world-news","32":"tag-worldnews"},"share_on_mastodon":{"url":"","error":""},"_links":{"self":[{"href":"https:\/\/www.europesays.com\/es\/wp-json\/wp\/v2\/posts\/127940","targetHints":{"allow":["GET"]}}],"collection":[{"href":"https:\/\/www.europesays.com\/es\/wp-json\/wp\/v2\/posts"}],"about":[{"href":"https:\/\/www.europesays.com\/es\/wp-json\/wp\/v2\/types\/post"}],"author":[{"embeddable":true,"href":"https:\/\/www.europesays.com\/es\/wp-json\/wp\/v2\/users\/2"}],"replies":[{"embeddable":true,"href":"https:\/\/www.europesays.com\/es\/wp-json\/wp\/v2\/comments?post=127940"}],"version-history":[{"count":0,"href":"https:\/\/www.europesays.com\/es\/wp-json\/wp\/v2\/posts\/127940\/revisions"}],"wp:featuredmedia":[{"embeddable":true,"href":"https:\/\/www.europesays.com\/es\/wp-json\/wp\/v2\/media\/127941"}],"wp:attachment":[{"href":"https:\/\/www.europesays.com\/es\/wp-json\/wp\/v2\/media?parent=127940"}],"wp:term":[{"taxonomy":"category","embeddable":true,"href":"https:\/\/www.europesays.com\/es\/wp-json\/wp\/v2\/categories?post=127940"},{"taxonomy":"post_tag","embeddable":true,"href":"https:\/\/www.europesays.com\/es\/wp-json\/wp\/v2\/tags?post=127940"}],"curies":[{"name":"wp","href":"https:\/\/api.w.org\/{rel}","templated":true}]}}