{"id":127944,"date":"2025-09-20T18:38:12","date_gmt":"2025-09-20T18:38:12","guid":{"rendered":"https:\/\/www.europesays.com\/es\/127944\/"},"modified":"2025-09-20T18:38:12","modified_gmt":"2025-09-20T18:38:12","slug":"desalojan-la-terminal-2-del-aeropuerto-de-dublin-como-medida-de-seguridad","status":"publish","type":"post","link":"https:\/\/www.europesays.com\/es\/127944\/","title":{"rendered":"Desalojan la Terminal 2 del aeropuerto de Dubl\u00edn como \u00abmedida de seguridad\u00bb"},"content":{"rendered":"<p>20\/09\/2025<br \/>\n<br \/><strong><br \/>\nActualizado a las 15:35h.<br \/>\n<\/strong><\/p>\n<p class=\"voc-p\" style=\"\">La Terminal 2 del <strong>aeropuerto de Dubl\u00edn <\/strong>ha sido <strong>evacuada <\/strong>este s\u00e1bado como <strong>\u00abmedida de seguridad\u00bb<\/strong>, seg\u00fan ha informado el aeropuerto en una publicaci\u00f3n en X. Como consecuencia, han indicado, \u00ablas operaciones de vuelo podr\u00edan verse afectadas temporalmente\u00bb. <\/p>\n<p class=\"voc-p\" style=\"\">\u00abLa <strong>seguridad de los pasajeros y del personal <\/strong>es nuestra m\u00e1xima prioridad\u00bb, ha informado el aeropuerto de Dubl\u00edn en X, sin dar m\u00e1s detalles sobre el motivo del desalojo.<\/p>\n<p class=\"voc-p\" style=\"\">En este sentido, se ha pedido a los pasajeros \u00abseguir al personal hasta los puntos de reuni\u00f3n\u00bb y consultar con las aerol\u00edneas para obtener las \u00faltimas actualizaciones. El acceso de veh\u00edculos al aeropuerto est\u00e1 <strong>restringido<\/strong>. <\/p>\n<blockquote class=\"twitter-tweet\">\n<p lang=\"en\" dir=\"ltr\">(1\/2) Terminal 2 at Dublin Airport has been evacuated this morning as a safety precaution. Passenger and staff safety is our top priority. Anyone at the airport should follow staff to assembly points. Flight operations may be temporarily impacted. <a href=\"https:\/\/t.co\/nuMoc7OeCZ\" rel=\"nofollow\">pic.twitter.com\/nuMoc7OeCZ<\/a><\/p>\n<p>\u2014 Dublin Airport (@DublinAirport) <a href=\"https:\/\/twitter.com\/DublinAirport\/status\/1969360176642760792?ref_src=twsrc%5Etfw\" rel=\"nofollow noopener\" target=\"_blank\">September 20, 2025<\/a><\/p><\/blockquote>\n<p class=\"voc-p\" style=\"\">Tal y como ha informado el peri\u00f3dico Irish Examiner, la evacuaci\u00f3n se habr\u00eda producido tras hallar un <strong>\u00abobjeto sospechoso\u00bb en los esc\u00e1neres de seguridad<\/strong> de la Terminal 2. Las autoridades policiales ya habr\u00edan identificado al propietario del equipaje.<\/p>\n<p class=\"voc-p\" style=\"\">Seg\u00fan se\u00f1ala el citado medio, el escuadr\u00f3n de artificieros del Ej\u00e9rcito se dirige al aeropuerto, al igual que la <strong>unidad antiterrorista<\/strong>, que act\u00faa de forma rutinaria en este tipo de alertas.<\/p>\n<p class=\"voc-p\" style=\"\">En<strong> redes sociales<\/strong>, varios usuarios han compartido <strong>v\u00eddeos <\/strong>en los que se puede ver a cientos de pasajeros desalojando la terminal del aeropuerto.<\/p>\n<p class=\"voc-p\" style=\"\">El aeropuerto de Dubl\u00edn ha informado en una nueva publicaci\u00f3n que \u00abun <strong>problema de software<\/strong> a nivel europeo est\u00e1 provocando que algunas aerol\u00edneas utilicen la facturaci\u00f3n y el embarque manuales\u00bb. Sin embargo, no vincula ambos incidentes.<\/p>\n<blockquote class=\"twitter-tweet\" data-width=\"550\">\n<p lang=\"en\" dir=\"ltr\">(1\/2) \ud83d\udea8 Update 13:50: Dublin Airport confirms Terminal 2 has received the all-clear. Passengers will shortly re-enter &amp; flights are expected to resume within 30 mins.<\/p>\n<p>Some temporary disruption may continue during the remainder of the day &#8211; check with your airline for updates. <a href=\"\u00abhttps:\/\/t.co\/FToKBPillk\u00bb\">pic.twitter.com\/FToKBPillk<\/a><\/p>\n<p>\u2014 Dublin Airport (@DublinAirport) <a href=\"\u00abhttps:\/\/twitter.com\/DublinAirport\/status\/1969385358514069839?ref_src=twsrc%5Etfw\u00bb\">September 20, 2025<\/a><\/p><\/blockquote>\n<p class=\"voc-p\" style=\"\">Tras varios minutos de tensi\u00f3n la cuenta oficial del aeropuerto de Dubl\u00edn ha comunicado que \u00abla Terminal 2 ha recibido el visto bueno. Los pasajeros <strong>volver\u00e1n a entrar en breve <\/strong>y se espera que los vuelos se reanuden en 30 minutos\u00bb. Aunque ha revelado que es posible \u00abque contin\u00faen algunas interrupciones temporales durante el resto del d\u00eda: consulte con su aerol\u00ednea para obtener actualizaciones\u00bb.<\/p>\n<p>Reportar un error<\/p>\n<p><script async src=\"https:\/\/platform.twitter.com\/widgets.js\" charset=\"utf-8\"><\/script><\/p>\n","protected":false},"excerpt":{"rendered":"20\/09\/2025 Actualizado a las 15:35h. La Terminal 2 del aeropuerto de Dubl\u00edn ha sido evacuada este s\u00e1bado como&hellip;\n","protected":false},"author":2,"featured_media":127945,"comment_status":"","ping_status":"","sticky":false,"template":"","format":"standard","meta":{"footnotes":""},"categories":[5],"tags":[7351,17,18,18322,41361,25,24,13,14,11,19,20,9,10,15,16,23,12,21,22],"class_list":{"0":"post-127944","1":"post","2":"type-post","3":"status-publish","4":"format-standard","5":"has-post-thumbnail","7":"category-titulares","8":"tag-aeropuerto","9":"tag-breaking-news","10":"tag-breakingnews","11":"tag-desalojan","12":"tag-dublin","13":"tag-es","14":"tag-espana","15":"tag-featured-news","16":"tag-featurednews","17":"tag-headlines","18":"tag-latest-news","19":"tag-latestnews","20":"tag-news","21":"tag-noticias","22":"tag-noticias-destacadas","23":"tag-noticiasdestacadas","24":"tag-spain","25":"tag-titulares","26":"tag-ultimas-noticias","27":"tag-ultimasnoticias"},"share_on_mastodon":{"url":"","error":""},"_links":{"self":[{"href":"https:\/\/www.europesays.com\/es\/wp-json\/wp\/v2\/posts\/127944","targetHints":{"allow":["GET"]}}],"collection":[{"href":"https:\/\/www.europesays.com\/es\/wp-json\/wp\/v2\/posts"}],"about":[{"href":"https:\/\/www.europesays.com\/es\/wp-json\/wp\/v2\/types\/post"}],"author":[{"embeddable":true,"href":"https:\/\/www.europesays.com\/es\/wp-json\/wp\/v2\/users\/2"}],"replies":[{"embeddable":true,"href":"https:\/\/www.europesays.com\/es\/wp-json\/wp\/v2\/comments?post=127944"}],"version-history":[{"count":0,"href":"https:\/\/www.europesays.com\/es\/wp-json\/wp\/v2\/posts\/127944\/revisions"}],"wp:featuredmedia":[{"embeddable":true,"href":"https:\/\/www.europesays.com\/es\/wp-json\/wp\/v2\/media\/127945"}],"wp:attachment":[{"href":"https:\/\/www.europesays.com\/es\/wp-json\/wp\/v2\/media?parent=127944"}],"wp:term":[{"taxonomy":"category","embeddable":true,"href":"https:\/\/www.europesays.com\/es\/wp-json\/wp\/v2\/categories?post=127944"},{"taxonomy":"post_tag","embeddable":true,"href":"https:\/\/www.europesays.com\/es\/wp-json\/wp\/v2\/tags?post=127944"}],"curies":[{"name":"wp","href":"https:\/\/api.w.org\/{rel}","templated":true}]}}