{"id":127952,"date":"2025-09-20T18:44:08","date_gmt":"2025-09-20T18:44:08","guid":{"rendered":"https:\/\/www.europesays.com\/es\/127952\/"},"modified":"2025-09-20T18:44:08","modified_gmt":"2025-09-20T18:44:08","slug":"ivan-romeo-inaugura-para-espana-el-cuestionado-mundial-de-ciclismo-de-ruanda-ciclismo-deportes","status":"publish","type":"post","link":"https:\/\/www.europesays.com\/es\/127952\/","title":{"rendered":"Iv\u00e1n Romeo inaugura para Espa\u00f1a el cuestionado Mundial de ciclismo de Ruanda | Ciclismo | Deportes"},"content":{"rendered":"<p class=\"\">A m\u00e1s de 1.500 metros sobre el nivel del mar, las calles de Kigali, capital de Ruanda, contienen la respiraci\u00f3n a escasas horas de albergar el primer Mundial de ciclismo en el continente africano. All\u00ed, junto a la frontera con la Rep\u00fablica Democr\u00e1tica del Congo, donde el grupo rebelde M23 ha dejado cerca de 7.000 muertos apoyado por el gobierno ruand\u00e9s, la Uni\u00f3n Ciclista Internacional (UCI) engalana entre fuertes medidas de seguridad una cita para la que se llegaron a barajar varias sedes alternativas. No hizo falta recurrir al plan B seg\u00fan la UCI, a quien el Parlamento Europeo pidi\u00f3 cancelar la cita a comienzos de a\u00f1o. Un a\u00f1o despu\u00e9s del Mundial de Z\u00farich, donde <a href=\"https:\/\/elpais.com\/deportes\/ciclismo\/2024-09-27\/fallece-muriel-furrer-la-ciclista-suiza-de-18-anos-que-sufrio-una-grave-caida-en-el-mundial.html\" target=\"_self\" rel=\"nofollow noopener\" title=\"https:\/\/elpais.com\/deportes\/ciclismo\/2024-09-27\/fallece-muriel-furrer-la-ciclista-suiza-de-18-anos-que-sufrio-una-grave-caida-en-el-mundial.html\">la muerte de la joven ciclista suiza Muriel Furrer<\/a> ensombreci\u00f3 cualquier arco\u00edris, el \u00f3rgano presidido por David Lappartient se prepara para su particular fiesta anual.<\/p>\n<p class=\"\">Acompa\u00f1a, en lo estrictamente deportivo, el regreso a una contrarreloj mundialista de <a href=\"https:\/\/elpais.com\/deportes\/ciclismo\/2025-07-27\/tadej-pogacar-gana-el-tour-de-francia-de-la-madurez.html\" target=\"_self\" rel=\"nofollow noopener\" title=\"https:\/\/elpais.com\/deportes\/ciclismo\/2025-07-27\/tadej-pogacar-gana-el-tour-de-francia-de-la-madurez.html\">Tadej Pogacar<\/a>, quien quit\u00f3 carbonilla el fin de semana pasado en Canad\u00e1 tras algo m\u00e1s de mes y medio sin competir tras enfundarse el cuarto maillot amarillo en los Campos El\u00edseos. En un terreno empolvado y repleto de repechos, el esloveno amenaza el impert\u00e9rrito reinado de Remco Evenepoel, campe\u00f3n ol\u00edmpico en la modalidad, arco\u00edris en las dos \u00faltimas ediciones (2023 y 2024) y podio, como m\u00ednimo, en todas sus participaciones hasta la fecha.<\/p>\n<p class=\"\">Para combatir la potencia del peque\u00f1o Can\u00edbal, as\u00ed como los fort\u00edsimos zapatazos de Jay Vine, Isaac del Toro o Stefan K\u00fcng, el seleccionador espa\u00f1ol, Alejandro Valverde, ha llamado a filas a dos j\u00f3venes, Iv\u00e1n Romeo y Ra\u00fal Garc\u00eda Pierna, <a href=\"https:\/\/elpais.com\/deportes\/ciclismo\/2025-09-01\/movistar-frena-la-fuga-de-jovenes-talentos-con-la-creacion-de-un-equipo-filial-que-ya-toma-forma.html\" target=\"_self\" rel=\"nofollow noopener\" title=\"https:\/\/elpais.com\/deportes\/ciclismo\/2025-09-01\/movistar-frena-la-fuga-de-jovenes-talentos-con-la-creacion-de-un-equipo-filial-que-ya-toma-forma.html\">presente y futuro del equipo Movistar<\/a>. <\/p>\n<p class=\"\">El vallisoletano, 22 a\u00f1os y campe\u00f3n del mundo sub-23 hace un a\u00f1o en Z\u00farich, viaj\u00f3 a Kigali el pasado domingo junto a su padre Roberto, con quien ha tratado de memorizar esta semana cada recoveco de los 40 kil\u00f3metros y 758 metros de desnivel de la contrarreloj mundialista (diez kil\u00f3metros m\u00e1s y el doble de desnivel acumulado que el recorrido de Z\u00farich). Desde la distancia observan Alexis Gand\u00eda, su entrenador en el Movistar, e Iv\u00e1n Velasco, el cerebro detr\u00e1s del mete\u00f3rico progreso de los telef\u00f3nicos en las pruebas contra el tiempo.<\/p>\n<p class=\"\">La de este domingo (13.45, Teledeporte) no ser\u00e1, sin embargo, la \u00fanica cita de Romeo en una semana de lo m\u00e1s cargada en Ruanda. Si nada se tuerce, tras el gran objetivo individual de la temporada, el pucelano formar\u00e1 parte del relevo mixto espa\u00f1ol junto a Garc\u00eda Pierna, <a href=\"https:\/\/elpais.com\/deportes\/ciclismo\/2024-09-26\/una-gran-pajara-nubla-el-mundial-del-junior-hector-alvarez.html\" target=\"_self\" rel=\"nofollow noopener\" title=\"https:\/\/elpais.com\/deportes\/ciclismo\/2024-09-26\/una-gran-pajara-nubla-el-mundial-del-junior-hector-alvarez.html\">H\u00e9ctor \u00c1lvarez<\/a>, Mireia Benito, Paula Blasi y Usoa Ostolaza. La prueba, creada en 2019 y sin grandes recuerdos para Espa\u00f1a, cuyo mejor resultado es el noveno puesto de la pasada edici\u00f3n, divide el recorrido en dos bloques: las tres ciclistas de cada selecci\u00f3n no podr\u00e1n arrancar hasta que sus tres compa\u00f1eros no hayan cruzado la l\u00ednea de meta. Superado el experimento, Romeo, como Garc\u00eda Pierna, ser\u00e1 clave en el verdadero plato fuerte del Mundial de Ruanda: la prueba en l\u00ednea del domingo 28. Su temporada, en cualquier caso, no terminar\u00e1 en \u00c1frica. Tras el Mundial, Romeo representar\u00e1 a Espa\u00f1a en los Europeos de comienzos de octubre y viajar\u00e1 despu\u00e9s con su equipo a las cl\u00e1sicas oto\u00f1ales de Italia.<\/p>\n<p class=\"\">No obstante, antes de retar el domingo 28 al indomable <a href=\"https:\/\/elpais.com\/deportes\/ciclismo\/2024-09-29\/tadej-pogacar-conquista-en-solitario-el-mundial-de-ciclismo-de-zurich.html\" target=\"_self\" rel=\"nofollow noopener\" title=\"https:\/\/elpais.com\/deportes\/ciclismo\/2024-09-29\/tadej-pogacar-conquista-en-solitario-el-mundial-de-ciclismo-de-zurich.html\">Pogacar, maillot arco\u00edris en Z\u00farich tras un ataque a 100 kil\u00f3metros de meta<\/a>, los otros seis integrantes de la ruta espa\u00f1ola \u2014Ayuso, Verona, Soler, Adri\u00e0, Canal y Balderstone\u2014 se concentran este domingo en Navacerrada, al norte de Madrid, donde dormir\u00e1n tres noches a la misma altitud que en Kigali antes de volar a la capital ruandesa el mi\u00e9rcoles 24. All\u00ed se espera que todo el peso recaiga sobre los hombros de Juan Ayuso, debilidad confesa de Valverde desde que asumi\u00f3 el cargo de seleccionador. El alicantino, sin embargo, no termina de verse en las mejores condiciones para asaltar el arco\u00edris <a href=\"https:\/\/elpais.com\/deportes\/ciclismo\/2025-09-02\/juan-ayuso-sobre-su-salida-del-uae-son-muchas-faltas-de-respeto-quieren-danar-mi-imagen.html\" target=\"_self\" rel=\"nofollow noopener\" title=\"https:\/\/elpais.com\/deportes\/ciclismo\/2025-09-02\/juan-ayuso-sobre-su-salida-del-uae-son-muchas-faltas-de-respeto-quieren-danar-mi-imagen.html\">despu\u00e9s de un verano convulso<\/a> en el que la llamada a \u00faltima hora del UAE para disputar la Vuelta le dej\u00f3 sin opciones de preparar el Mundial en altitud. No es balad\u00ed, habida cuenta de los 267,5 kil\u00f3metros y casi 6.000 metros de desnivel de la prueba en l\u00ednea (domingo 28, a partir de las 9.45; Teledeporte) que amenazan con triturar los esfuerzos de todos los favoritos.<\/p>\n<p>Gema Pascual, confiada<\/p>\n<p class=\"\">En Ruanda, Espa\u00f1a tambi\u00e9n contar\u00e1 con varias corredoras dispuestas a dar pasos de gigante para recortar la distancia con las cotas alcanzadas el pasado a\u00f1o por Grace Brown (contrarreloj) y Lotte Kopecky (ruta). La belga no defender\u00e1 reinado en Kigali para buscar un \u201creseteo mental\u201d, algo que abre el abanico de posibilidades y, por qu\u00e9 no, incrementa las opciones en la prueba en l\u00ednea (s\u00e1bado 27, a partir de las 12.05; Teledeporte) de <a href=\"https:\/\/elpais.com\/deportes\/2022-07-24\/mavi-garcia-a-veces-pienso-que-soy-la-peor-luego-lo-supero.html\" target=\"_self\" rel=\"nofollow noopener\" title=\"https:\/\/elpais.com\/deportes\/2022-07-24\/mavi-garcia-a-veces-pienso-que-soy-la-peor-luego-lo-supero.html\">Mavi Garc\u00eda<\/a>, ganadora este a\u00f1o de una etapa en el Tour de Francia. Adem\u00e1s de la mallorquina, la seleccionadora nacional, Gema Pascual, tambi\u00e9n ha citado para la ocasi\u00f3n a Mireia Benito, Usoa Ostolaza, Sara Mart\u00edn, Ane Santesteban y Alicia Gonz\u00e1lez. Junto a ellas, aunque a\u00fan en categor\u00edas inferiores, <a href=\"https:\/\/elpais.com\/deportes\/ciclismo\/2024-09-26\/paula-ostiz-taco-gana-la-medalla-de-plata-en-el-mundial-de-ciclismo-junior.html\" target=\"_self\" rel=\"nofollow noopener\" title=\"https:\/\/elpais.com\/deportes\/ciclismo\/2024-09-26\/paula-ostiz-taco-gana-la-medalla-de-plata-en-el-mundial-de-ciclismo-junior.html\">la prometedora Paula Ostiz<\/a>, plata en el Mundial j\u00fanior de 2024, eleva las opciones de Espa\u00f1a en la cuestionada cita de Kigali.<\/p>\n","protected":false},"excerpt":{"rendered":"A m\u00e1s de 1.500 metros sobre el nivel del mar, las calles de Kigali, capital de Ruanda, contienen&hellip;\n","protected":false},"author":2,"featured_media":127953,"comment_status":"","ping_status":"","sticky":false,"template":"","format":"standard","meta":{"footnotes":""},"categories":[273],"tags":[16347,2839,313,2838,1540,312,168,25,24,7461,20135,41363,549,41364,7618,41365,25063,23,167],"class_list":{"0":"post-127952","1":"post","2":"type-post","3":"status-publish","4":"format-standard","5":"has-post-thumbnail","7":"category-ciclismo","8":"tag-alejandro-valverde","9":"tag-carreras-ciclistas","10":"tag-ciclismo","11":"tag-ciclistas","12":"tag-competiciones","13":"tag-cycling","14":"tag-deportes","15":"tag-es","16":"tag-espana","17":"tag-ivan-romeo","18":"tag-mundial-ciclismo","19":"tag-mundial-ciclismo-en-ruta","20":"tag-pogacar","21":"tag-raul-garcia-pierna","22":"tag-remco-evenepoel","23":"tag-rfec","24":"tag-ruanda","25":"tag-spain","26":"tag-sports"},"share_on_mastodon":{"url":"","error":""},"_links":{"self":[{"href":"https:\/\/www.europesays.com\/es\/wp-json\/wp\/v2\/posts\/127952","targetHints":{"allow":["GET"]}}],"collection":[{"href":"https:\/\/www.europesays.com\/es\/wp-json\/wp\/v2\/posts"}],"about":[{"href":"https:\/\/www.europesays.com\/es\/wp-json\/wp\/v2\/types\/post"}],"author":[{"embeddable":true,"href":"https:\/\/www.europesays.com\/es\/wp-json\/wp\/v2\/users\/2"}],"replies":[{"embeddable":true,"href":"https:\/\/www.europesays.com\/es\/wp-json\/wp\/v2\/comments?post=127952"}],"version-history":[{"count":0,"href":"https:\/\/www.europesays.com\/es\/wp-json\/wp\/v2\/posts\/127952\/revisions"}],"wp:featuredmedia":[{"embeddable":true,"href":"https:\/\/www.europesays.com\/es\/wp-json\/wp\/v2\/media\/127953"}],"wp:attachment":[{"href":"https:\/\/www.europesays.com\/es\/wp-json\/wp\/v2\/media?parent=127952"}],"wp:term":[{"taxonomy":"category","embeddable":true,"href":"https:\/\/www.europesays.com\/es\/wp-json\/wp\/v2\/categories?post=127952"},{"taxonomy":"post_tag","embeddable":true,"href":"https:\/\/www.europesays.com\/es\/wp-json\/wp\/v2\/tags?post=127952"}],"curies":[{"name":"wp","href":"https:\/\/api.w.org\/{rel}","templated":true}]}}