{"id":127954,"date":"2025-09-20T18:45:10","date_gmt":"2025-09-20T18:45:10","guid":{"rendered":"https:\/\/www.europesays.com\/es\/127954\/"},"modified":"2025-09-20T18:45:10","modified_gmt":"2025-09-20T18:45:10","slug":"la-fia-descalifica-al-haas-f1-de-esteban-ocon-en-el-gp-de-azerbaiyan-y-beneficia-a-alex-albon-y-pierre-gasly","status":"publish","type":"post","link":"https:\/\/www.europesays.com\/es\/127954\/","title":{"rendered":"La FIA descalifica al Haas F1 de Esteban Ocon en el GP de Azerbaiy\u00e1n, y beneficia a Alex Albon y Pierre Gasly"},"content":{"rendered":"<p data-journey-content=\"true\" data-node-id=\"3\" class=\"css-6wxqfj emevuu60\">La clasificaci\u00f3n del GP de Azerbaiy\u00e1n ha presenciado la mayor cantidad de banderas rojas de toda la historia, hasta seis en total. Tres de ellas fueron provocadas durante la Q1, con Alex Albon, Nico H\u00fclkenberg y Franco Colapinto como protagonistas, pero ah\u00ed no quedar\u00eda la cosa. En Q2, Oliver Bearman tambi\u00e9n sufrir\u00eda un accidente, mientras que en Q3 ser\u00eda Charles Leclerc y Oscar Piastri los que tambi\u00e9n terminar\u00edan contra el muro. <\/p>\n<p>Esteban Ocon, descalificado por la FIA<\/p>\n<p data-journey-content=\"true\" data-node-id=\"7\" class=\"css-6wxqfj emevuu60\">M\u00e1s all\u00e1 de los accidentes en pista, los comisarios anotaron una serie de incidentes relacionados con infracciones <strong data-node-id=\"7.1\">en periodos de bandera amarilla o doble bandera amarilla, <a href=\"https:\/\/www.caranddriver.com\/es\/formula-1\/a67976921\/carlos-sainz-roza-pole-historica-williams-gp-azerbaiyan-f1-seis-banderas-rojas-baku\/\" target=\"_blank\" data-vars-ga-outbound-link=\"https:\/\/www.caranddriver.com\/es\/formula-1\/a67976921\/carlos-sainz-roza-pole-historica-williams-gp-azerbaiyan-f1-seis-banderas-rojas-baku\/\" data-vars-ga-ux-element=\"Hyperlink\" data-vars-ga-call-to-action=\"aunque poco despu\u00e9s terminar\u00edan en nada\" data-node-id=\"7.1.1\" class=\"body-link css-168zq96 emevuu60\" rel=\"nofollow noopener\">aunque poco despu\u00e9s terminar\u00edan en nada<\/a>,<\/strong> como fue el caso de Andrea Kimi Antonelli o el de Oscar Piastri durante la jornada del viernes. Sin embargo, uno de los motivos por los que la FIA ha sido estricto a lo largo de la temporada han sido las pruebas en los monoplazas, que en caso de no cumplir la normativa, se descalificaban de la sesi\u00f3n. <\/p>\n<p data-journey-content=\"true\" data-node-id=\"9\" class=\"css-6wxqfj emevuu60\">Eso es lo que les ocurri\u00f3 <a href=\"https:\/\/www.caranddriver.com\/es\/formula-1\/a64263029\/gloria-infierno-fia-descalifica-ferrari-lewis-hamilton-charles-leclerc-gp-china\/\" target=\"_blank\" data-vars-ga-outbound-link=\"https:\/\/www.caranddriver.com\/es\/formula-1\/a64263029\/gloria-infierno-fia-descalifica-ferrari-lewis-hamilton-charles-leclerc-gp-china\/\" data-vars-ga-ux-element=\"Hyperlink\" data-vars-ga-call-to-action=\"a ambos Ferrari durante el GP de China\" data-node-id=\"9.1\" class=\"body-link css-168zq96 emevuu60\" rel=\"nofollow noopener\">a ambos Ferrari durante el GP de China<\/a>, por no llegar al peso m\u00ednimo en el caso de Charles Leclerc o de no llegar a la longitud requerida en lo referente a la tabla del SF-25 de Lewis Hamilton. Pues bien, tras la clasificaci\u00f3n del GP de Azerbaiy\u00e1n, <strong data-node-id=\"9.3\">la FIA detect\u00f3 que el Haas F1 de Esteban Ocon no superaba las pruebas de flexibilidad en su aler\u00f3n trasero<\/strong>, que seg\u00fan el reglamento no debe ser superior a los 0,5 mm. Sin embargo, el franc\u00e9s superaba en 0,6 mm en el lado izquierdo y 0,825 mm en el lado derecho.<\/p>\n<p><img draggable=\"true\" alt=\"esteban ocon haas f1\" title=\"Esteban Ocon Haas F1\" loading=\"lazy\" width=\"4623\" height=\"6911\" decoding=\"async\" data-nimg=\"1\" style=\"color:transparent;width:100%;height:auto;\"   src=\"https:\/\/www.europesays.com\/es\/wp-content\/uploads\/2025\/09\/gettyimages-2236402022-68ced9e272bb9.jpg\" class=\"css-0 e1g79fud0\"\/><a target=\"_blank\" rel=\"noopener nofollow\" data-theme-key=\"base-link\" href=\"https:\/\/pinterest.com\/pin\/create\/button\/?url=https:\/\/www.caranddriver.com\/es\/formula-1\/a67978226\/fia-descalifica-haas-f1-esteban-ocon-gp-azerbaiyan\/&amp;description=&amp;media=https:\/\/hips.hearstapps.com\/hmg-prod\/images\/gettyimages-2236402022-68ced9e272bb9.jpg?resize=1600:*\" class=\"pinterest css-on9hn5 e1c1bym14\"><img decoding=\"async\" data-dynamic-svg=\"true\" src=\"https:\/\/www.caranddriver.com\/_assets\/design-tokens\/fre\/static\/icons\/social\/pinterest.e8cf655.svg?primary=%2523ffffff\" loading=\"lazy\" data-testid=\"dynamic-svg-base\" height=\"auto\" width=\"auto\" alt=\"pinterest\" class=\"css-4lml0h e1mlxuuw1\"\/><\/a><\/p>\n<p>Clive Rose<\/p>\n<p data-journey-content=\"true\" data-node-id=\"14\" class=\"css-6wxqfj emevuu60\">\u201cLos representantes de la FIA describieron el procedimiento de prueba utilizado e informaron que la distancia entre las <strong data-node-id=\"14.1\">dos secciones de RV-RW-PROFILES y RV-RW-TIP interior de Y=525 variaba en m\u00e1s de los 0,5 mm permitidos <\/strong>(0,6 mm en el lado izquierdo y 0,825 mm en el lado derecho)\u201d, dec\u00eda el comunicado.<\/p>\n<p data-journey-content=\"true\" data-node-id=\"16\" class=\"css-6wxqfj emevuu60\">\u201c<strong data-node-id=\"16.1\">La \u200b\u200bcalibraci\u00f3n del instrumento de medici\u00f3n fue verificada y v\u00e1lida. <\/strong>El equipo admiti\u00f3 que se hab\u00eda seguido el procedimiento de prueba establecido en el reglamento y explic\u00f3 que la discrepancia se deb\u00eda a un problema con la producci\u00f3n del ensamblaje de esta pieza espec\u00edfica\u201d, prosigui\u00f3.<\/p>\n<p data-journey-content=\"true\" data-node-id=\"18\" class=\"css-6wxqfj emevuu60\">\u201c<strong data-node-id=\"18.1\">Los Comisarios Deportivos determinan que el veh\u00edculo no cumple con el reglamento y, por lo tanto, imponen la penalizaci\u00f3n habitual de descalificaci\u00f3n de la clasificaci\u00f3n<\/strong>\u201d, concluy\u00f3 la FIA.<\/p>\n<p data-journey-content=\"true\" data-node-id=\"20\" class=\"css-6wxqfj emevuu60\">Es as\u00ed como la FIA ha descalificado a <a href=\"https:\/\/www.caranddriver.com\/es\/formula-1\/pilotos\/a3628\/esteban-ocon\/\" target=\"_blank\" data-vars-ga-outbound-link=\"https:\/\/www.caranddriver.com\/es\/formula-1\/pilotos\/a3628\/esteban-ocon\/\" data-vars-ga-ux-element=\"Hyperlink\" data-vars-ga-call-to-action=\"Esteban Ocon\" data-node-id=\"20.1\" class=\"body-link css-168zq96 emevuu60\" rel=\"nofollow noopener\">Esteban Ocon<\/a> de la clasificaci\u00f3n en el GP de Azerbaiy\u00e1n tras no superar las pruebas de flexibilidad de su aler\u00f3n trasero.<\/p>\n<p>Contenidos relacionados<\/p>\n","protected":false},"excerpt":{"rendered":"La clasificaci\u00f3n del GP de Azerbaiy\u00e1n ha presenciado la mayor cantidad de banderas rojas de toda la historia,&hellip;\n","protected":false},"author":2,"featured_media":127955,"comment_status":"","ping_status":"","sticky":false,"template":"","format":"standard","meta":{"footnotes":""},"categories":[270],"tags":[168,253,25,24,306,271,272,23,167],"class_list":{"0":"post-127954","1":"post","2":"type-post","3":"status-publish","4":"format-standard","5":"has-post-thumbnail","7":"category-formula-1","8":"tag-deportes","9":"tag-discover","10":"tag-es","11":"tag-espana","12":"tag-f1","13":"tag-formula-1","14":"tag-formula1","15":"tag-spain","16":"tag-sports"},"share_on_mastodon":{"url":"","error":""},"_links":{"self":[{"href":"https:\/\/www.europesays.com\/es\/wp-json\/wp\/v2\/posts\/127954","targetHints":{"allow":["GET"]}}],"collection":[{"href":"https:\/\/www.europesays.com\/es\/wp-json\/wp\/v2\/posts"}],"about":[{"href":"https:\/\/www.europesays.com\/es\/wp-json\/wp\/v2\/types\/post"}],"author":[{"embeddable":true,"href":"https:\/\/www.europesays.com\/es\/wp-json\/wp\/v2\/users\/2"}],"replies":[{"embeddable":true,"href":"https:\/\/www.europesays.com\/es\/wp-json\/wp\/v2\/comments?post=127954"}],"version-history":[{"count":0,"href":"https:\/\/www.europesays.com\/es\/wp-json\/wp\/v2\/posts\/127954\/revisions"}],"wp:featuredmedia":[{"embeddable":true,"href":"https:\/\/www.europesays.com\/es\/wp-json\/wp\/v2\/media\/127955"}],"wp:attachment":[{"href":"https:\/\/www.europesays.com\/es\/wp-json\/wp\/v2\/media?parent=127954"}],"wp:term":[{"taxonomy":"category","embeddable":true,"href":"https:\/\/www.europesays.com\/es\/wp-json\/wp\/v2\/categories?post=127954"},{"taxonomy":"post_tag","embeddable":true,"href":"https:\/\/www.europesays.com\/es\/wp-json\/wp\/v2\/tags?post=127954"}],"curies":[{"name":"wp","href":"https:\/\/api.w.org\/{rel}","templated":true}]}}