{"id":127981,"date":"2025-09-20T19:01:14","date_gmt":"2025-09-20T19:01:14","guid":{"rendered":"https:\/\/www.europesays.com\/es\/127981\/"},"modified":"2025-09-20T19:01:14","modified_gmt":"2025-09-20T19:01:14","slug":"isco-se-olvida-de-su-lesion-en-pleno-ataque-de-euforia","status":"publish","type":"post","link":"https:\/\/www.europesays.com\/es\/127981\/","title":{"rendered":"Isco se olvida de su lesi\u00f3n en pleno ataque de euforia"},"content":{"rendered":"<p class=\"parrafo\">El Real Betis se impuso en la noche del viernes a la Real Sociedad en un encuentro en el que los pupilos de Manuel Pellegrini mostraron una neta superioridad sobre el conjunto donostiarra y en el que hubo muchos momentos destacables. El golazo del Cucho Hern\u00e1ndez, el grave error defensivo que gener\u00f3 el moment\u00e1neo empate por medio de Brais M\u00e9ndez, el partidazo de Ez Abde, el gran momento de Pablo Fornals, la ovaci\u00f3n a Giovani Lo Celso tras los pitos del partido anterior, el regreso de Diego Llorente a la titularidad casi cinco meses despu\u00e9s, la <a href=\"https:\/\/www.estadiodeportivo.com\/futbol\/betis\/pablo-garcia-viaja-solo-betis-dobla-representacion-mundial-sub-20250920-512902.html\" target=\"_blank\" class=\"intext-link\" rel=\"nofollow noopener\">incomprensible &#8216;pifia&#8217; del talentoso Pablo Garc\u00eda<\/a> en una clar\u00edsima ocasi\u00f3n sobre la bocina, los estrenos de Antony y Amrabat en La Cartuja&#8230; Hubo m\u00faltiples noticias y an\u00e9cdotas, pero <strong>la imagen m\u00e1s llamativa del encuentro que abri\u00f3 la jornada 5 en LaLiga EA Sports la dej\u00f3 el idolatrado Isco Alarc\u00f3n, quien se dej\u00f3 llevar por un ataque de euforia hasta el punto de olvidarse por completo de que est\u00e1 lesionado y de que a\u00fan necesita muletas para poder caminar<\/strong>. <\/p>\n<p>Noticias Relacionadas<\/p>\n<p class=\"parrafo\">Isco se dej\u00f3 ver sobre el terreno de juego s\u00f3lo unos minutos antes de que arrancase el choque entre verdiblancos y &#8216;txuri-urdines&#8217;. <strong>Apareci\u00f3 caminando sobre sus muletas, a\u00fan con una aparatosa bota protectora que salvaguarda el tobillo de su pierna izquierda tras tener que pasar por el quir\u00f3fano por tercera vez en un a\u00f1o para corregir una <a href=\"https:\/\/www.estadiodeportivo.com\/futbol\/betis\/preocupante-imagen-isco-salir-del-estadio-20250809-507309.html\" target=\"_blank\" class=\"intext-link\" rel=\"nofollow noopener\">nueva fractura de peron\u00e9<\/a><\/strong>. Hasta que lleg\u00f3 a los asientos a pie de campo en el que sigui\u00f3 el encuentro junto al tambi\u00e9n convaleciente Aitor Ruibal, el astro malague\u00f1o tuvo que detenerse en varias ocasiones para saludar al grader\u00edo en se\u00f1al de <strong>agradecimiento por la ovaci\u00f3n y las constantes muestras de cari\u00f1o<\/strong> que le tributaron los casi 60.000 aficionados del Betis que poblaron el otrora estadio ol\u00edmpico. Si la hinchada verdiblanca se caracteriza por ser pasional hasta el extremo, el futbolista de Arroyo de la Miel no se queda atr\u00e1s en eso de ser <strong>&#8216;Un loco de la cabeza&#8217;<\/strong>. <\/p>\n<p class=\"parrafo\">Como ha mostrado la cuenta en redes sociales de DAZN, una de las televisiones con derecho para retransmitir los partidos de LaLiga EA Sports, Isco Alarc\u00f3n vivi\u00f3 el choque contra la Real Sociedad con una vehemencia absoluta. Tanto es as\u00ed que, en el minuto 69&#8242;, cuando Pablo Fornals remat\u00f3 al fondo de las redes de \u00c1lex Remiro una gran dejada desde la derecha de H\u00e9ctor Beller\u00edn para hacer <a href=\"https:\/\/www.estadiodeportivo.com\/futbol\/primera-division\/real-betis-real-sociedad-paciencia-pegada-abde-20250919-512843.html\" target=\"_blank\" class=\"intext-link\" rel=\"nofollow noopener\">el definitivo 3-1<\/a>, el costasole\u00f1o no pudo reprimir el <strong>acto reflejo de saltar como un poseso para festejar la diana de la tranquilidad<\/strong>. Su reacci\u00f3n fue tan euf\u00f3rica que <strong>las muletas saltaron por los aires y se qued\u00f3 a la pata coja<\/strong>, teniendo que regresar a su asiento dando saltitos y siendo ayudado por Aitor Ruibal con ambos cerrando el pu\u00f1o y alz\u00e1ndolo en se\u00f1al de m\u00e1xima alegr\u00eda. Lo ha dicho muchas veces y no para de demostrarlo consciente e insconscientemente: lo de Isco y el Betis ha sido un flechazo con un <strong>amor a primera vista con visos de ser eterno<\/strong>. <\/p>\n","protected":false},"excerpt":{"rendered":"El Real Betis se impuso en la noche del viernes a la Real Sociedad en un encuentro en&hellip;\n","protected":false},"author":2,"featured_media":127982,"comment_status":"","ping_status":"","sticky":false,"template":"","format":"standard","meta":{"footnotes":""},"categories":[5],"tags":[17,18,25,24,284,13,14,282,11,18554,19,20,9,10,15,16,1945,286,23,12,21,22],"class_list":{"0":"post-127981","1":"post","2":"type-post","3":"status-publish","4":"format-standard","5":"has-post-thumbnail","7":"category-titulares","8":"tag-breaking-news","9":"tag-breakingnews","10":"tag-es","11":"tag-espana","12":"tag-estadio-deportivo","13":"tag-featured-news","14":"tag-featurednews","15":"tag-futbol","16":"tag-headlines","17":"tag-isco-alarcon","18":"tag-latest-news","19":"tag-latestnews","20":"tag-news","21":"tag-noticias","22":"tag-noticias-destacadas","23":"tag-noticiasdestacadas","24":"tag-primera-division","25":"tag-real-betis-balompie","26":"tag-spain","27":"tag-titulares","28":"tag-ultimas-noticias","29":"tag-ultimasnoticias"},"share_on_mastodon":{"url":"","error":""},"_links":{"self":[{"href":"https:\/\/www.europesays.com\/es\/wp-json\/wp\/v2\/posts\/127981","targetHints":{"allow":["GET"]}}],"collection":[{"href":"https:\/\/www.europesays.com\/es\/wp-json\/wp\/v2\/posts"}],"about":[{"href":"https:\/\/www.europesays.com\/es\/wp-json\/wp\/v2\/types\/post"}],"author":[{"embeddable":true,"href":"https:\/\/www.europesays.com\/es\/wp-json\/wp\/v2\/users\/2"}],"replies":[{"embeddable":true,"href":"https:\/\/www.europesays.com\/es\/wp-json\/wp\/v2\/comments?post=127981"}],"version-history":[{"count":0,"href":"https:\/\/www.europesays.com\/es\/wp-json\/wp\/v2\/posts\/127981\/revisions"}],"wp:featuredmedia":[{"embeddable":true,"href":"https:\/\/www.europesays.com\/es\/wp-json\/wp\/v2\/media\/127982"}],"wp:attachment":[{"href":"https:\/\/www.europesays.com\/es\/wp-json\/wp\/v2\/media?parent=127981"}],"wp:term":[{"taxonomy":"category","embeddable":true,"href":"https:\/\/www.europesays.com\/es\/wp-json\/wp\/v2\/categories?post=127981"},{"taxonomy":"post_tag","embeddable":true,"href":"https:\/\/www.europesays.com\/es\/wp-json\/wp\/v2\/tags?post=127981"}],"curies":[{"name":"wp","href":"https:\/\/api.w.org\/{rel}","templated":true}]}}