{"id":127987,"date":"2025-09-20T19:06:10","date_gmt":"2025-09-20T19:06:10","guid":{"rendered":"https:\/\/www.europesays.com\/es\/127987\/"},"modified":"2025-09-20T19:06:10","modified_gmt":"2025-09-20T19:06:10","slug":"donde-ver-online-y-en-television-a-carlos-alcaraz-hoy-en-la-laver-cup-y-a-que-hora-juega-contra-taylor-fritz","status":"publish","type":"post","link":"https:\/\/www.europesays.com\/es\/127987\/","title":{"rendered":"D\u00f3nde ver online y en televisi\u00f3n a Carlos Alcaraz hoy en la Laver Cup y a qu\u00e9 hora juega contra Taylor Fritz"},"content":{"rendered":"<p>20\/09\/2025<br \/>\n<br \/><strong><br \/>\nActualizado a las 19:00h.<br \/>\n<\/strong><\/p>\n<p class=\"voc-p\" style=\"\">El tenis vuelve a vestirse de equipo en plena gira norteamericana. Del 19 al 21 de septiembre se disputa en San Francisco la <strong>Laver Cup 2025,<\/strong> un torneo que rompe con el esquema habitual del circuito ATP. Durante tres d\u00edas, Europa y el resto del mundo se enfrentan en una serie de partidos de individuales y dobles que reparten puntos crecientes: uno el viernes, dos el s\u00e1bado y tres el domingo. El primer equipo que llega a 13 puntos se lleva el t\u00edtulo.<\/p>\n<p class=\"voc-p\" style=\"\">En esta edici\u00f3n, Carlos Alcaraz es el encargado de liderar al bloque europeo <a href=\"https:\/\/www.abc.es\/deportes\/tenis\/juegan-sinner-djokovic-laver-cup-20250918162418-nt.html\" target=\"_self\" data-voc-vtm-id=\"in-text-traffic\" title=\"tras la baja de  Novak Djokovic o Jannik Sinner.\" rel=\"nofollow noopener\">tras la baja de  Novak Djokovic o Jannik Sinner.<\/a> El murciano ya sabe lo que significa la presi\u00f3n de esta competici\u00f3n: en 2024 debut\u00f3 con nota sobresaliente, particip\u00f3 en la mayor\u00eda de victorias de su equipo y sell\u00f3 la final ante Taylor Fritz con un triunfo decisivo.<\/p>\n<p>\nC\u00f3mo empez\u00f3 la Laver Cup 2025 y clasificaci\u00f3n tras el primer d\u00eda\n<\/p>\n<p class=\"voc-p\" style=\"\">La jornada inaugural, disputada ayer 19 de septiembre, dej\u00f3 un arranque s\u00f3lido para Europa. Casper Ruud y Jakub Men\u0161\u00edk sumaron los dos primeros triunfos ante Opelka y Michelsen, respectivamente. El equipo del resto del mundo reaccion\u00f3 con el joven brasile\u00f1o Jo\u00e3o Fonseca, que super\u00f3 a Flavio Cobolli, pero el cierre de la jornada fue azul: Alcaraz, acompa\u00f1ado de Men\u0161\u00edk,<strong> se impuso en dobles a Fritz y Michelsen.<\/strong> As\u00ed, el marcador refleja un 3-1 para Europa tras el primer d\u00eda de competici\u00f3n.<\/p>\n<p>\nA qu\u00e9 hora y contra qui\u00e9n juega hoy Carlos Alcaraz\n<\/p>\n<p class=\"voc-p\" style=\"\">Este s\u00e1bado 20 de septiembre, Alcaraz afronta su primer duelo individual en San Francisco. El murciano se medir\u00e1 al estadounidense Taylor Fritz la madrugada del 21 (horario de Espa\u00f1a) a partir de las 4.00 horas (CEST) en el Chase Center. <\/p>\n<p class=\"voc-p\" style=\"\">Antes del partido de Alcaraz, la jornada ofrece otros duelos de enorme nivel.<a href=\"https:\/\/www.abc.es\/deportes\/tenis\/juegan-sinner-djokovic-laver-cup-20250918162418-nt.html\" target=\"_self\" data-voc-vtm-id=\"in-text-traffic\" title=\" A las 22:00 horas Alexander Zverev se enfrenta a Alex de Minaur,\" rel=\"nofollow noopener\"> A las 22:00 horas Alexander Zverev se enfrenta a Alex de Minaur,<\/a> seguido del cruce entre Holger Rune y Francisco Cer\u00fandolo a las 23:30. Ya en sesi\u00f3n nocturna, tras el encuentro de Alcaraz con Fritz, cerrar\u00e1n el d\u00eda el doble entre Casper Ruud y Holger Rune frente a la pareja formada por Alex de Minaur y Alex Michelsen, previsto no antes de las 5:30.<\/p>\n<p>\nD\u00f3nde ver por televisi\u00f3n la Laver Cup\n<\/p>\n<p class=\"voc-p\" style=\"\">Este partido de Carlos Alcaraz y todos los del murciano en la Laver Cup, as\u00ed como la competici\u00f3n al completo, se puede ver en Espa\u00f1a en Eurosport 2. Adem\u00e1s, Eurosport emite el torneo a trav\u00e9s de HBO Max, su plataforma de streaming online.<\/p>\n<p class=\"voc-p\" style=\"\">No existe ninguna posibilidad de ver la Laver Cup en Espa\u00f1a en abierto, pero en abc.es te contaremos la informaci\u00f3n del torneo al detalle.<\/p>\n<p>Reportar un error<\/p>\n","protected":false},"excerpt":{"rendered":"20\/09\/2025 Actualizado a las 19:00h. El tenis vuelve a vestirse de equipo en plena gira norteamericana. Del 19&hellip;\n","protected":false},"author":2,"featured_media":127988,"comment_status":"","ping_status":"","sticky":false,"template":"","format":"standard","meta":{"footnotes":""},"categories":[274],"tags":[4736,415,5393,168,25,24,4097,1458,315,4348,25573,133,23,167,9274,807,327,326,809],"class_list":{"0":"post-127987","1":"post","2":"type-post","3":"status-publish","4":"format-standard","5":"has-post-thumbnail","7":"category-tenis","8":"tag-alcaraz","9":"tag-carlos","10":"tag-cup","11":"tag-deportes","12":"tag-es","13":"tag-espana","14":"tag-fritz","15":"tag-hora","16":"tag-hoy","17":"tag-juega","18":"tag-laver","19":"tag-online","20":"tag-spain","21":"tag-sports","22":"tag-taylor","23":"tag-television","24":"tag-tenis","25":"tag-tennis","26":"tag-ver"},"share_on_mastodon":{"url":"","error":""},"_links":{"self":[{"href":"https:\/\/www.europesays.com\/es\/wp-json\/wp\/v2\/posts\/127987","targetHints":{"allow":["GET"]}}],"collection":[{"href":"https:\/\/www.europesays.com\/es\/wp-json\/wp\/v2\/posts"}],"about":[{"href":"https:\/\/www.europesays.com\/es\/wp-json\/wp\/v2\/types\/post"}],"author":[{"embeddable":true,"href":"https:\/\/www.europesays.com\/es\/wp-json\/wp\/v2\/users\/2"}],"replies":[{"embeddable":true,"href":"https:\/\/www.europesays.com\/es\/wp-json\/wp\/v2\/comments?post=127987"}],"version-history":[{"count":0,"href":"https:\/\/www.europesays.com\/es\/wp-json\/wp\/v2\/posts\/127987\/revisions"}],"wp:featuredmedia":[{"embeddable":true,"href":"https:\/\/www.europesays.com\/es\/wp-json\/wp\/v2\/media\/127988"}],"wp:attachment":[{"href":"https:\/\/www.europesays.com\/es\/wp-json\/wp\/v2\/media?parent=127987"}],"wp:term":[{"taxonomy":"category","embeddable":true,"href":"https:\/\/www.europesays.com\/es\/wp-json\/wp\/v2\/categories?post=127987"},{"taxonomy":"post_tag","embeddable":true,"href":"https:\/\/www.europesays.com\/es\/wp-json\/wp\/v2\/tags?post=127987"}],"curies":[{"name":"wp","href":"https:\/\/api.w.org\/{rel}","templated":true}]}}