{"id":127999,"date":"2025-09-20T19:12:13","date_gmt":"2025-09-20T19:12:13","guid":{"rendered":"https:\/\/www.europesays.com\/es\/127999\/"},"modified":"2025-09-20T19:12:13","modified_gmt":"2025-09-20T19:12:13","slug":"lo-que-antes-se-entendia-como-una-solucion-de-menor-calidad-hoy-es-un-sistema-constructivo-innovador","status":"publish","type":"post","link":"https:\/\/www.europesays.com\/es\/127999\/","title":{"rendered":"Lo que antes se entend\u00eda como una soluci\u00f3n de menor calidad, hoy es un sistema constructivo innovador"},"content":{"rendered":"<p>\u00a1Cumplimos 25 a\u00f1os! Y en el <a href=\"https:\/\/www.amazon.es\/dp\/B0D774ZRSX?ref_=ast_sto_dp\" rel=\"nofollow noopener\" target=\"_blank\">n\u00famero de octubre<\/a> te lo contamos. All\u00ed encontrar\u00e1s el art\u00edculo <strong>\u00abC\u00f3mo hemos cambiado\u00bb.<\/strong> En \u00e9l nos preguntamos por la evoluci\u00f3n de grandes temas como la ecolog\u00eda o e minimalismo en estos a\u00f1os. Y todo ello con voces autorizadas.\u00a0<\/p>\n<p>Uno de los aspectos que merece nuestra atenci\u00f3n es la <a href=\"https:\/\/www.arquitecturaydiseno.es\/arquitectura\/casas-prefabricadas-2024-precios-modelos-ventajas-todo-que-debes-conocer-antes-comprar-esta-vivienda_4809\" rel=\"nofollow noopener\" target=\"_blank\">casa prefabricada<\/a>, de la que tambi\u00e9n hacemos menci\u00f3n en el art\u00edculo y que aqu\u00ed te adelantamos. \u00bfC\u00f3mo eran entonces y c\u00f3mo son ahora? \u00bfHan cambiado mucho? Nos lo cuentan dos expertos en la materia, el <strong>arquitecto Fran SIlvestre y el estudio De la Vega Cano Lasso<\/strong>.\u00a0<\/p>\n<p>&#13;<\/p>\n<p>My Player placeholder<\/p>\n<p>Todo lo que debes saber sobre las casas prefabricadas<\/p>\n<p>\u00abEn los \u00faltimos veinticinco a\u00f1os, la arquitectura industrializada ha cambiado radicalmente tanto en sus procesos como en la percepci\u00f3n social que la rodea\u00bb, cuenta Fran Silvestre. <strong>\u00abLo que antes se entend\u00eda como una soluci\u00f3n provisional o de menor calidad, hoy se reconoce como un sistema constructivo innovador que busca aumentar la precisi\u00f3n en la materializaci\u00f3n de la arquitectura\u00bb<\/strong>, dice el autor de N290, una vivienda industrializada que se organiza en torno a un patio central.<\/p>\n<p>&#13;<img loading=\"lazy\" decoding=\"async\"   src=\"https:\/\/www.europesays.com\/es\/wp-content\/uploads\/2025\/09\/la-casa-n290-fruto-de-la-colaboracion-entre-fran-silvestre-y-niu-houses_aad95cd2_250919113606_1513x1.webp\" alt=\"La casa N290, fruto de la colaboraci\u00f3n entre Fran Silvestre y Niu Houses.\" class=\"lazyload\" width=\"1513\" height=\"1000\" data-aspectratio=\"1513\/1000\"\/><\/p>\n<p>La casa N290, fruto de la colaboraci\u00f3n entre Fran Silvestre y Niu Houses.<\/p>\n<p>&#13;Jes\u00fas Orrico<\/p>\n<p>El arquitecto valenciano cree que \u00abla industrializaci\u00f3n y la construcci\u00f3n en seco permiten reducir tiempos a una tercera parte respecto a la obra tradicional, con precios cerrados desde el inicio y sin desperdicios, plazos y costes ciertos que mejoran la calidad de los entornos humanos, haci\u00e9ndolos m\u00e1s sostenibles y saludables\u00bb.\u00a0<\/p>\n<p><a href=\"https:\/\/www.arquitecturaydiseno.es\/arquitectura\/charlotte-perriand-cocinas-abiertas-mujer-que-revoluciono-mundo-arquitectura-transformo-open-concept_12406\" data-ga4_event=\"custom_event\" data-ga4_event_name=\"click_intext\" data-ga4_link_url=\"https:\/\/www.arquitecturaydiseno.es\/arquitectura\/charlotte-perriand-cocinas-abiertas-mujer-que-revoluciono-mundo-arquitectura-transformo-open-concept_12406\" data-ga4_link_text=\"charlotte_perriand_la_primera_arquitecta_que_unio_salon_y_cocina_creo_que_le_corbusier_me_contrato_porque_creia_que_podia_transmitir_ideas\" data-ga4_content_type=\"photo\" data-ga4_element=\"related\" rel=\"nofollow noopener\" target=\"_blank\">&#13;&#13;<img loading=\"lazy\" decoding=\"async\" src=\"https:\/\/www.europesays.com\/es\/wp-content\/uploads\/2025\/09\/charlotte-perriand_21b153d5_b582cafa_250919144833_600x600.webp.webp\" alt=\"charlotte perriand\" class=\"lazyload\" width=\"600\" height=\"600\" data-aspectratio=\"600\/600\"\/>&#13;&#13;<\/p>\n<p class=\"epigraph\">&#13;Noticia relacionada<\/p>\n<p class=\"title\">Charlotte Perriand, la primera arquitecta que uni\u00f3 sal\u00f3n y cocina: \u00abCreo que Le Corbusier me contrat\u00f3 porque cre\u00eda que pod\u00eda transmitir ideas\u00bb<\/p>\n<p class=\"author-title\">Pablo S\u00e1nchez-Monta\u00f1\u00e9s Quintana<\/p>\n<p><\/a>M\u00e1s precisi\u00f3n y menos impacto<\/p>\n<p>\u00abHace a\u00f1os, <strong>lo prefabricado se asociaba a algo r\u00e1pido, provisional, sin mucho cuidado<\/strong>. Hoy, sin grandes aspavientos, ha ido encontrando su sitio\u00bb, comenta Ignacio De la Vega, del estudio De la Vega Cano Lasso. \u00abNo por prometer algo nuevo, sino por permitir hacer mejor lo de siempre. Desde nuestra experiencia, su valor est\u00e1 precisamente ah\u00ed: en poder llevar a cabo los principios m\u00e1s esenciales de la arquitectura \u2014proporci\u00f3n, luz, materiales, integraci\u00f3n con el entorno\u2014 con m\u00e1s precisi\u00f3n y menos impacto\u00bb, detalla.\u00a0<\/p>\n<p>&#13;<img loading=\"lazy\" decoding=\"async\"   src=\"https:\/\/www.europesays.com\/es\/wp-content\/uploads\/2025\/09\/casa-cerca-de-madrid-del-proyecto-de-casas-modulares-tini-living-del-estudio-de-la-vega-cano-lasso_0.webp\" alt=\"Casa cerca de Madrid del proyecto de casas modulares Tini Living del estudio De la Vega Cano Lasso. \" class=\"lazyload\" width=\"1280\" height=\"794\" data-aspectratio=\"1280\/794\"\/><\/p>\n<p>Casa cerca de Madrid del proyecto de casas modulares Tini Living del estudio De la Vega Cano Lasso.\u00a0<\/p>\n<p>&#13;Paco Mar\u00edn<\/p>\n<p>\u00abTener un sistema constructivo bien definido te obliga a pensar desde el principio en c\u00f3mo se va a ejecutar cada encuentro, cada hueco, cada decisi\u00f3n. Eso hace que el dise\u00f1o sea m\u00e1s claro, y tambi\u00e9n m\u00e1s honesto\u00bb, asegura. \u00abSe proyecta con los pies en la tierra, no con promesas vagas. Adem\u00e1s, construir en taller, bajo control, permite intervenir mucho menos en el terreno. Se reduce el ruido, el plazo, los residuos. Y eso es importante: porque <strong>cada lugar tiene una historia, una topograf\u00eda, una luz<\/strong>\u00ab, describe este arquitecto que, junto a Pilar Cano Lasso, forma el estudio De la Vega Cano Lasso, con sede en Madrid.\u00a0\u00a0<\/p>\n<p><a href=\"https:\/\/www.arquitecturaydiseno.es\/casas\/esta-casa-prefabricada-segovia-se-inspira-miticas-case-study_12301\" data-ga4_event=\"custom_event\" data-ga4_event_name=\"click_intext\" data-ga4_link_url=\"https:\/\/www.arquitecturaydiseno.es\/casas\/esta-casa-prefabricada-segovia-se-inspira-miticas-case-study_12301\" data-ga4_link_text=\"esta_casa_prefabricada_en_segovia_integrada_en_el_bosque_se_inspira_en_las_miticas_case_study_californianas\" data-ga4_content_type=\"photo\" data-ga4_element=\"related\" rel=\"nofollow noopener\" target=\"_blank\">&#13;&#13;<img loading=\"lazy\" decoding=\"async\" src=\"https:\/\/www.europesays.com\/es\/wp-content\/uploads\/2025\/09\/12_7b4b1726_250829141936_600x600.webp.webp\" alt=\"12\" class=\"lazyload\" width=\"600\" height=\"600\" data-aspectratio=\"600\/600\"\/>&#13;&#13;<\/p>\n<p class=\"epigraph\">&#13;Noticia relacionada<\/p>\n<p class=\"title\">Esta casa prefabricada en Segovia, integrada en el bosque, se inspira en las m\u00edticas Case Study californianas<\/p>\n<p><\/a><\/p>\n<p>\u00abPor suerte, esa idea empieza a calar\u00bb, reflexiona. A lo que Fran Silvestre a\u00f1ade: \u00abLa mirada del usuario tambi\u00e9n ha evolucionado:<strong> ahora se percibe la arquitectura industrializada no solo como rapidez o econom\u00eda, sino como una alternativa que ofrece confort, dise\u00f1o y respeto por el medio ambiente<\/strong>\u00ab. Dos miradas sobre el tema de la casa industrializada que se unen a todas las que encontrar\u00e1s en el art\u00edculo \u00abC\u00f3mo hemos cambiado\u00bb del n\u00famero de octubre de Arquitectura y Dise\u00f1o, donde reflexionamos sobre la evoluci\u00f3n de otros temas como la sostenibilidad o la artesan\u00eda, ya en tu quiosco.\u00a0<\/p>\n","protected":false},"excerpt":{"rendered":"\u00a1Cumplimos 25 a\u00f1os! Y en el n\u00famero de octubre te lo contamos. All\u00ed encontrar\u00e1s el art\u00edculo \u00abC\u00f3mo hemos&hellip;\n","protected":false},"author":2,"featured_media":128000,"comment_status":"","ping_status":"","sticky":false,"template":"","format":"standard","meta":{"footnotes":""},"categories":[173],"tags":[229,233,231,230,232,234,146,147,25,24,23],"class_list":{"0":"post-127999","1":"post","2":"type-post","3":"status-publish","4":"format-standard","5":"has-post-thumbnail","7":"category-arte-y-diseno","8":"tag-arte","9":"tag-arte-y-diseno","10":"tag-arts","11":"tag-arts-and-design","12":"tag-design","13":"tag-diseno","14":"tag-entertainment","15":"tag-entretenimiento","16":"tag-es","17":"tag-espana","18":"tag-spain"},"share_on_mastodon":{"url":"","error":""},"_links":{"self":[{"href":"https:\/\/www.europesays.com\/es\/wp-json\/wp\/v2\/posts\/127999","targetHints":{"allow":["GET"]}}],"collection":[{"href":"https:\/\/www.europesays.com\/es\/wp-json\/wp\/v2\/posts"}],"about":[{"href":"https:\/\/www.europesays.com\/es\/wp-json\/wp\/v2\/types\/post"}],"author":[{"embeddable":true,"href":"https:\/\/www.europesays.com\/es\/wp-json\/wp\/v2\/users\/2"}],"replies":[{"embeddable":true,"href":"https:\/\/www.europesays.com\/es\/wp-json\/wp\/v2\/comments?post=127999"}],"version-history":[{"count":0,"href":"https:\/\/www.europesays.com\/es\/wp-json\/wp\/v2\/posts\/127999\/revisions"}],"wp:featuredmedia":[{"embeddable":true,"href":"https:\/\/www.europesays.com\/es\/wp-json\/wp\/v2\/media\/128000"}],"wp:attachment":[{"href":"https:\/\/www.europesays.com\/es\/wp-json\/wp\/v2\/media?parent=127999"}],"wp:term":[{"taxonomy":"category","embeddable":true,"href":"https:\/\/www.europesays.com\/es\/wp-json\/wp\/v2\/categories?post=127999"},{"taxonomy":"post_tag","embeddable":true,"href":"https:\/\/www.europesays.com\/es\/wp-json\/wp\/v2\/tags?post=127999"}],"curies":[{"name":"wp","href":"https:\/\/api.w.org\/{rel}","templated":true}]}}