{"id":128001,"date":"2025-09-20T19:13:12","date_gmt":"2025-09-20T19:13:12","guid":{"rendered":"https:\/\/www.europesays.com\/es\/128001\/"},"modified":"2025-09-20T19:13:12","modified_gmt":"2025-09-20T19:13:12","slug":"el-voto-nulo-de-maria-pilar-cuartero-una-novela-sobre-docencia-belleza-y-memoria","status":"publish","type":"post","link":"https:\/\/www.europesays.com\/es\/128001\/","title":{"rendered":"El Voto Nulo de Mar\u00eda Pilar Cuartero: Una Novela sobre Docencia, Belleza y Memoria"},"content":{"rendered":"<p style=\"text-align: justify;\">La docencia es una raz\u00f3n de ser de <strong>Mar\u00eda Pilar Cuartero<\/strong>, pero es tambi\u00e9n una se\u00f1a de identidad narrativa. Su \u00faltima novela, \u00ab<strong>El voto nulo<\/strong>\u00ab, es un recorrido a distintos tiempos por ese contexto docente, eso, y, la insaciable b\u00fasqueda de la belleza que es otro rasgo definidor de su escritura tanto creativa como cr\u00edtica. De hecho, el protagonista de la novela, Ramiro Lucerna, pr\u00f3ximo a la jubilaci\u00f3n, es profesor de Lengua y Literatura Espa\u00f1olas. Sobre ese hecho y la circunstancia de ir recibiendo an\u00f3nimos env\u00edos que bien podr\u00edan conformar un compendio de literatura, pues poemas infantiles, relatos did\u00e1cticos, narraciones fant\u00e1sticas, cuentos para ni\u00f1os, extractos de obras teatrales, novelas, leyendas, se sustenta El voto nulo, una novela bella, tierna y con ese hecho tan diferencial y poco com\u00fan de expresar con sencillez y ternura lo complejo.<\/p>\n<p style=\"text-align: justify;\">En cualquier caso, la autora nunca ha descuidado su faceta como escritora de ficci\u00f3n, pues ya en 1966, un relato infantil, titulado \u201cLuna chiquita\u201d fue galardonado con el Premio Nacional de Albergues Universitarios. Le siguieron las novelas El comprador de recuerdos (2006), novela que presenta unas s\u00f3lidas credenciales, pues un m\u00fasico compra recuerdos para componer m\u00fasica, y adem\u00e1s con un lenguaje tan descriptivo como l\u00edrico logra aunar realidad y fantas\u00eda a lo que suma otros elementos metaliterarios, cartas, teatro, cuentos. El aplauso solitario (2013), aborda personajes introvertidos y reservados como Crist\u00f3bal Wert, pintor y escultor, que sorprende al fallecer dejando a la luz su faceta de poeta. El d\u00eda de la fotograf\u00eda an\u00f3nima (2018), persiste en esa inteligente combinaci\u00f3n de fantas\u00eda y realidad, argumentada con el recuerdo, la culpa, la amistad y las incidencias y consecuencias a partir de una nota en un diario de fotograf\u00edas an\u00f3nimas. El adi\u00f3s solo eco (2021), de nuevo, la singularidad, lo metaliterario reforzado ahora por claves en lat\u00edn, y, la quinta novela,<strong> El voto nulo<\/strong>, cuya lectura al haber fijado el placer del texto, recomiendo vivamente. Un t\u00edtulo que no guarda relaci\u00f3n con el mundo pol\u00edtico, solo que la historia se inicia con las elecciones generales de 2019 y, nuestro protagonista, Ramiro Lucerna, visiblemente contrariado por haber sido elegido en una mesa electoral, declara abierta esta aventura literaria marcada por la lectura de su voto nulo, pero especialmente por la serie de votos nulos y mensajes subrayados. El primero, un viva La Cenicienta, por ser exacto \u201cViva La Cenerentola\u201d. Rossini sigue alimentando el voto nulo, porque el siguiente que aparece es \u201cViva La donna del lago\u201d.<\/p>\n<p style=\"text-align: justify;\">El enigma entra de lleno, con el siguiente voto nulo \u201cSolo hay una alumna creativa\u201d y otro m\u00e1s \u201cPol\u00edticos, aprended de Cincinato: tras cumplir su papel al servicio de Roma, se quit\u00f3 la toga de dictador y se volvi\u00f3 al campo\u201d. Con ese material en mano, la historia y la realidad se transforman en ficci\u00f3n y fantas\u00eda. El af\u00e1n did\u00e1ctico y la b\u00fasqueda de la belleza, hemos dicho anteriormente, estructuran sin duda, su escritura narrativa. No obstante, la memoria es el material m\u00e1s sustancioso y efectivo para su narrar. Cuando Rainer Maria Rilke, el insigne poeta austr\u00edaco afirm\u00f3 que \u201cla verdadera patria del hombre es la infancia\u201d, solo habr\u00eda que corregirlo, acaso a\u00f1adirle que la infancia es patria del hombre y de la mujer. Precisamente, ese momento de la vida, es el punto de partida de la obra de Pilar Cuartero, pues el recuerdo y la esencia de la infancia son un lugar de referencia vital al que se quiere volver para recuperar el esp\u00edritu, la candidez, la ternura, la amistad, la belleza. De hecho, la dedicatoria va dirigida a sus seres queridos de la etapa de colegiala, escribir\u00e1 \u201cen especial a mis compa\u00f1eras de Bachillerato y Preuniversitario del Colegio de Jes\u00fas-Mar\u00eda de Zaragoza (1958-1965) a las que con tanto cari\u00f1o recuerdo, y de cuyas vivencias en com\u00fan se traslucen algunas en esta novela\u201d. Sin trampa ni cart\u00f3n, ni artificios ni artilugios, solo con el elegante discurrir del lenguaje novelesco y la transparencia de valores y principios universales, Pilar Cuartero nos entrega un libro genuino, sensual y enriquecedor.<\/p>\n<p style=\"text-align: justify;\">Lo metaliterario y lo interdisciplinar subrayan su frase, la pintura, la m\u00fasica, la poes\u00eda, la canci\u00f3n, la f\u00e1bula la dramaturgia van entretejiendo con ciertas dosis de enigma una novela que escapa al canon de la mediocridad y la violencia, si acaso de la glorificaci\u00f3n de ch\u00e1chara. Aqu\u00ed, los personajes son tambi\u00e9n Antonio Machado, los recuerdos como arco\u00edris que no se borra del cielo, Robert Schumann, una sala de profesores como centro de acci\u00f3n y atenci\u00f3n, la Arcadia, es decir, el id\u00edlico lugar de tranquilidad y felicidad pastoriles, las ense\u00f1anzas inexorables de don Quijote, los juegos de palabras como el seud\u00f3nimo de Alejandrina Molina Pardina, los pr\u00e9stamos exquisitos como el de Goethe en El aprendiz de mago que tom\u00f3 de Luciano, las orlas de alumnos y alumnas que van dejando rastros luminosos, la expedici\u00f3n de certificados para las personas insensatas y necias, o el sublime poema de Juan Ram\u00f3n Jim\u00e9nez, \u201cEl viaje definitivo\u201d que no me resisto a transcribir: \u201cY yo me ir\u00e9. Y se quedar\u00e1n los p\u00e1jaros cantando;\/y se quedar\u00e1 mi huerto con su verde \u00e1rbol,\/y con su pozo blanco.\/Todas las tardes, el cielo ser\u00e1 azul y pl\u00e1cido;\/y tocar\u00e1n, como esta tarde est\u00e1n tocando,\/las campanas del campanario,\/Se morir\u00e1n aquellos que me amaron;\/y el pueblo se har\u00e1 nuevo cada a\u00f1o;\/y en el rinc\u00f3n aquel de mi huerto florido y encalado,\/mi esp\u00edritu errar\u00e1 nost\u00e1ljico&#8230;\/Y yo me ir\u00e9, y estar\u00e9 solo, sin hogar, sin \u00e1rbol\/verde, sin pozo blanco, sin cielo azul y pl\u00e1cido&#8230;Y se quedar\u00e1n los p\u00e1jaros cantando\u201d.<\/p>\n<p><strong>Puedes comprar el libro en:<\/strong><\/p>\n","protected":false},"excerpt":{"rendered":"La docencia es una raz\u00f3n de ser de Mar\u00eda Pilar Cuartero, pero es tambi\u00e9n una se\u00f1a de identidad&hellip;\n","protected":false},"author":2,"featured_media":128002,"comment_status":"","ping_status":"","sticky":false,"template":"","format":"standard","meta":{"footnotes":""},"categories":[172],"tags":[3451,224,41366,146,147,25,24,3624,225,671,41367,1645,14072,23],"class_list":{"0":"post-128001","1":"post","2":"type-post","3":"status-publish","4":"format-standard","5":"has-post-thumbnail","7":"category-libros","8":"tag-belleza","9":"tag-books","10":"tag-docencia","11":"tag-entertainment","12":"tag-entretenimiento","13":"tag-es","14":"tag-espana","15":"tag-infancia","16":"tag-libros","17":"tag-literatura","18":"tag-metaliterario","19":"tag-novela","20":"tag-recuerdos","21":"tag-spain"},"share_on_mastodon":{"url":"","error":""},"_links":{"self":[{"href":"https:\/\/www.europesays.com\/es\/wp-json\/wp\/v2\/posts\/128001","targetHints":{"allow":["GET"]}}],"collection":[{"href":"https:\/\/www.europesays.com\/es\/wp-json\/wp\/v2\/posts"}],"about":[{"href":"https:\/\/www.europesays.com\/es\/wp-json\/wp\/v2\/types\/post"}],"author":[{"embeddable":true,"href":"https:\/\/www.europesays.com\/es\/wp-json\/wp\/v2\/users\/2"}],"replies":[{"embeddable":true,"href":"https:\/\/www.europesays.com\/es\/wp-json\/wp\/v2\/comments?post=128001"}],"version-history":[{"count":0,"href":"https:\/\/www.europesays.com\/es\/wp-json\/wp\/v2\/posts\/128001\/revisions"}],"wp:featuredmedia":[{"embeddable":true,"href":"https:\/\/www.europesays.com\/es\/wp-json\/wp\/v2\/media\/128002"}],"wp:attachment":[{"href":"https:\/\/www.europesays.com\/es\/wp-json\/wp\/v2\/media?parent=128001"}],"wp:term":[{"taxonomy":"category","embeddable":true,"href":"https:\/\/www.europesays.com\/es\/wp-json\/wp\/v2\/categories?post=128001"},{"taxonomy":"post_tag","embeddable":true,"href":"https:\/\/www.europesays.com\/es\/wp-json\/wp\/v2\/tags?post=128001"}],"curies":[{"name":"wp","href":"https:\/\/api.w.org\/{rel}","templated":true}]}}