{"id":128005,"date":"2025-09-20T19:15:08","date_gmt":"2025-09-20T19:15:08","guid":{"rendered":"https:\/\/www.europesays.com\/es\/128005\/"},"modified":"2025-09-20T19:15:08","modified_gmt":"2025-09-20T19:15:08","slug":"cardi-b-bate-el-record-guinness-de-entrega-con-drones-de-su-nuevo-album-ha-repartido-ya-mas-de-176-la-razon","status":"publish","type":"post","link":"https:\/\/www.europesays.com\/es\/128005\/","title":{"rendered":"Cardi B bate el record Guinness de entrega con drones de su nuevo \u00e1lbum: ha repartido ya m\u00e1s de 176 &#8211; La Raz\u00f3n"},"content":{"rendered":"<ol>\n<li><a href=\"https:\/\/news.google.com\/rss\/articles\/CBMi2wFBVV95cUxPTXJRRUxiMGNZQUJLMHZ2SWY1NkcteGhHNnVHS254UzVybDh1a1ZTVlZDMlZDZVBJQ0ZYMEpSb2VvLTd6Mk5XeXZDYnhHYVBONnNCVjdDdE9TcDllTVRwSEd6X05TU2Etc1JQaXppME1QT2N5aWZ0ZkpoTjhYQnZCUzBZRkkxU2ZjOWhrUmZnbzZxaDgwQW9uajU0aFQ2Tm1Yc2dsTTRBQTdKUlNya2FHYUNDc1dqYk5vZklSUUw4Q282aHdhazFuZlEyNWN1SEs4WXhGUVpqQXBNRDDSAe8BQVVfeXFMUG4wLWZTM3Q4MjhCTE5tWjhkXy1SZkVVaEdHS2Q0eW03am5sMmZySl8tQXgyZ1pSQ0VDRlBKc1hhV3FFQUlDMlFMN3ZBMWhBR0RxcEtwYUZIN0JObXdjMnpZZmJuUEdCTFpxdjF0NUZEU09aSFY2Sm1Nak4yOHUwNzdRRjVnczBBQUxCYzZ5aEF3N2I2ekpuVGN4dk4yRWlta3p0ZDdSVlZUX29tcnA0bkxPUmp1VDdjSXZMLWViUVBmZDZ3aG5iZ1JYTlJwbmVBMmRRRzRyWTZPdEIyNHF2V2R3YmZoc3ZaajhISjBRN0E?oc=5\" target=\"_blank\" rel=\"nofollow noopener\">Cardi B bate el record Guinness de entrega con drones de su nuevo \u00e1lbum: ha repartido ya m\u00e1s de 176<\/a>&nbsp;&nbsp;La Raz\u00f3n<\/li>\n<li><a href=\"https:\/\/news.google.com\/rss\/articles\/CBMi5AFBVV95cUxOVHZKcEs2M2ZZUlA5c1ViVk9zR3FiaFlTaEs0LVVrVUFvenhoM0xTNjlmaVBPWlFFTFdlZUtvTTU4UmdvTk12UjRoaElpVDhJRDh0Rjh0MkhXLUpWUzc2LXFzdmFJYXVjT2dSTFVVby1lTzhGSEE0SXM4OHhDLVAyOFBISGpWZEVQU1Z4U1Y0amlQVmptMW1tcDhpd1pPYUNyR1p4dWo2TmZXT2g4RWw2X3hteGNndzNsLUY0cklsSGk3TzNseURlQlQxQUJHRHcyQzIzRUljd1dRTkhFeEJtdWJ1NEc?oc=5\" target=\"_blank\" rel=\"nofollow noopener\">Los discos de la semana: Por fin, el \u00abdrama\u00bb de la Cardi B m\u00e1s c\u00f3mica y surrealista<\/a>&nbsp;&nbsp;MSN<\/li>\n<li><a href=\"https:\/\/news.google.com\/rss\/articles\/CBMi0gFBVV95cUxQQlpqRFhUekw3OEVVTXJ6alI3cnhLYWZvN1NaZTVTS3J6SThlUk1ZZ3FaaktGZFlNMUJrZnkyRnhzN1U1TmVLa0R6dUFqV05Wa0o1VjU2TUNsTkpTTC12czl0RTB4NEpKV0xQamtPY3Q1bE5mTzFreWFaUGFWVzRWNGJNeFlod2NJMXREZEJacnJ3bENMTy0ydGpwN3FDNlA0eDVnMHJGdkJscGJjM0lEN0tKdlZPeXlEbmtRYm9YVWFWX1hpT0NyYlFESzBvYlgxVHc?oc=5\" target=\"_blank\" rel=\"nofollow noopener\">El \u00e1lbum Sterler Rollout ha roto a Cardy B. Guinness World Records a medida que contin\u00faa<\/a>&nbsp;&nbsp;noticiashuesca.com<\/li>\n<li><a href=\"https:\/\/news.google.com\/rss\/articles\/CBMifkFVX3lxTFB4T1l6aUQ4YmFOODNoaXFSOXlPUFlRcy0xNVB5U3ZFNTNxd0xfZ285VGt4cEhsNjB4V3NpQlNVS1Q4X3Q1RmxXRmx0bFYwWnpxcjctSC1Rblk3S0dtQU1EMFRpX1R1UFFfU3BldFRFRHZ3Q29YZTRHRExXZmZFdw?oc=5\" target=\"_blank\" rel=\"nofollow noopener\">Cardi B regresa con su segundo \u00e1lbum: \u00abAm I the Drama?\u00bb<\/a>&nbsp;&nbsp;HIGHXTAR.<\/li>\n<\/ol>\n","protected":false},"excerpt":{"rendered":"Cardi B bate el record Guinness de entrega con drones de su nuevo \u00e1lbum: ha repartido ya m\u00e1s&hellip;\n","protected":false},"author":2,"featured_media":128006,"comment_status":"","ping_status":"","sticky":false,"template":"","format":"standard","meta":{"footnotes":""},"categories":[170],"tags":[146,147,25,24,184,185,23],"class_list":{"0":"post-128005","1":"post","2":"type-post","3":"status-publish","4":"format-standard","5":"has-post-thumbnail","7":"category-musica","8":"tag-entertainment","9":"tag-entretenimiento","10":"tag-es","11":"tag-espana","12":"tag-music","13":"tag-musica","14":"tag-spain"},"share_on_mastodon":{"url":"","error":""},"_links":{"self":[{"href":"https:\/\/www.europesays.com\/es\/wp-json\/wp\/v2\/posts\/128005","targetHints":{"allow":["GET"]}}],"collection":[{"href":"https:\/\/www.europesays.com\/es\/wp-json\/wp\/v2\/posts"}],"about":[{"href":"https:\/\/www.europesays.com\/es\/wp-json\/wp\/v2\/types\/post"}],"author":[{"embeddable":true,"href":"https:\/\/www.europesays.com\/es\/wp-json\/wp\/v2\/users\/2"}],"replies":[{"embeddable":true,"href":"https:\/\/www.europesays.com\/es\/wp-json\/wp\/v2\/comments?post=128005"}],"version-history":[{"count":0,"href":"https:\/\/www.europesays.com\/es\/wp-json\/wp\/v2\/posts\/128005\/revisions"}],"wp:featuredmedia":[{"embeddable":true,"href":"https:\/\/www.europesays.com\/es\/wp-json\/wp\/v2\/media\/128006"}],"wp:attachment":[{"href":"https:\/\/www.europesays.com\/es\/wp-json\/wp\/v2\/media?parent=128005"}],"wp:term":[{"taxonomy":"category","embeddable":true,"href":"https:\/\/www.europesays.com\/es\/wp-json\/wp\/v2\/categories?post=128005"},{"taxonomy":"post_tag","embeddable":true,"href":"https:\/\/www.europesays.com\/es\/wp-json\/wp\/v2\/tags?post=128005"}],"curies":[{"name":"wp","href":"https:\/\/api.w.org\/{rel}","templated":true}]}}